{"id":10881,"date":"2024-06-28T16:28:53","date_gmt":"2024-06-28T14:28:53","guid":{"rendered":"https:\/\/www.zst.suwalki.pl\/www\/?p=10881"},"modified":"2024-07-03T18:45:53","modified_gmt":"2024-07-03T16:45:53","slug":"egzaminy-poprawkowe-2023-2024","status":"publish","type":"post","link":"https:\/\/www.zst.suwalki.pl\/www\/egzaminy-poprawkowe-2023-2024\/","title":{"rendered":"Egzaminy poprawkowe 2023\/2024"},"content":{"rendered":"<p><strong>Harmonogram egzamin\u00f3w poprawkowych w Zespole Szk\u00f3\u0142 Technicznych w Suwa\u0142kach w roku szkolnym 2023\/2024<\/strong><\/p>\n<p><strong>I. MATEMATYKA \u2013 26.08.2024 r. (poniedzia\u0142ek)<\/strong><br \/>\n1) cz\u0119\u015b\u0107 pisemna: godz. 8.00 \u2013 8.45<br \/>\n2) cz\u0119\u015b\u0107 ustna: od godz. 9.30<\/p>\n<p>2 EL, 1 TBA, 2 TGA, 2 TBA, 2 TGB, 2 TA, 2 TM, 2 TI \u2013 s. 201<\/p>\n<p>Komisja: Bart\u0142omiej Miko\u0142ajczyk \u2013 przewodnicz\u0105cy komisji<br \/>\nAndrzej Jurgielewicz \u2013 egzaminator<br \/>\n\u0141ukasz Erenc \u2013 egzaminator<\/p>\n<p>1 TGA, 1 TBB, 1 TM, 3 TM, 3 TA, 4 TB, 2 TMR, 3 TMR, 3 TG, 3 TB, 4 TA, 4 TMR, 4 TM \u2013 s. 101<\/p>\n<p>Komisja: Dorota Kossa-Szoch \u2013 przewodnicz\u0105ca komisji<br \/>\nGra\u017cyna Mazalewska \u2013 egzaminator<br \/>\nJowita Radziszewska \u2013 egzaminator<br \/>\nMarzena Chmielewska \u2013 egzaminator<\/p>\n<p><strong>II. J\u0118ZYK POLSKI \u2013 27.08.2024 r. (wtorek)<\/strong><br \/>\n1) cz\u0119\u015b\u0107 pisemna: godz. 8.00. \u2013 8.45<br \/>\n2) cz\u0119\u015b\u0107 ustna: od godz. 9.30<\/p>\n<p>1 TMR, 3 TMR, 4 TA, 4 TI, 4 TM, 4 TB \u2013 s. 101<\/p>\n<p>Komisja: Lech Boniszewski \u2013 przewodnicz\u0105cy komisji<br \/>\nMagdalena Ja\u015bkiewicz \u2013 egzaminator<br \/>\nHubert Stojanowski \u2013 egzaminator<\/p>\n<p>4 TMR, 3 TG \u2013 s. 201<br \/>\nKomisja: Dorota Kossa-Szoch \u2013 przewodnicz\u0105ca komisji<br \/>\nMagdalena Siwko \u2013 egzaminator<br \/>\nRafa\u0142 Jaczewski \u2013 egzaminator<\/p>\n<p><strong>III. J\u0118ZYK ANGIELSKI \u2013 28.08.2024 r. (\u015broda)<\/strong><br \/>\n1) cz\u0119\u015b\u0107 pisemna: godz. 8.00. \u2013 8.45<br \/>\n2) cz\u0119\u015b\u0107 ustna: od godz. 9.30<\/p>\n<p>1 TBA, 1 TM, 2 TGB, 2 TMR, 3 TG, 3 TM, 4 TM, 1 MM, 1 MZ, 1 wzB, 2 wzA, 2 EL &#8211; s. 201<\/p>\n<p>Komisja: Bart\u0142omiej Miko\u0142ajczyk \u2013 przewodnicz\u0105cy komisji<br \/>\nAnna Bogucka \u2013 egzaminator<br \/>\nAnna Lisowska \u2013 egzaminator<br \/>\nLidia Lubbe \u2013 egzaminator<br \/>\nEdyta Radaszkiewicz \u2013 egzaminator<br \/>\nEdyta \u015aliwi\u0144ska \u2013 egzaminator<br \/>\nBeata Rogalska-Balita \u2013 egzaminator<\/p>\n<p><strong>IV. HISTORIA \u2013 28.08.2024 r. (\u015broda)<\/strong><br \/>\n1) cz\u0119\u015b\u0107 pisemna: godz. 13.00 \u2013 13.45<br \/>\n2) cz\u0119\u015b\u0107 ustna: od godz. 14.00<\/p>\n<p>1 TGA &#8211; s. 101<br \/>\nKomisja: Dorota Kossa-Szoch \u2013 przewodnicz\u0105ca komisji<br \/>\nJolanta Kosmowska \u2013 egzaminator<br \/>\nMaciej Filipczuk \u2013 egzaminator<\/p>\n<p><strong>V. PODSTAWY MECHATRONIKI \u2013 28.08.2024 r. (\u015broda)<\/strong><\/p>\n<p>1) cz\u0119\u015b\u0107 pisemna: godz. 13.00 \u2013 13.45<br \/>\n2) cz\u0119\u015b\u0107 ustna: od godz. 14.00<\/p>\n<p>1 TMR &#8211; s. 201<br \/>\nKomisja: Bart\u0142omiej Miko\u0142ajczyk \u2013 przewodnicz\u0105cy komisji<br \/>\nAneta Kuczy\u0144ska \u2013 egzaminator<br \/>\nMariusz Misiukiewicz \u2013 egzaminator<\/p>\n<p><strong>VI. BIOLOGIA \u2013 28.08.2024 r. (\u015broda)<\/strong><\/p>\n<p>1) cz\u0119\u015b\u0107 pisemna: godz. 13.00 \u2013 13.45<br \/>\n2) cz\u0119\u015b\u0107 ustna: od godz. 14.15<\/p>\n<p>2 TBB, 2TGA, 3 TG, 3 TM, 3 TA &#8211; s. 202<br \/>\nKomisja: Lech Boniszewski \u2013 przewodnicz\u0105cy komisji<br \/>\nMicha\u0142 Ratomski \u2013 egzaminator<br \/>\nBogus\u0142awa Pigiel \u2013 egzaminator<\/p>\n<p>Szczeg\u00f3\u0142owy harmonogram egzamin\u00f3w poprawkowych znajduje si\u0119 w sekretariacie uczniowskim (pok\u00f3j nr 5) oraz sekretariacie szko\u0142y (pok\u00f3j nr 7).<\/p>\n","protected":false},"excerpt":{"rendered":"<p>Harmonogram egzamin\u00f3w poprawkowych w Zespole Szk\u00f3\u0142 Technicznych w Suwa\u0142kach w roku szkolnym 2023\/2024 I. MATEMATYKA \u2013 26.08.2024 r. (poniedzia\u0142ek) 1) cz\u0119\u015b\u0107 pisemna: godz. 8.00 \u2013 8.45 2) cz\u0119\u015b\u0107 ustna: od&hellip;<\/p>\n","protected":false},"author":1,"featured_media":7196,"comment_status":"closed","ping_status":"open","sticky":false,"template":"","format":"standard","meta":{"_crdt_document":"","footnotes":""},"categories":[38,3],"tags":[],"class_list":["post-10881","post","type-post","status-publish","format-standard","has-post-thumbnail","hentry","category-ogloszenia-i-komunikaty","category-szkola"],"yoast_head":"<!-- This site is optimized with the Yoast SEO plugin v27.5 - https:\/\/yoast.com\/product\/yoast-seo-wordpress\/ -->\n<title>Egzaminy poprawkowe 2023\/2024 - Zesp\u00f3\u0142 Szk\u00f3\u0142 Technicznych w Suwa\u0142kach<\/title>\n<meta name=\"robots\" content=\"index, follow, max-snippet:-1, max-image-preview:large, max-video-preview:-1\" \/>\n<link rel=\"canonical\" href=\"https:\/\/www.zst.suwalki.pl\/www\/egzaminy-poprawkowe-2023-2024\/\" \/>\n<meta property=\"og:locale\" content=\"pl_PL\" \/>\n<meta property=\"og:type\" content=\"article\" \/>\n<meta property=\"og:title\" content=\"Egzaminy poprawkowe 2023\/2024 - Zesp\u00f3\u0142 Szk\u00f3\u0142 Technicznych w Suwa\u0142kach\" \/>\n<meta property=\"og:description\" content=\"Harmonogram egzamin\u00f3w poprawkowych w Zespole Szk\u00f3\u0142 Technicznych w Suwa\u0142kach w roku szkolnym 2023\/2024 I. MATEMATYKA \u2013 26.08.2024 r. (poniedzia\u0142ek) 1) cz\u0119\u015b\u0107 pisemna: godz. 8.00 \u2013 8.45 2) cz\u0119\u015b\u0107 ustna: od&hellip;\" \/>\n<meta property=\"og:url\" content=\"https:\/\/www.zst.suwalki.pl\/www\/egzaminy-poprawkowe-2023-2024\/\" \/>\n<meta property=\"og:site_name\" content=\"Zesp\u00f3\u0142 Szk\u00f3\u0142 Technicznych w Suwa\u0142kach\" \/>\n<meta property=\"article:publisher\" content=\"https:\/\/www.facebook.com\/zstwsuwalkach\" \/>\n<meta property=\"article:published_time\" content=\"2024-06-28T14:28:53+00:00\" \/>\n<meta property=\"article:modified_time\" content=\"2024-07-03T16:45:53+00:00\" \/>\n<meta property=\"og:image\" content=\"https:\/\/www.zst.suwalki.pl\/www\/wp-content\/uploads\/2022\/07\/zst_suwalki_ludziki-1024x634-1.jpg\" \/>\n\t<meta property=\"og:image:width\" content=\"1024\" \/>\n\t<meta property=\"og:image:height\" content=\"634\" \/>\n\t<meta property=\"og:image:type\" content=\"image\/jpeg\" \/>\n<meta name=\"author\" content=\"Tomasz Deresz\" \/>\n<meta name=\"twitter:card\" content=\"summary_large_image\" \/>\n<meta name=\"twitter:label1\" content=\"Napisane przez\" \/>\n\t<meta name=\"twitter:data1\" content=\"Tomasz Deresz\" \/>\n\t<meta name=\"twitter:label2\" content=\"Szacowany czas czytania\" \/>\n\t<meta name=\"twitter:data2\" content=\"1 minuta\" \/>\n<script type=\"application\/ld+json\" class=\"yoast-schema-graph\">{\"@context\":\"https:\\\/\\\/schema.org\",\"@graph\":[{\"@type\":\"Article\",\"@id\":\"https:\\\/\\\/www.zst.suwalki.pl\\\/www\\\/egzaminy-poprawkowe-2023-2024\\\/#article\",\"isPartOf\":{\"@id\":\"https:\\\/\\\/www.zst.suwalki.pl\\\/www\\\/egzaminy-poprawkowe-2023-2024\\\/\"},\"author\":{\"name\":\"Tomasz Deresz\",\"@id\":\"https:\\\/\\\/www.zst.suwalki.pl\\\/www\\\/#\\\/schema\\\/person\\\/a693916fbc90629c6c30effca66fe605\"},\"headline\":\"Egzaminy poprawkowe 2023\\\/2024\",\"datePublished\":\"2024-06-28T14:28:53+00:00\",\"dateModified\":\"2024-07-03T16:45:53+00:00\",\"mainEntityOfPage\":{\"@id\":\"https:\\\/\\\/www.zst.suwalki.pl\\\/www\\\/egzaminy-poprawkowe-2023-2024\\\/\"},\"wordCount\":291,\"publisher\":{\"@id\":\"https:\\\/\\\/www.zst.suwalki.pl\\\/www\\\/#organization\"},\"image\":{\"@id\":\"https:\\\/\\\/www.zst.suwalki.pl\\\/www\\\/egzaminy-poprawkowe-2023-2024\\\/#primaryimage\"},\"thumbnailUrl\":\"https:\\\/\\\/www.zst.suwalki.pl\\\/www\\\/wp-content\\\/uploads\\\/2022\\\/07\\\/zst_suwalki_ludziki-1024x634-1.jpg\",\"articleSection\":[\"Og\u0142oszenia i komunikaty\",\"Szko\u0142a\"],\"inLanguage\":\"pl-PL\"},{\"@type\":\"WebPage\",\"@id\":\"https:\\\/\\\/www.zst.suwalki.pl\\\/www\\\/egzaminy-poprawkowe-2023-2024\\\/\",\"url\":\"https:\\\/\\\/www.zst.suwalki.pl\\\/www\\\/egzaminy-poprawkowe-2023-2024\\\/\",\"name\":\"Egzaminy poprawkowe 2023\\\/2024 - Zesp\u00f3\u0142 Szk\u00f3\u0142 Technicznych w Suwa\u0142kach\",\"isPartOf\":{\"@id\":\"https:\\\/\\\/www.zst.suwalki.pl\\\/www\\\/#website\"},\"primaryImageOfPage\":{\"@id\":\"https:\\\/\\\/www.zst.suwalki.pl\\\/www\\\/egzaminy-poprawkowe-2023-2024\\\/#primaryimage\"},\"image\":{\"@id\":\"https:\\\/\\\/www.zst.suwalki.pl\\\/www\\\/egzaminy-poprawkowe-2023-2024\\\/#primaryimage\"},\"thumbnailUrl\":\"https:\\\/\\\/www.zst.suwalki.pl\\\/www\\\/wp-content\\\/uploads\\\/2022\\\/07\\\/zst_suwalki_ludziki-1024x634-1.jpg\",\"datePublished\":\"2024-06-28T14:28:53+00:00\",\"dateModified\":\"2024-07-03T16:45:53+00:00\",\"breadcrumb\":{\"@id\":\"https:\\\/\\\/www.zst.suwalki.pl\\\/www\\\/egzaminy-poprawkowe-2023-2024\\\/#breadcrumb\"},\"inLanguage\":\"pl-PL\",\"potentialAction\":[{\"@type\":\"ReadAction\",\"target\":[\"https:\\\/\\\/www.zst.suwalki.pl\\\/www\\\/egzaminy-poprawkowe-2023-2024\\\/\"]}]},{\"@type\":\"ImageObject\",\"inLanguage\":\"pl-PL\",\"@id\":\"https:\\\/\\\/www.zst.suwalki.pl\\\/www\\\/egzaminy-poprawkowe-2023-2024\\\/#primaryimage\",\"url\":\"https:\\\/\\\/www.zst.suwalki.pl\\\/www\\\/wp-content\\\/uploads\\\/2022\\\/07\\\/zst_suwalki_ludziki-1024x634-1.jpg\",\"contentUrl\":\"https:\\\/\\\/www.zst.suwalki.pl\\\/www\\\/wp-content\\\/uploads\\\/2022\\\/07\\\/zst_suwalki_ludziki-1024x634-1.jpg\",\"width\":1024,\"height\":634},{\"@type\":\"BreadcrumbList\",\"@id\":\"https:\\\/\\\/www.zst.suwalki.pl\\\/www\\\/egzaminy-poprawkowe-2023-2024\\\/#breadcrumb\",\"itemListElement\":[{\"@type\":\"ListItem\",\"position\":1,\"name\":\"Strona g\u0142\u00f3wna\",\"item\":\"https:\\\/\\\/www.zst.suwalki.pl\\\/www\\\/\"},{\"@type\":\"ListItem\",\"position\":2,\"name\":\"Egzaminy poprawkowe 2023\\\/2024\"}]},{\"@type\":\"WebSite\",\"@id\":\"https:\\\/\\\/www.zst.suwalki.pl\\\/www\\\/#website\",\"url\":\"https:\\\/\\\/www.zst.suwalki.pl\\\/www\\\/\",\"name\":\"Zesp\u00f3\u0142 Szk\u00f3\u0142 Technicznych w Suwa\u0142kach\",\"description\":\"technikum, suwa\u0142ki, mechatronik, informatyk, teleinformatyk, budownictwo, elektryk, mechanik, monter, fryzjer, cukiernik, grafik,\",\"publisher\":{\"@id\":\"https:\\\/\\\/www.zst.suwalki.pl\\\/www\\\/#organization\"},\"potentialAction\":[{\"@type\":\"SearchAction\",\"target\":{\"@type\":\"EntryPoint\",\"urlTemplate\":\"https:\\\/\\\/www.zst.suwalki.pl\\\/www\\\/?s={search_term_string}\"},\"query-input\":{\"@type\":\"PropertyValueSpecification\",\"valueRequired\":true,\"valueName\":\"search_term_string\"}}],\"inLanguage\":\"pl-PL\"},{\"@type\":\"Organization\",\"@id\":\"https:\\\/\\\/www.zst.suwalki.pl\\\/www\\\/#organization\",\"name\":\"Zesp\u00f3\u0142 Szk\u00f3\u0142 Technicznych w Suwa\u0142kach\",\"url\":\"https:\\\/\\\/www.zst.suwalki.pl\\\/www\\\/\",\"logo\":{\"@type\":\"ImageObject\",\"inLanguage\":\"pl-PL\",\"@id\":\"https:\\\/\\\/www.zst.suwalki.pl\\\/www\\\/#\\\/schema\\\/logo\\\/image\\\/\",\"url\":\"https:\\\/\\\/www.zst.suwalki.pl\\\/www\\\/wp-content\\\/uploads\\\/2019\\\/01\\\/cropped-banner_logo_zst.png\",\"contentUrl\":\"https:\\\/\\\/www.zst.suwalki.pl\\\/www\\\/wp-content\\\/uploads\\\/2019\\\/01\\\/cropped-banner_logo_zst.png\",\"width\":290,\"height\":70,\"caption\":\"Zesp\u00f3\u0142 Szk\u00f3\u0142 Technicznych w Suwa\u0142kach\"},\"image\":{\"@id\":\"https:\\\/\\\/www.zst.suwalki.pl\\\/www\\\/#\\\/schema\\\/logo\\\/image\\\/\"},\"sameAs\":[\"https:\\\/\\\/www.facebook.com\\\/zstwsuwalkach\"]},{\"@type\":\"Person\",\"@id\":\"https:\\\/\\\/www.zst.suwalki.pl\\\/www\\\/#\\\/schema\\\/person\\\/a693916fbc90629c6c30effca66fe605\",\"name\":\"Tomasz Deresz\",\"image\":{\"@type\":\"ImageObject\",\"inLanguage\":\"pl-PL\",\"@id\":\"https:\\\/\\\/secure.gravatar.com\\\/avatar\\\/ca6c0c988daa8a591856abfc4246eb9a06085f661c1370f2187d4efb3ccc4604?s=96&d=mm&r=g\",\"url\":\"https:\\\/\\\/secure.gravatar.com\\\/avatar\\\/ca6c0c988daa8a591856abfc4246eb9a06085f661c1370f2187d4efb3ccc4604?s=96&d=mm&r=g\",\"contentUrl\":\"https:\\\/\\\/secure.gravatar.com\\\/avatar\\\/ca6c0c988daa8a591856abfc4246eb9a06085f661c1370f2187d4efb3ccc4604?s=96&d=mm&r=g\",\"caption\":\"Tomasz Deresz\"},\"url\":\"https:\\\/\\\/www.zst.suwalki.pl\\\/www\\\/author\\\/tomy\\\/\"}]}<\/script>\n<!-- \/ Yoast SEO plugin. -->","yoast_head_json":{"title":"Egzaminy poprawkowe 2023\/2024 - Zesp\u00f3\u0142 Szk\u00f3\u0142 Technicznych w Suwa\u0142kach","robots":{"index":"index","follow":"follow","max-snippet":"max-snippet:-1","max-image-preview":"max-image-preview:large","max-video-preview":"max-video-preview:-1"},"canonical":"https:\/\/www.zst.suwalki.pl\/www\/egzaminy-poprawkowe-2023-2024\/","og_locale":"pl_PL","og_type":"article","og_title":"Egzaminy poprawkowe 2023\/2024 - Zesp\u00f3\u0142 Szk\u00f3\u0142 Technicznych w Suwa\u0142kach","og_description":"Harmonogram egzamin\u00f3w poprawkowych w Zespole Szk\u00f3\u0142 Technicznych w Suwa\u0142kach w roku szkolnym 2023\/2024 I. MATEMATYKA \u2013 26.08.2024 r. (poniedzia\u0142ek) 1) cz\u0119\u015b\u0107 pisemna: godz. 8.00 \u2013 8.45 2) cz\u0119\u015b\u0107 ustna: od&hellip;","og_url":"https:\/\/www.zst.suwalki.pl\/www\/egzaminy-poprawkowe-2023-2024\/","og_site_name":"Zesp\u00f3\u0142 Szk\u00f3\u0142 Technicznych w Suwa\u0142kach","article_publisher":"https:\/\/www.facebook.com\/zstwsuwalkach","article_published_time":"2024-06-28T14:28:53+00:00","article_modified_time":"2024-07-03T16:45:53+00:00","og_image":[{"width":1024,"height":634,"url":"https:\/\/www.zst.suwalki.pl\/www\/wp-content\/uploads\/2022\/07\/zst_suwalki_ludziki-1024x634-1.jpg","type":"image\/jpeg"}],"author":"Tomasz Deresz","twitter_card":"summary_large_image","twitter_misc":{"Napisane przez":"Tomasz Deresz","Szacowany czas czytania":"1 minuta"},"schema":{"@context":"https:\/\/schema.org","@graph":[{"@type":"Article","@id":"https:\/\/www.zst.suwalki.pl\/www\/egzaminy-poprawkowe-2023-2024\/#article","isPartOf":{"@id":"https:\/\/www.zst.suwalki.pl\/www\/egzaminy-poprawkowe-2023-2024\/"},"author":{"name":"Tomasz Deresz","@id":"https:\/\/www.zst.suwalki.pl\/www\/#\/schema\/person\/a693916fbc90629c6c30effca66fe605"},"headline":"Egzaminy poprawkowe 2023\/2024","datePublished":"2024-06-28T14:28:53+00:00","dateModified":"2024-07-03T16:45:53+00:00","mainEntityOfPage":{"@id":"https:\/\/www.zst.suwalki.pl\/www\/egzaminy-poprawkowe-2023-2024\/"},"wordCount":291,"publisher":{"@id":"https:\/\/www.zst.suwalki.pl\/www\/#organization"},"image":{"@id":"https:\/\/www.zst.suwalki.pl\/www\/egzaminy-poprawkowe-2023-2024\/#primaryimage"},"thumbnailUrl":"https:\/\/www.zst.suwalki.pl\/www\/wp-content\/uploads\/2022\/07\/zst_suwalki_ludziki-1024x634-1.jpg","articleSection":["Og\u0142oszenia i komunikaty","Szko\u0142a"],"inLanguage":"pl-PL"},{"@type":"WebPage","@id":"https:\/\/www.zst.suwalki.pl\/www\/egzaminy-poprawkowe-2023-2024\/","url":"https:\/\/www.zst.suwalki.pl\/www\/egzaminy-poprawkowe-2023-2024\/","name":"Egzaminy poprawkowe 2023\/2024 - Zesp\u00f3\u0142 Szk\u00f3\u0142 Technicznych w Suwa\u0142kach","isPartOf":{"@id":"https:\/\/www.zst.suwalki.pl\/www\/#website"},"primaryImageOfPage":{"@id":"https:\/\/www.zst.suwalki.pl\/www\/egzaminy-poprawkowe-2023-2024\/#primaryimage"},"image":{"@id":"https:\/\/www.zst.suwalki.pl\/www\/egzaminy-poprawkowe-2023-2024\/#primaryimage"},"thumbnailUrl":"https:\/\/www.zst.suwalki.pl\/www\/wp-content\/uploads\/2022\/07\/zst_suwalki_ludziki-1024x634-1.jpg","datePublished":"2024-06-28T14:28:53+00:00","dateModified":"2024-07-03T16:45:53+00:00","breadcrumb":{"@id":"https:\/\/www.zst.suwalki.pl\/www\/egzaminy-poprawkowe-2023-2024\/#breadcrumb"},"inLanguage":"pl-PL","potentialAction":[{"@type":"ReadAction","target":["https:\/\/www.zst.suwalki.pl\/www\/egzaminy-poprawkowe-2023-2024\/"]}]},{"@type":"ImageObject","inLanguage":"pl-PL","@id":"https:\/\/www.zst.suwalki.pl\/www\/egzaminy-poprawkowe-2023-2024\/#primaryimage","url":"https:\/\/www.zst.suwalki.pl\/www\/wp-content\/uploads\/2022\/07\/zst_suwalki_ludziki-1024x634-1.jpg","contentUrl":"https:\/\/www.zst.suwalki.pl\/www\/wp-content\/uploads\/2022\/07\/zst_suwalki_ludziki-1024x634-1.jpg","width":1024,"height":634},{"@type":"BreadcrumbList","@id":"https:\/\/www.zst.suwalki.pl\/www\/egzaminy-poprawkowe-2023-2024\/#breadcrumb","itemListElement":[{"@type":"ListItem","position":1,"name":"Strona g\u0142\u00f3wna","item":"https:\/\/www.zst.suwalki.pl\/www\/"},{"@type":"ListItem","position":2,"name":"Egzaminy poprawkowe 2023\/2024"}]},{"@type":"WebSite","@id":"https:\/\/www.zst.suwalki.pl\/www\/#website","url":"https:\/\/www.zst.suwalki.pl\/www\/","name":"Zesp\u00f3\u0142 Szk\u00f3\u0142 Technicznych w Suwa\u0142kach","description":"technikum, suwa\u0142ki, mechatronik, informatyk, teleinformatyk, budownictwo, elektryk, mechanik, monter, fryzjer, cukiernik, grafik,","publisher":{"@id":"https:\/\/www.zst.suwalki.pl\/www\/#organization"},"potentialAction":[{"@type":"SearchAction","target":{"@type":"EntryPoint","urlTemplate":"https:\/\/www.zst.suwalki.pl\/www\/?s={search_term_string}"},"query-input":{"@type":"PropertyValueSpecification","valueRequired":true,"valueName":"search_term_string"}}],"inLanguage":"pl-PL"},{"@type":"Organization","@id":"https:\/\/www.zst.suwalki.pl\/www\/#organization","name":"Zesp\u00f3\u0142 Szk\u00f3\u0142 Technicznych w Suwa\u0142kach","url":"https:\/\/www.zst.suwalki.pl\/www\/","logo":{"@type":"ImageObject","inLanguage":"pl-PL","@id":"https:\/\/www.zst.suwalki.pl\/www\/#\/schema\/logo\/image\/","url":"https:\/\/www.zst.suwalki.pl\/www\/wp-content\/uploads\/2019\/01\/cropped-banner_logo_zst.png","contentUrl":"https:\/\/www.zst.suwalki.pl\/www\/wp-content\/uploads\/2019\/01\/cropped-banner_logo_zst.png","width":290,"height":70,"caption":"Zesp\u00f3\u0142 Szk\u00f3\u0142 Technicznych w Suwa\u0142kach"},"image":{"@id":"https:\/\/www.zst.suwalki.pl\/www\/#\/schema\/logo\/image\/"},"sameAs":["https:\/\/www.facebook.com\/zstwsuwalkach"]},{"@type":"Person","@id":"https:\/\/www.zst.suwalki.pl\/www\/#\/schema\/person\/a693916fbc90629c6c30effca66fe605","name":"Tomasz Deresz","image":{"@type":"ImageObject","inLanguage":"pl-PL","@id":"https:\/\/secure.gravatar.com\/avatar\/ca6c0c988daa8a591856abfc4246eb9a06085f661c1370f2187d4efb3ccc4604?s=96&d=mm&r=g","url":"https:\/\/secure.gravatar.com\/avatar\/ca6c0c988daa8a591856abfc4246eb9a06085f661c1370f2187d4efb3ccc4604?s=96&d=mm&r=g","contentUrl":"https:\/\/secure.gravatar.com\/avatar\/ca6c0c988daa8a591856abfc4246eb9a06085f661c1370f2187d4efb3ccc4604?s=96&d=mm&r=g","caption":"Tomasz Deresz"},"url":"https:\/\/www.zst.suwalki.pl\/www\/author\/tomy\/"}]}},"_links":{"self":[{"href":"https:\/\/www.zst.suwalki.pl\/www\/wp-json\/wp\/v2\/posts\/10881","targetHints":{"allow":["GET"]}}],"collection":[{"href":"https:\/\/www.zst.suwalki.pl\/www\/wp-json\/wp\/v2\/posts"}],"about":[{"href":"https:\/\/www.zst.suwalki.pl\/www\/wp-json\/wp\/v2\/types\/post"}],"author":[{"embeddable":true,"href":"https:\/\/www.zst.suwalki.pl\/www\/wp-json\/wp\/v2\/users\/1"}],"replies":[{"embeddable":true,"href":"https:\/\/www.zst.suwalki.pl\/www\/wp-json\/wp\/v2\/comments?post=10881"}],"version-history":[{"count":3,"href":"https:\/\/www.zst.suwalki.pl\/www\/wp-json\/wp\/v2\/posts\/10881\/revisions"}],"predecessor-version":[{"id":10885,"href":"https:\/\/www.zst.suwalki.pl\/www\/wp-json\/wp\/v2\/posts\/10881\/revisions\/10885"}],"wp:featuredmedia":[{"embeddable":true,"href":"https:\/\/www.zst.suwalki.pl\/www\/wp-json\/wp\/v2\/media\/7196"}],"wp:attachment":[{"href":"https:\/\/www.zst.suwalki.pl\/www\/wp-json\/wp\/v2\/media?parent=10881"}],"wp:term":[{"taxonomy":"category","embeddable":true,"href":"https:\/\/www.zst.suwalki.pl\/www\/wp-json\/wp\/v2\/categories?post=10881"},{"taxonomy":"post_tag","embeddable":true,"href":"https:\/\/www.zst.suwalki.pl\/www\/wp-json\/wp\/v2\/tags?post=10881"}],"curies":[{"name":"wp","href":"https:\/\/api.w.org\/{rel}","templated":true}]}}