{"id":10931,"date":"2024-09-05T08:39:12","date_gmt":"2024-09-05T06:39:12","guid":{"rendered":"https:\/\/www.zst.suwalki.pl\/www\/?p=10931"},"modified":"2024-09-04T14:42:06","modified_gmt":"2024-09-04T12:42:06","slug":"85-rocznica-wybuchu-ii-wojny-swiatowej","status":"publish","type":"post","link":"https:\/\/www.zst.suwalki.pl\/www\/85-rocznica-wybuchu-ii-wojny-swiatowej\/","title":{"rendered":"85. rocznica wybuchu II wojny \u015bwiatowej"},"content":{"rendered":"<p>&#8222;A wi\u0119c wojna!&#8221; &#8211; takie s\u0142owa pop\u0142yn\u0119\u0142y do Polak\u00f3w z rozg\u0142o\u015bni Polskiego Radia wczesnym rankiem 1 wrze\u015bnia 1939 roku. <!--more-->To tego dnia o \u015bwicie niemieckie wojska z trzech stron zaatakowa\u0142y nasz kraj, rozpoczynaj\u0105c w ten spos\u00f3b najwi\u0119kszy konflikt w dziejach \u015bwiata &#8211; II wojn\u0119 \u015bwiatow\u0105! Konflikt, kt\u00f3ry kosztowa\u0142 \u017cycie ponad 6 mln Polak\u00f3w! W miejskich obchodach 85. rocznicy wybuchu II wojny \u015bwiatowej wzi\u0119\u0142a udzia\u0142 nasza delegacja z pocztem sztandarowym na czele.<\/p>\n<div class=\"wp-block-image\"><img fetchpriority=\"high\" decoding=\"async\" class=\"wpa-warning wpa-image-missing-alt alignnone size-large wp-image-10933\" src=\"https:\/\/www.zst.suwalki.pl\/www\/wp-content\/uploads\/2024\/09\/IMG_20240901_114203-768x1024.jpg\" alt=\"\" width=\"640\" height=\"853\" data-warning=\"Missing alt text\" srcset=\"https:\/\/www.zst.suwalki.pl\/www\/wp-content\/uploads\/2024\/09\/IMG_20240901_114203-768x1024.jpg 768w, https:\/\/www.zst.suwalki.pl\/www\/wp-content\/uploads\/2024\/09\/IMG_20240901_114203-225x300.jpg 225w, https:\/\/www.zst.suwalki.pl\/www\/wp-content\/uploads\/2024\/09\/IMG_20240901_114203-1152x1536.jpg 1152w, https:\/\/www.zst.suwalki.pl\/www\/wp-content\/uploads\/2024\/09\/IMG_20240901_114203.jpg 1500w\" sizes=\"(max-width: 640px) 100vw, 640px\" \/><\/div>\n","protected":false},"excerpt":{"rendered":"<p>&#8222;A wi\u0119c wojna!&#8221; &#8211; takie s\u0142owa pop\u0142yn\u0119\u0142y do Polak\u00f3w z rozg\u0142o\u015bni Polskiego Radia wczesnym rankiem 1 wrze\u015bnia 1939 roku.<\/p>\n","protected":false},"author":1,"featured_media":10932,"comment_status":"closed","ping_status":"open","sticky":false,"template":"","format":"standard","meta":{"_crdt_document":"","footnotes":""},"categories":[22,3,16],"tags":[23,6,17],"class_list":["post-10931","post","type-post","status-publish","format-standard","has-post-thumbnail","hentry","category-historia-i-geografia","category-szkola","category-wydarzenia","tag-historia-i-geografia","tag-szkola","tag-wydarzenia"],"yoast_head":"<!-- This site is optimized with the Yoast SEO plugin v27.4 - https:\/\/yoast.com\/product\/yoast-seo-wordpress\/ -->\n<title>85. rocznica wybuchu II wojny \u015bwiatowej - Zesp\u00f3\u0142 Szk\u00f3\u0142 Technicznych w Suwa\u0142kach<\/title>\n<meta name=\"robots\" content=\"index, follow, max-snippet:-1, max-image-preview:large, max-video-preview:-1\" \/>\n<link rel=\"canonical\" href=\"https:\/\/www.zst.suwalki.pl\/www\/85-rocznica-wybuchu-ii-wojny-swiatowej\/\" \/>\n<meta property=\"og:locale\" content=\"pl_PL\" \/>\n<meta property=\"og:type\" content=\"article\" \/>\n<meta property=\"og:title\" content=\"85. rocznica wybuchu II wojny \u015bwiatowej - Zesp\u00f3\u0142 Szk\u00f3\u0142 Technicznych w Suwa\u0142kach\" \/>\n<meta property=\"og:description\" content=\"&#8222;A wi\u0119c wojna!&#8221; &#8211; takie s\u0142owa pop\u0142yn\u0119\u0142y do Polak\u00f3w z rozg\u0142o\u015bni Polskiego Radia wczesnym rankiem 1 wrze\u015bnia 1939 roku.\" \/>\n<meta property=\"og:url\" content=\"https:\/\/www.zst.suwalki.pl\/www\/85-rocznica-wybuchu-ii-wojny-swiatowej\/\" \/>\n<meta property=\"og:site_name\" content=\"Zesp\u00f3\u0142 Szk\u00f3\u0142 Technicznych w Suwa\u0142kach\" \/>\n<meta property=\"article:publisher\" content=\"https:\/\/www.facebook.com\/zstwsuwalkach\" \/>\n<meta property=\"article:published_time\" content=\"2024-09-05T06:39:12+00:00\" \/>\n<meta property=\"og:image\" content=\"https:\/\/www.zst.suwalki.pl\/www\/wp-content\/uploads\/2024\/09\/IMG_20240901_121507.jpg\" \/>\n\t<meta property=\"og:image:width\" content=\"2000\" \/>\n\t<meta property=\"og:image:height\" content=\"1500\" \/>\n\t<meta property=\"og:image:type\" content=\"image\/jpeg\" \/>\n<meta name=\"author\" content=\"Tomasz Deresz\" \/>\n<meta name=\"twitter:card\" content=\"summary_large_image\" \/>\n<meta name=\"twitter:label1\" content=\"Napisane przez\" \/>\n\t<meta name=\"twitter:data1\" content=\"Tomasz Deresz\" \/>\n<script type=\"application\/ld+json\" class=\"yoast-schema-graph\">{\"@context\":\"https:\\\/\\\/schema.org\",\"@graph\":[{\"@type\":\"Article\",\"@id\":\"https:\\\/\\\/www.zst.suwalki.pl\\\/www\\\/85-rocznica-wybuchu-ii-wojny-swiatowej\\\/#article\",\"isPartOf\":{\"@id\":\"https:\\\/\\\/www.zst.suwalki.pl\\\/www\\\/85-rocznica-wybuchu-ii-wojny-swiatowej\\\/\"},\"author\":{\"name\":\"Tomasz Deresz\",\"@id\":\"https:\\\/\\\/www.zst.suwalki.pl\\\/www\\\/#\\\/schema\\\/person\\\/a693916fbc90629c6c30effca66fe605\"},\"headline\":\"85. rocznica wybuchu II wojny \u015bwiatowej\",\"datePublished\":\"2024-09-05T06:39:12+00:00\",\"mainEntityOfPage\":{\"@id\":\"https:\\\/\\\/www.zst.suwalki.pl\\\/www\\\/85-rocznica-wybuchu-ii-wojny-swiatowej\\\/\"},\"wordCount\":87,\"publisher\":{\"@id\":\"https:\\\/\\\/www.zst.suwalki.pl\\\/www\\\/#organization\"},\"image\":{\"@id\":\"https:\\\/\\\/www.zst.suwalki.pl\\\/www\\\/85-rocznica-wybuchu-ii-wojny-swiatowej\\\/#primaryimage\"},\"thumbnailUrl\":\"https:\\\/\\\/www.zst.suwalki.pl\\\/www\\\/wp-content\\\/uploads\\\/2024\\\/09\\\/IMG_20240901_121507.jpg\",\"keywords\":[\"historia i geografia\",\"szko\u0142a\",\"wydarzenia\"],\"articleSection\":[\"Historia i geografia\",\"Szko\u0142a\",\"Wydarzenia\"],\"inLanguage\":\"pl-PL\"},{\"@type\":\"WebPage\",\"@id\":\"https:\\\/\\\/www.zst.suwalki.pl\\\/www\\\/85-rocznica-wybuchu-ii-wojny-swiatowej\\\/\",\"url\":\"https:\\\/\\\/www.zst.suwalki.pl\\\/www\\\/85-rocznica-wybuchu-ii-wojny-swiatowej\\\/\",\"name\":\"85. rocznica wybuchu II wojny \u015bwiatowej - Zesp\u00f3\u0142 Szk\u00f3\u0142 Technicznych w Suwa\u0142kach\",\"isPartOf\":{\"@id\":\"https:\\\/\\\/www.zst.suwalki.pl\\\/www\\\/#website\"},\"primaryImageOfPage\":{\"@id\":\"https:\\\/\\\/www.zst.suwalki.pl\\\/www\\\/85-rocznica-wybuchu-ii-wojny-swiatowej\\\/#primaryimage\"},\"image\":{\"@id\":\"https:\\\/\\\/www.zst.suwalki.pl\\\/www\\\/85-rocznica-wybuchu-ii-wojny-swiatowej\\\/#primaryimage\"},\"thumbnailUrl\":\"https:\\\/\\\/www.zst.suwalki.pl\\\/www\\\/wp-content\\\/uploads\\\/2024\\\/09\\\/IMG_20240901_121507.jpg\",\"datePublished\":\"2024-09-05T06:39:12+00:00\",\"breadcrumb\":{\"@id\":\"https:\\\/\\\/www.zst.suwalki.pl\\\/www\\\/85-rocznica-wybuchu-ii-wojny-swiatowej\\\/#breadcrumb\"},\"inLanguage\":\"pl-PL\",\"potentialAction\":[{\"@type\":\"ReadAction\",\"target\":[\"https:\\\/\\\/www.zst.suwalki.pl\\\/www\\\/85-rocznica-wybuchu-ii-wojny-swiatowej\\\/\"]}]},{\"@type\":\"ImageObject\",\"inLanguage\":\"pl-PL\",\"@id\":\"https:\\\/\\\/www.zst.suwalki.pl\\\/www\\\/85-rocznica-wybuchu-ii-wojny-swiatowej\\\/#primaryimage\",\"url\":\"https:\\\/\\\/www.zst.suwalki.pl\\\/www\\\/wp-content\\\/uploads\\\/2024\\\/09\\\/IMG_20240901_121507.jpg\",\"contentUrl\":\"https:\\\/\\\/www.zst.suwalki.pl\\\/www\\\/wp-content\\\/uploads\\\/2024\\\/09\\\/IMG_20240901_121507.jpg\",\"width\":2000,\"height\":1500},{\"@type\":\"BreadcrumbList\",\"@id\":\"https:\\\/\\\/www.zst.suwalki.pl\\\/www\\\/85-rocznica-wybuchu-ii-wojny-swiatowej\\\/#breadcrumb\",\"itemListElement\":[{\"@type\":\"ListItem\",\"position\":1,\"name\":\"Strona g\u0142\u00f3wna\",\"item\":\"https:\\\/\\\/www.zst.suwalki.pl\\\/www\\\/\"},{\"@type\":\"ListItem\",\"position\":2,\"name\":\"85. rocznica wybuchu II wojny \u015bwiatowej\"}]},{\"@type\":\"WebSite\",\"@id\":\"https:\\\/\\\/www.zst.suwalki.pl\\\/www\\\/#website\",\"url\":\"https:\\\/\\\/www.zst.suwalki.pl\\\/www\\\/\",\"name\":\"Zesp\u00f3\u0142 Szk\u00f3\u0142 Technicznych w Suwa\u0142kach\",\"description\":\"technikum, suwa\u0142ki, mechatronik, informatyk, teleinformatyk, budownictwo, elektryk, mechanik, monter, fryzjer, cukiernik, grafik,\",\"publisher\":{\"@id\":\"https:\\\/\\\/www.zst.suwalki.pl\\\/www\\\/#organization\"},\"potentialAction\":[{\"@type\":\"SearchAction\",\"target\":{\"@type\":\"EntryPoint\",\"urlTemplate\":\"https:\\\/\\\/www.zst.suwalki.pl\\\/www\\\/?s={search_term_string}\"},\"query-input\":{\"@type\":\"PropertyValueSpecification\",\"valueRequired\":true,\"valueName\":\"search_term_string\"}}],\"inLanguage\":\"pl-PL\"},{\"@type\":\"Organization\",\"@id\":\"https:\\\/\\\/www.zst.suwalki.pl\\\/www\\\/#organization\",\"name\":\"Zesp\u00f3\u0142 Szk\u00f3\u0142 Technicznych w Suwa\u0142kach\",\"url\":\"https:\\\/\\\/www.zst.suwalki.pl\\\/www\\\/\",\"logo\":{\"@type\":\"ImageObject\",\"inLanguage\":\"pl-PL\",\"@id\":\"https:\\\/\\\/www.zst.suwalki.pl\\\/www\\\/#\\\/schema\\\/logo\\\/image\\\/\",\"url\":\"https:\\\/\\\/www.zst.suwalki.pl\\\/www\\\/wp-content\\\/uploads\\\/2019\\\/01\\\/cropped-banner_logo_zst.png\",\"contentUrl\":\"https:\\\/\\\/www.zst.suwalki.pl\\\/www\\\/wp-content\\\/uploads\\\/2019\\\/01\\\/cropped-banner_logo_zst.png\",\"width\":290,\"height\":70,\"caption\":\"Zesp\u00f3\u0142 Szk\u00f3\u0142 Technicznych w Suwa\u0142kach\"},\"image\":{\"@id\":\"https:\\\/\\\/www.zst.suwalki.pl\\\/www\\\/#\\\/schema\\\/logo\\\/image\\\/\"},\"sameAs\":[\"https:\\\/\\\/www.facebook.com\\\/zstwsuwalkach\"]},{\"@type\":\"Person\",\"@id\":\"https:\\\/\\\/www.zst.suwalki.pl\\\/www\\\/#\\\/schema\\\/person\\\/a693916fbc90629c6c30effca66fe605\",\"name\":\"Tomasz Deresz\",\"image\":{\"@type\":\"ImageObject\",\"inLanguage\":\"pl-PL\",\"@id\":\"https:\\\/\\\/secure.gravatar.com\\\/avatar\\\/ca6c0c988daa8a591856abfc4246eb9a06085f661c1370f2187d4efb3ccc4604?s=96&d=mm&r=g\",\"url\":\"https:\\\/\\\/secure.gravatar.com\\\/avatar\\\/ca6c0c988daa8a591856abfc4246eb9a06085f661c1370f2187d4efb3ccc4604?s=96&d=mm&r=g\",\"contentUrl\":\"https:\\\/\\\/secure.gravatar.com\\\/avatar\\\/ca6c0c988daa8a591856abfc4246eb9a06085f661c1370f2187d4efb3ccc4604?s=96&d=mm&r=g\",\"caption\":\"Tomasz Deresz\"},\"url\":\"https:\\\/\\\/www.zst.suwalki.pl\\\/www\\\/author\\\/tomy\\\/\"}]}<\/script>\n<!-- \/ Yoast SEO plugin. -->","yoast_head_json":{"title":"85. rocznica wybuchu II wojny \u015bwiatowej - Zesp\u00f3\u0142 Szk\u00f3\u0142 Technicznych w Suwa\u0142kach","robots":{"index":"index","follow":"follow","max-snippet":"max-snippet:-1","max-image-preview":"max-image-preview:large","max-video-preview":"max-video-preview:-1"},"canonical":"https:\/\/www.zst.suwalki.pl\/www\/85-rocznica-wybuchu-ii-wojny-swiatowej\/","og_locale":"pl_PL","og_type":"article","og_title":"85. rocznica wybuchu II wojny \u015bwiatowej - Zesp\u00f3\u0142 Szk\u00f3\u0142 Technicznych w Suwa\u0142kach","og_description":"&#8222;A wi\u0119c wojna!&#8221; &#8211; takie s\u0142owa pop\u0142yn\u0119\u0142y do Polak\u00f3w z rozg\u0142o\u015bni Polskiego Radia wczesnym rankiem 1 wrze\u015bnia 1939 roku.","og_url":"https:\/\/www.zst.suwalki.pl\/www\/85-rocznica-wybuchu-ii-wojny-swiatowej\/","og_site_name":"Zesp\u00f3\u0142 Szk\u00f3\u0142 Technicznych w Suwa\u0142kach","article_publisher":"https:\/\/www.facebook.com\/zstwsuwalkach","article_published_time":"2024-09-05T06:39:12+00:00","og_image":[{"width":2000,"height":1500,"url":"https:\/\/www.zst.suwalki.pl\/www\/wp-content\/uploads\/2024\/09\/IMG_20240901_121507.jpg","type":"image\/jpeg"}],"author":"Tomasz Deresz","twitter_card":"summary_large_image","twitter_misc":{"Napisane przez":"Tomasz Deresz"},"schema":{"@context":"https:\/\/schema.org","@graph":[{"@type":"Article","@id":"https:\/\/www.zst.suwalki.pl\/www\/85-rocznica-wybuchu-ii-wojny-swiatowej\/#article","isPartOf":{"@id":"https:\/\/www.zst.suwalki.pl\/www\/85-rocznica-wybuchu-ii-wojny-swiatowej\/"},"author":{"name":"Tomasz Deresz","@id":"https:\/\/www.zst.suwalki.pl\/www\/#\/schema\/person\/a693916fbc90629c6c30effca66fe605"},"headline":"85. rocznica wybuchu II wojny \u015bwiatowej","datePublished":"2024-09-05T06:39:12+00:00","mainEntityOfPage":{"@id":"https:\/\/www.zst.suwalki.pl\/www\/85-rocznica-wybuchu-ii-wojny-swiatowej\/"},"wordCount":87,"publisher":{"@id":"https:\/\/www.zst.suwalki.pl\/www\/#organization"},"image":{"@id":"https:\/\/www.zst.suwalki.pl\/www\/85-rocznica-wybuchu-ii-wojny-swiatowej\/#primaryimage"},"thumbnailUrl":"https:\/\/www.zst.suwalki.pl\/www\/wp-content\/uploads\/2024\/09\/IMG_20240901_121507.jpg","keywords":["historia i geografia","szko\u0142a","wydarzenia"],"articleSection":["Historia i geografia","Szko\u0142a","Wydarzenia"],"inLanguage":"pl-PL"},{"@type":"WebPage","@id":"https:\/\/www.zst.suwalki.pl\/www\/85-rocznica-wybuchu-ii-wojny-swiatowej\/","url":"https:\/\/www.zst.suwalki.pl\/www\/85-rocznica-wybuchu-ii-wojny-swiatowej\/","name":"85. rocznica wybuchu II wojny \u015bwiatowej - Zesp\u00f3\u0142 Szk\u00f3\u0142 Technicznych w Suwa\u0142kach","isPartOf":{"@id":"https:\/\/www.zst.suwalki.pl\/www\/#website"},"primaryImageOfPage":{"@id":"https:\/\/www.zst.suwalki.pl\/www\/85-rocznica-wybuchu-ii-wojny-swiatowej\/#primaryimage"},"image":{"@id":"https:\/\/www.zst.suwalki.pl\/www\/85-rocznica-wybuchu-ii-wojny-swiatowej\/#primaryimage"},"thumbnailUrl":"https:\/\/www.zst.suwalki.pl\/www\/wp-content\/uploads\/2024\/09\/IMG_20240901_121507.jpg","datePublished":"2024-09-05T06:39:12+00:00","breadcrumb":{"@id":"https:\/\/www.zst.suwalki.pl\/www\/85-rocznica-wybuchu-ii-wojny-swiatowej\/#breadcrumb"},"inLanguage":"pl-PL","potentialAction":[{"@type":"ReadAction","target":["https:\/\/www.zst.suwalki.pl\/www\/85-rocznica-wybuchu-ii-wojny-swiatowej\/"]}]},{"@type":"ImageObject","inLanguage":"pl-PL","@id":"https:\/\/www.zst.suwalki.pl\/www\/85-rocznica-wybuchu-ii-wojny-swiatowej\/#primaryimage","url":"https:\/\/www.zst.suwalki.pl\/www\/wp-content\/uploads\/2024\/09\/IMG_20240901_121507.jpg","contentUrl":"https:\/\/www.zst.suwalki.pl\/www\/wp-content\/uploads\/2024\/09\/IMG_20240901_121507.jpg","width":2000,"height":1500},{"@type":"BreadcrumbList","@id":"https:\/\/www.zst.suwalki.pl\/www\/85-rocznica-wybuchu-ii-wojny-swiatowej\/#breadcrumb","itemListElement":[{"@type":"ListItem","position":1,"name":"Strona g\u0142\u00f3wna","item":"https:\/\/www.zst.suwalki.pl\/www\/"},{"@type":"ListItem","position":2,"name":"85. rocznica wybuchu II wojny \u015bwiatowej"}]},{"@type":"WebSite","@id":"https:\/\/www.zst.suwalki.pl\/www\/#website","url":"https:\/\/www.zst.suwalki.pl\/www\/","name":"Zesp\u00f3\u0142 Szk\u00f3\u0142 Technicznych w Suwa\u0142kach","description":"technikum, suwa\u0142ki, mechatronik, informatyk, teleinformatyk, budownictwo, elektryk, mechanik, monter, fryzjer, cukiernik, grafik,","publisher":{"@id":"https:\/\/www.zst.suwalki.pl\/www\/#organization"},"potentialAction":[{"@type":"SearchAction","target":{"@type":"EntryPoint","urlTemplate":"https:\/\/www.zst.suwalki.pl\/www\/?s={search_term_string}"},"query-input":{"@type":"PropertyValueSpecification","valueRequired":true,"valueName":"search_term_string"}}],"inLanguage":"pl-PL"},{"@type":"Organization","@id":"https:\/\/www.zst.suwalki.pl\/www\/#organization","name":"Zesp\u00f3\u0142 Szk\u00f3\u0142 Technicznych w Suwa\u0142kach","url":"https:\/\/www.zst.suwalki.pl\/www\/","logo":{"@type":"ImageObject","inLanguage":"pl-PL","@id":"https:\/\/www.zst.suwalki.pl\/www\/#\/schema\/logo\/image\/","url":"https:\/\/www.zst.suwalki.pl\/www\/wp-content\/uploads\/2019\/01\/cropped-banner_logo_zst.png","contentUrl":"https:\/\/www.zst.suwalki.pl\/www\/wp-content\/uploads\/2019\/01\/cropped-banner_logo_zst.png","width":290,"height":70,"caption":"Zesp\u00f3\u0142 Szk\u00f3\u0142 Technicznych w Suwa\u0142kach"},"image":{"@id":"https:\/\/www.zst.suwalki.pl\/www\/#\/schema\/logo\/image\/"},"sameAs":["https:\/\/www.facebook.com\/zstwsuwalkach"]},{"@type":"Person","@id":"https:\/\/www.zst.suwalki.pl\/www\/#\/schema\/person\/a693916fbc90629c6c30effca66fe605","name":"Tomasz Deresz","image":{"@type":"ImageObject","inLanguage":"pl-PL","@id":"https:\/\/secure.gravatar.com\/avatar\/ca6c0c988daa8a591856abfc4246eb9a06085f661c1370f2187d4efb3ccc4604?s=96&d=mm&r=g","url":"https:\/\/secure.gravatar.com\/avatar\/ca6c0c988daa8a591856abfc4246eb9a06085f661c1370f2187d4efb3ccc4604?s=96&d=mm&r=g","contentUrl":"https:\/\/secure.gravatar.com\/avatar\/ca6c0c988daa8a591856abfc4246eb9a06085f661c1370f2187d4efb3ccc4604?s=96&d=mm&r=g","caption":"Tomasz Deresz"},"url":"https:\/\/www.zst.suwalki.pl\/www\/author\/tomy\/"}]}},"_links":{"self":[{"href":"https:\/\/www.zst.suwalki.pl\/www\/wp-json\/wp\/v2\/posts\/10931","targetHints":{"allow":["GET"]}}],"collection":[{"href":"https:\/\/www.zst.suwalki.pl\/www\/wp-json\/wp\/v2\/posts"}],"about":[{"href":"https:\/\/www.zst.suwalki.pl\/www\/wp-json\/wp\/v2\/types\/post"}],"author":[{"embeddable":true,"href":"https:\/\/www.zst.suwalki.pl\/www\/wp-json\/wp\/v2\/users\/1"}],"replies":[{"embeddable":true,"href":"https:\/\/www.zst.suwalki.pl\/www\/wp-json\/wp\/v2\/comments?post=10931"}],"version-history":[{"count":1,"href":"https:\/\/www.zst.suwalki.pl\/www\/wp-json\/wp\/v2\/posts\/10931\/revisions"}],"predecessor-version":[{"id":10934,"href":"https:\/\/www.zst.suwalki.pl\/www\/wp-json\/wp\/v2\/posts\/10931\/revisions\/10934"}],"wp:featuredmedia":[{"embeddable":true,"href":"https:\/\/www.zst.suwalki.pl\/www\/wp-json\/wp\/v2\/media\/10932"}],"wp:attachment":[{"href":"https:\/\/www.zst.suwalki.pl\/www\/wp-json\/wp\/v2\/media?parent=10931"}],"wp:term":[{"taxonomy":"category","embeddable":true,"href":"https:\/\/www.zst.suwalki.pl\/www\/wp-json\/wp\/v2\/categories?post=10931"},{"taxonomy":"post_tag","embeddable":true,"href":"https:\/\/www.zst.suwalki.pl\/www\/wp-json\/wp\/v2\/tags?post=10931"}],"curies":[{"name":"wp","href":"https:\/\/api.w.org\/{rel}","templated":true}]}}