{"id":11451,"date":"2025-02-25T22:34:01","date_gmt":"2025-02-25T20:34:01","guid":{"rendered":"https:\/\/www.zst.suwalki.pl\/www\/?p=11451"},"modified":"2025-02-25T22:34:01","modified_gmt":"2025-02-25T20:34:01","slug":"dzien-nauki-polskiej-swieto-wiedzy-pasji-i-odkryc","status":"publish","type":"post","link":"https:\/\/www.zst.suwalki.pl\/www\/dzien-nauki-polskiej-swieto-wiedzy-pasji-i-odkryc\/","title":{"rendered":"Dzie\u0144 Nauki Polskiej &#8211; \u015awi\u0119to Wiedzy, Pasji i Odkry\u0107"},"content":{"rendered":"<p>19 lutego co roku obchodzimy Dzie\u0144 Nauki Polskiej. To \u015bwi\u0119to upami\u0119tniaj\u0105ce dorobek polskich naukowc\u00f3w i ich wk\u0142ad w rozw\u00f3j \u015bwiatowej nauki. Data ta nie jest przypadkowa &#8211; to rocznica urodzin Miko\u0142aja Kopernika, kt\u00f3ry swoj\u0105 teori\u0105 heliocentryczn\u0105 zmieni\u0142 bieg historii nauki. <!--more-->Uczniowie z klasy drugiej technik mechatronik postanowili przybli\u017cy\u0107 sobie i kolegom sylwetki polskich konstruktor\u00f3w i wynalazc\u00f3w. Przygotowali w\u0142asne projekty oraz prezentacje dotycz\u0105ce biografii i dokona\u0144 naszych rodak\u00f3w. Jedna z prac dotyczy\u0142a prof. Jana Czochralskigo \u2013 kim by\u0142, co dokona\u0142? To chemik, metaloznawca, krystalograf, farmaceuta, poeta i mecenas sztuki. Opracowana w 1916 r. metoda pomiaru szybko\u015bci krystalizacji metali, nazwana zosta\u0142a p\u00f3\u017aniej Jego imieniem. Jej zastosowanie do otrzymywania na skal\u0119 przemys\u0142ow\u0105 kryszta\u0142\u00f3w germanu i krzemu umo\u017cliwi\u0142o burzliwy rozw\u00f3j elektroniki (m.in. do produkcji p\u00f3\u0142przewodnik\u00f3w) i fizyki cia\u0142a sta\u0142ego. Do dzi\u015b \u017cadna z innych, nowszych metod hodowli kryszta\u0142\u00f3w nie mo\u017ce konkurowa\u0107 wielo\u015bci\u0105 zastosowa\u0144 i modyfikacji z metod\u0105 Czochralskiego.<br \/>\nZar\u00f3wno s\u0142ynny mostek prostowniczy, jak i popularny kondensator elektrolityczny to wynalazki polskiego in\u017cyniera, Karola Pollaka, cz\u0142owieka o rozleg\u0142ych zainteresowaniach i utalentowanego konstruktora. Opatentowa\u0142 98 wynalazk\u00f3w. Najwi\u0119kszy rozg\u0142os zyska\u0142 on dzi\u0119ki pracy nad budow\u0105 i wykorzystaniem akumulator\u00f3w. Do innych jego wa\u017cniejszych osi\u0105gni\u0119\u0107 zaliczaj\u0105 si\u0119: automatyczny \u0142\u0105cznik do lamp elektrycznych, lampa bezpiecze\u0144stwa dla g\u00f3rnictwa, prostownik komutatorowy do przekszta\u0142cania pr\u0105du przemiennego w pr\u0105d sta\u0142y.<br \/>\nCzy wiemy, kto by\u0142 wynalazc\u0105 materia\u0142u kuloodpornego? Je\u015bli nie to warto przyjrze\u0107 si\u0119 postaci Kazimierza \u017beglenia. To on skonstruowa\u0142 pierwsza kamizelk\u0119 kuloodporn\u0105 z u\u017cyciem swojego materia\u0142u, nieprzebijanych bezd\u0119tkowych opon i p\u0142yty pancernej. Przy wsparciu Jana Szczepaniaka powsta\u0142a kamizelka, kt\u00f3ra najwi\u0119ksz\u0105 s\u0142aw\u0119 przynios\u0142a, gdy ocali\u0142a z zamachu \u017cycie hiszpa\u0144skiego kr\u00f3la, Alfonsa XIII.<br \/>\nS\u0142ynnym polskim wynalazc\u0105, zwany polskim Edisonem jest wspomniany Jan Szczepanik. Czym zas\u0142u\u017cy\u0142 sobie na to miano &#8211; sta\u0142 si\u0119 dzi\u0119ki wynalazkom z u\u017cyciem technik wykonywania fotografii barwnej oraz rozwi\u0105zaniami z dziedziny tkactwa.<br \/>\nNa uznanie zas\u0142uguje r\u00f3wnie\u017c Kazimierz Pr\u00f3szy\u0144ski. To zapomniany pionier ruchomego obrazu. Tak o nim powiedzia\u0142 Louis Lumi\u00e8re: \u201ePanowie, ten cz\u0142owiek jest pierwszy w kinematografii, ja jestem drugi\u201d. Pr\u00f3szy\u0144ski pracowa\u0142 nad rozwojem techniki filmowej, uzyskuj\u0105c w 1909 r. francuski patent na aeroskop, czyli pierwsz\u0105 na \u015bwiecie r\u0119czn\u0105 kamer\u0119 filmow\u0105 o nap\u0119dzie automatycznym. Rok 1913 przyni\u00f3s\u0142 pierwsze filmy d\u017awi\u0119kowe polskiego konstruktora, zrealizowane dzi\u0119ki nowemu wynalazkowi \u2013 kinofonowi, umo\u017cliwiaj\u0105cemu synchronizacj\u0119 d\u017awi\u0119ku z obrazem filmowym.<br \/>\nWarto te\u017c wspomnie\u0107 o Ignacym \u0141ukasiewiczu. By\u0142 in\u017cynierem i wynalazc\u0105, kt\u00f3ry dokona\u0142 rewolucji w dziedzinie wydobycia ropy naftowej. Jego osi\u0105gni\u0119cia sta\u0142y si\u0119 kluczowe dla rozwoju przemys\u0142u naftowego w Polsce i na \u015bwiecie.<br \/>\nPrzytoczone przyk\u0142ady wybitnych postaci nauki to tylko kilka wybranych nazwisk i niewielka ilustracja tego, w jaki spos\u00f3b rozw\u00f3j polskiej nauki stanowi istotny element \u015bwiatowego dziedzictwa naukowego. Osi\u0105gni\u0119cia polskich uczonych i konstruktor\u00f3w w wielu dziedzinach, od astronomii przez medycyn\u0119, informatyk\u0119, matematyk\u0119, fizyk\u0119, po nauki spo\u0142eczne i humanistyczne, wp\u0142ywaj\u0105 na rozw\u00f3j globalnej wiedzy i technologii. Mieli\u015bmy i nadal mamy odwa\u017cnych ludzi, prze\u0142amuj\u0105cych granice poznania, wybitnych naukowc\u00f3w, pi\u0119kne umys\u0142y, kt\u00f3rych geniusz zna ca\u0142y \u015bwiat.<\/p>\n<style id=\"bwg-style-0\">    #bwg_container1_0 #bwg_container2_0 .bwg-container-0.bwg-standard-thumbnails {      width: 1004px;              justify-content: center;        margin:0 auto !important;              background-color: rgba(255, 255, 255, 0.00);            padding-left: 4px;      padding-top: 4px;      max-width: 100%;            }        #bwg_container1_0 #bwg_container2_0 .bwg-container-0.bwg-standard-thumbnails .bwg-item {    justify-content: flex-start;      max-width: 250px;          }    #bwg_container1_0 #bwg_container2_0 .bwg-container-0.bwg-standard-thumbnails .bwg-item a {       margin-right: 4px;       margin-bottom: 4px;    }    #bwg_container1_0 #bwg_container2_0 .bwg-container-0.bwg-standard-thumbnails .bwg-item0 {      padding: 0px;            background-color:rgba(255,255,255, 0.30);      border: 0px none #CCCCCC;      opacity: 1.00;      border-radius: 0;      box-shadow: 0px 0px 0px #888888;    }    #bwg_container1_0 #bwg_container2_0 .bwg-container-0.bwg-standard-thumbnails .bwg-item1 img {      max-height: none;      max-width: none;      padding: 0 !important;    }        @media only screen and (min-width: 480px) {      #bwg_container1_0 #bwg_container2_0 .bwg-container-0.bwg-standard-thumbnails .bwg-item0 {        transition: all 0.3s ease 0s;-webkit-transition: all 0.3s ease 0s;      }      #bwg_container1_0 #bwg_container2_0 .bwg-container-0.bwg-standard-thumbnails .bwg-item0:hover {        -ms-transform: scale(1.1);        -webkit-transform: scale(1.1);        transform: scale(1.1);      }    }          #bwg_container1_0 #bwg_container2_0 .bwg-container-0.bwg-standard-thumbnails .bwg-item1 {      padding-top: 56%;    }        #bwg_container1_0 #bwg_container2_0 .bwg-container-0.bwg-standard-thumbnails .bwg-title1 {      position: absolute;      top: 0;      z-index: 100;      width: 100%;      height: 100%;      display: flex;      justify-content: center;      align-content: center;      flex-direction: column;      opacity: 0;    }\t      #bwg_container1_0 #bwg_container2_0 .bwg-container-0.bwg-standard-thumbnails .bwg-title2,    #bwg_container1_0 #bwg_container2_0 .bwg-container-0.bwg-standard-thumbnails .bwg-ecommerce2 {      color: #FFFFFF;      font-family: segoe ui;      font-size: 16px;      font-weight: bold;      padding: 2px;      text-shadow: 0px 0px 0px #888888;      max-height: 100%;    }    #bwg_container1_0 #bwg_container2_0 .bwg-container-0.bwg-standard-thumbnails .bwg-thumb-description span {    color: #323A45;    font-family: Ubuntu;    font-size: 12px;    max-height: 100%;    word-wrap: break-word;    }    #bwg_container1_0 #bwg_container2_0 .bwg-container-0.bwg-standard-thumbnails .bwg-play-icon2 {      font-size: 32px;    }    #bwg_container1_0 #bwg_container2_0 .bwg-container-0.bwg-standard-thumbnails .bwg-ecommerce2 {      font-size: 19.2px;      color: #CCCCCC;    }    <\/style>    <div id=\"bwg_container1_0\"         class=\"bwg_container bwg_thumbnail bwg_thumbnails \"         data-right-click-protection=\"0\"         data-bwg=\"0\"         data-scroll=\"0\"         data-gallery-type=\"thumbnails\"         data-gallery-view-type=\"thumbnails\"         data-current-url=\"\/www\/wp-json\/wp\/v2\/posts\/11451\"         data-lightbox-url=\"https:\/\/www.zst.suwalki.pl\/www\/wp-admin\/admin-ajax.php?action=GalleryBox&#038;current_view=0&#038;gallery_id=635&#038;tag=0&#038;theme_id=1&#038;shortcode_id=1326&#038;sort_by=alt&#038;order_by=asc&#038;current_url=%2Fwww%2Fwp-json%2Fwp%2Fv2%2Fposts%2F11451\"         data-gallery-id=\"635\"         data-popup-width=\"800\"         data-popup-height=\"500\"         data-is-album=\"gallery\"         data-buttons-position=\"bottom\">      <div id=\"bwg_container2_0\">             <div id=\"ajax_loading_0\" class=\"bwg_loading_div_1\">      <div class=\"bwg_loading_div_2\">        <div class=\"bwg_loading_div_3\">          <div id=\"loading_div_0\" class=\"bwg_spider_ajax_loading\">          <\/div>        <\/div>      <\/div>    <\/div>            <form id=\"gal_front_form_0\"              class=\"bwg-hidden\"              method=\"post\"              action=\"#\"              data-current=\"0\"              data-shortcode-id=\"1326\"              data-gallery-type=\"thumbnails\"              data-gallery-id=\"635\"              data-tag=\"0\"              data-album-id=\"0\"              data-theme-id=\"1\"              data-ajax-url=\"https:\/\/www.zst.suwalki.pl\/www\/wp-admin\/admin-ajax.php?action=bwg_frontend_data\">          <div id=\"bwg_container3_0\" class=\"bwg-background bwg-background-0\">                <div data-max-count=\"4\"         data-thumbnail-width=\"250\"         data-bwg=\"0\"         data-gallery-id=\"635\"         data-lightbox-url=\"https:\/\/www.zst.suwalki.pl\/www\/wp-admin\/admin-ajax.php?action=GalleryBox&amp;current_view=0&amp;gallery_id=635&amp;tag=0&amp;theme_id=1&amp;shortcode_id=1326&amp;sort_by=alt&amp;order_by=asc&amp;current_url=%2Fwww%2Fwp-json%2Fwp%2Fv2%2Fposts%2F11451\"         id=\"bwg_thumbnails_0\"         class=\"bwg-container-0 bwg-thumbnails bwg-standard-thumbnails bwg-container bwg-border-box\">            <div class=\"bwg-item\">        <a class=\"bwg-a  bwg_lightbox\"  data-image-id=\"10749\" href=\"https:\/\/www.zst.suwalki.pl\/www\/wp-content\/uploads\/photo-gallery\/25_02_2025_dzien_nauki\/20250219_143456.jpg?bwg=1740515068\" data-elementor-open-lightbox=\"no\">                <div class=\"bwg-item0 \">          <div class=\"bwg-item1 \">            <div class=\"bwg-item2\">              <img decoding=\"async\" class=\"skip-lazy bwg_standart_thumb_img_0 \"                   data-id=\"10749\"                   data-width=\"500.00\"                   data-height=\"375.00\"                   data-src=\"https:\/\/www.zst.suwalki.pl\/www\/wp-content\/uploads\/photo-gallery\/25_02_2025_dzien_nauki\/thumb\/20250219_143456.jpg?bwg=1740515068\"                   src=\"https:\/\/www.zst.suwalki.pl\/www\/wp-content\/uploads\/photo-gallery\/25_02_2025_dzien_nauki\/thumb\/20250219_143456.jpg?bwg=1740515068\"                   alt=\"\"                   title=\"\" \/>            <\/div>            <div class=\"\">              <div class=\"bwg-title1\"><div class=\"bwg-title2\">&nbsp;<\/div><\/div>                                        <\/div>          <\/div>        <\/div>                        <\/a>              <\/div>            <div class=\"bwg-item\">        <a class=\"bwg-a  bwg_lightbox\"  data-image-id=\"10750\" href=\"https:\/\/www.zst.suwalki.pl\/www\/wp-content\/uploads\/photo-gallery\/25_02_2025_dzien_nauki\/20250219_144358.jpg?bwg=1740515068\" data-elementor-open-lightbox=\"no\">                <div class=\"bwg-item0 \">          <div class=\"bwg-item1 \">            <div class=\"bwg-item2\">              <img decoding=\"async\" class=\"skip-lazy bwg_standart_thumb_img_0 \"                   data-id=\"10750\"                   data-width=\"375.00\"                   data-height=\"500.00\"                   data-src=\"https:\/\/www.zst.suwalki.pl\/www\/wp-content\/uploads\/photo-gallery\/25_02_2025_dzien_nauki\/thumb\/20250219_144358.jpg?bwg=1740515068\"                   src=\"https:\/\/www.zst.suwalki.pl\/www\/wp-content\/uploads\/photo-gallery\/25_02_2025_dzien_nauki\/thumb\/20250219_144358.jpg?bwg=1740515068\"                   alt=\"\"                   title=\"\" \/>            <\/div>            <div class=\"\">              <div class=\"bwg-title1\"><div class=\"bwg-title2\">&nbsp;<\/div><\/div>                                        <\/div>          <\/div>        <\/div>                        <\/a>              <\/div>            <div class=\"bwg-item\">        <a class=\"bwg-a  bwg_lightbox\"  data-image-id=\"10751\" href=\"https:\/\/www.zst.suwalki.pl\/www\/wp-content\/uploads\/photo-gallery\/25_02_2025_dzien_nauki\/20250220_113031.jpg?bwg=1740515068\" data-elementor-open-lightbox=\"no\">                <div class=\"bwg-item0 \">          <div class=\"bwg-item1 \">            <div class=\"bwg-item2\">              <img decoding=\"async\" class=\"skip-lazy bwg_standart_thumb_img_0 \"                   data-id=\"10751\"                   data-width=\"500.00\"                   data-height=\"375.00\"                   data-src=\"https:\/\/www.zst.suwalki.pl\/www\/wp-content\/uploads\/photo-gallery\/25_02_2025_dzien_nauki\/thumb\/20250220_113031.jpg?bwg=1740515068\"                   src=\"https:\/\/www.zst.suwalki.pl\/www\/wp-content\/uploads\/photo-gallery\/25_02_2025_dzien_nauki\/thumb\/20250220_113031.jpg?bwg=1740515068\"                   alt=\"\"                   title=\"\" \/>            <\/div>            <div class=\"\">              <div class=\"bwg-title1\"><div class=\"bwg-title2\">&nbsp;<\/div><\/div>                                        <\/div>          <\/div>        <\/div>                        <\/a>              <\/div>            <div class=\"bwg-item\">        <a class=\"bwg-a  bwg_lightbox\"  data-image-id=\"10752\" href=\"https:\/\/www.zst.suwalki.pl\/www\/wp-content\/uploads\/photo-gallery\/25_02_2025_dzien_nauki\/20250220_113038.jpg?bwg=1740515068\" data-elementor-open-lightbox=\"no\">                <div class=\"bwg-item0 \">          <div class=\"bwg-item1 \">            <div class=\"bwg-item2\">              <img decoding=\"async\" class=\"skip-lazy bwg_standart_thumb_img_0 \"                   data-id=\"10752\"                   data-width=\"375.00\"                   data-height=\"500.00\"                   data-src=\"https:\/\/www.zst.suwalki.pl\/www\/wp-content\/uploads\/photo-gallery\/25_02_2025_dzien_nauki\/thumb\/20250220_113038.jpg?bwg=1740515068\"                   src=\"https:\/\/www.zst.suwalki.pl\/www\/wp-content\/uploads\/photo-gallery\/25_02_2025_dzien_nauki\/thumb\/20250220_113038.jpg?bwg=1740515068\"                   alt=\"\"                   title=\"\" \/>            <\/div>            <div class=\"\">              <div class=\"bwg-title1\"><div class=\"bwg-title2\">&nbsp;<\/div><\/div>                                        <\/div>          <\/div>        <\/div>                        <\/a>              <\/div>            <div class=\"bwg-item\">        <a class=\"bwg-a  bwg_lightbox\"  data-image-id=\"10753\" href=\"https:\/\/www.zst.suwalki.pl\/www\/wp-content\/uploads\/photo-gallery\/25_02_2025_dzien_nauki\/20250220_125937.jpg?bwg=1740515068\" data-elementor-open-lightbox=\"no\">                <div class=\"bwg-item0 \">          <div class=\"bwg-item1 \">            <div class=\"bwg-item2\">              <img decoding=\"async\" class=\"skip-lazy bwg_standart_thumb_img_0 \"                   data-id=\"10753\"                   data-width=\"500.00\"                   data-height=\"375.00\"                   data-src=\"https:\/\/www.zst.suwalki.pl\/www\/wp-content\/uploads\/photo-gallery\/25_02_2025_dzien_nauki\/thumb\/20250220_125937.jpg?bwg=1740515068\"                   src=\"https:\/\/www.zst.suwalki.pl\/www\/wp-content\/uploads\/photo-gallery\/25_02_2025_dzien_nauki\/thumb\/20250220_125937.jpg?bwg=1740515068\"                   alt=\"\"                   title=\"\" \/>            <\/div>            <div class=\"\">              <div class=\"bwg-title1\"><div class=\"bwg-title2\">&nbsp;<\/div><\/div>                                        <\/div>          <\/div>        <\/div>                        <\/a>              <\/div>            <div class=\"bwg-item\">        <a class=\"bwg-a  bwg_lightbox\"  data-image-id=\"10754\" href=\"https:\/\/www.zst.suwalki.pl\/www\/wp-content\/uploads\/photo-gallery\/25_02_2025_dzien_nauki\/20250220_130602.jpg?bwg=1740515068\" data-elementor-open-lightbox=\"no\">                <div class=\"bwg-item0 \">          <div class=\"bwg-item1 \">            <div class=\"bwg-item2\">              <img decoding=\"async\" class=\"skip-lazy bwg_standart_thumb_img_0 \"                   data-id=\"10754\"                   data-width=\"375.00\"                   data-height=\"500.00\"                   data-src=\"https:\/\/www.zst.suwalki.pl\/www\/wp-content\/uploads\/photo-gallery\/25_02_2025_dzien_nauki\/thumb\/20250220_130602.jpg?bwg=1740515068\"                   src=\"https:\/\/www.zst.suwalki.pl\/www\/wp-content\/uploads\/photo-gallery\/25_02_2025_dzien_nauki\/thumb\/20250220_130602.jpg?bwg=1740515068\"                   alt=\"\"                   title=\"\" \/>            <\/div>            <div class=\"\">              <div class=\"bwg-title1\"><div class=\"bwg-title2\">&nbsp;<\/div><\/div>                                        <\/div>          <\/div>        <\/div>                        <\/a>              <\/div>            <div class=\"bwg-item\">        <a class=\"bwg-a  bwg_lightbox\"  data-image-id=\"10755\" href=\"https:\/\/www.zst.suwalki.pl\/www\/wp-content\/uploads\/photo-gallery\/25_02_2025_dzien_nauki\/20250220_131715.jpg?bwg=1740515068\" data-elementor-open-lightbox=\"no\">                <div class=\"bwg-item0 \">          <div class=\"bwg-item1 \">            <div class=\"bwg-item2\">              <img decoding=\"async\" class=\"skip-lazy bwg_standart_thumb_img_0 \"                   data-id=\"10755\"                   data-width=\"375.00\"                   data-height=\"500.00\"                   data-src=\"https:\/\/www.zst.suwalki.pl\/www\/wp-content\/uploads\/photo-gallery\/25_02_2025_dzien_nauki\/thumb\/20250220_131715.jpg?bwg=1740515068\"                   src=\"https:\/\/www.zst.suwalki.pl\/www\/wp-content\/uploads\/photo-gallery\/25_02_2025_dzien_nauki\/thumb\/20250220_131715.jpg?bwg=1740515068\"                   alt=\"\"                   title=\"\" \/>            <\/div>            <div class=\"\">              <div class=\"bwg-title1\"><div class=\"bwg-title2\">&nbsp;<\/div><\/div>                                        <\/div>          <\/div>        <\/div>                        <\/a>              <\/div>            <div class=\"bwg-item\">        <a class=\"bwg-a  bwg_lightbox\"  data-image-id=\"10756\" href=\"https:\/\/www.zst.suwalki.pl\/www\/wp-content\/uploads\/photo-gallery\/25_02_2025_dzien_nauki\/20250220_132433.jpg?bwg=1740515068\" data-elementor-open-lightbox=\"no\">                <div class=\"bwg-item0 \">          <div class=\"bwg-item1 \">            <div class=\"bwg-item2\">              <img decoding=\"async\" class=\"skip-lazy bwg_standart_thumb_img_0 \"                   data-id=\"10756\"                   data-width=\"500.00\"                   data-height=\"375.00\"                   data-src=\"https:\/\/www.zst.suwalki.pl\/www\/wp-content\/uploads\/photo-gallery\/25_02_2025_dzien_nauki\/thumb\/20250220_132433.jpg?bwg=1740515068\"                   src=\"https:\/\/www.zst.suwalki.pl\/www\/wp-content\/uploads\/photo-gallery\/25_02_2025_dzien_nauki\/thumb\/20250220_132433.jpg?bwg=1740515068\"                   alt=\"\"                   title=\"\" \/>            <\/div>            <div class=\"\">              <div class=\"bwg-title1\"><div class=\"bwg-title2\">&nbsp;<\/div><\/div>                                        <\/div>          <\/div>        <\/div>                        <\/a>              <\/div>            <div class=\"bwg-item\">        <a class=\"bwg-a  bwg_lightbox\"  data-image-id=\"10757\" href=\"https:\/\/www.zst.suwalki.pl\/www\/wp-content\/uploads\/photo-gallery\/25_02_2025_dzien_nauki\/20250221_110718.jpg?bwg=1740515068\" data-elementor-open-lightbox=\"no\">                <div class=\"bwg-item0 \">          <div class=\"bwg-item1 \">            <div class=\"bwg-item2\">              <img decoding=\"async\" class=\"skip-lazy bwg_standart_thumb_img_0 \"                   data-id=\"10757\"                   data-width=\"375.00\"                   data-height=\"500.00\"                   data-src=\"https:\/\/www.zst.suwalki.pl\/www\/wp-content\/uploads\/photo-gallery\/25_02_2025_dzien_nauki\/thumb\/20250221_110718.jpg?bwg=1740515068\"                   src=\"https:\/\/www.zst.suwalki.pl\/www\/wp-content\/uploads\/photo-gallery\/25_02_2025_dzien_nauki\/thumb\/20250221_110718.jpg?bwg=1740515068\"                   alt=\"\"                   title=\"\" \/>            <\/div>            <div class=\"\">              <div class=\"bwg-title1\"><div class=\"bwg-title2\">&nbsp;<\/div><\/div>                                        <\/div>          <\/div>        <\/div>                        <\/a>              <\/div>          <\/div>    <style>      \/*pagination styles*\/      #bwg_container1_0 #bwg_container2_0 .tablenav-pages_0 {\t\t\t\ttext-align: center;\t\t\t\tfont-size: 12px;\t\t\t\tfont-family: segoe ui;\t\t\t\tfont-weight: bold;\t\t\t\tcolor: #666666;\t\t\t\tmargin: 6px 0 4px;\t\t\t\tdisplay: block;      }      @media only screen and (max-width : 320px) {      #bwg_container1_0 #bwg_container2_0 .displaying-num_0 {     \t display: none;      }      }      #bwg_container1_0 #bwg_container2_0 .displaying-num_0 {\t\t\t\tfont-size: 12px;\t\t\t\tfont-family: segoe ui;\t\t\t\tfont-weight: bold;\t\t\t\tcolor: #666666;\t\t\t\tmargin-right: 10px;\t\t\t\tvertical-align: middle;      }      #bwg_container1_0 #bwg_container2_0 .paging-input_0 {\t\t\t\tfont-size: 12px;\t\t\t\tfont-family: segoe ui;\t\t\t\tfont-weight: bold;\t\t\t\tcolor: #666666;\t\t\t\tvertical-align: middle;      }      #bwg_container1_0 #bwg_container2_0 .tablenav-pages_0 a.disabled,      #bwg_container1_0 #bwg_container2_0 .tablenav-pages_0 a.disabled:hover,      #bwg_container1_0 #bwg_container2_0 .tablenav-pages_0 a.disabled:focus,\t\t\t#bwg_container1_0 #bwg_container2_0 .tablenav-pages_0 input.bwg_current_page {\t\t\t\tcursor: default;\t\t\t\tcolor: rgba(102, 102, 102, 0.5);      }      #bwg_container1_0 #bwg_container2_0 .tablenav-pages_0 a,      #bwg_container1_0 #bwg_container2_0 .tablenav-pages_0 input.bwg_current_page {\t\t\t\tcursor: pointer;\t\t\t\ttext-align: center;\t\t\t\tfont-size: 12px;\t\t\t\tfont-family: segoe ui;\t\t\t\tfont-weight: bold;\t\t\t\tcolor: #666666;\t\t\t\ttext-decoration: none;\t\t\t\tpadding: 3px 6px;\t\t\t\tmargin: 0;\t\t\t\tborder-radius: 0;\t\t\t\tborder-style: solid;\t\t\t\tborder-width: 1px;\t\t\t\tborder-color: #E3E3E3;\t\t\t\t\t\t\t\tbackground-color: rgba(255, 255, 255, 1.00);\t\t\t\tbox-shadow: 0;\t\t\t\ttransition: all 0.3s ease 0s;-webkit-transition: all 0.3s ease 0s;      }      <\/style>      <span class=\"bwg_nav_cont_0\">              <div class=\"tablenav-pages_0\">                  <\/div>                <input type=\"hidden\" id=\"page_number_0\" name=\"page_number_0\" value=\"1\" \/>      <script type=\"text\/javascript\">        if( jQuery('.bwg_nav_cont_0').length > 1 ) {          jQuery('.bwg_nav_cont_0').first().remove()        }        function spider_page_0(cur, x, y, load_more) {          if (typeof load_more == \"undefined\") {            var load_more = false;          }          if (jQuery(cur).hasClass('disabled')) {            return false;          }          var items_county_0 = 1;          switch (y) {            case 1:              if (x >= items_county_0) {                document.getElementById('page_number_0').value = items_county_0;              }              else {                document.getElementById('page_number_0').value = x + 1;              }              break;            case 2:              document.getElementById('page_number_0').value = items_county_0;              break;            case -1:              if (x == 1) {                document.getElementById('page_number_0').value = 1;              }              else {                document.getElementById('page_number_0').value = x - 1;              }              break;            case -2:              document.getElementById('page_number_0').value = 1;              break;\t\t\t\t\t\tcase 0:              document.getElementById('page_number_0').value = x;              break;            default:              document.getElementById('page_number_0').value = 1;          }          bwg_ajax('gal_front_form_0', '0', 'bwg_thumbnails_0', '0', '', 'gallery', 0, '', '', load_more, '', 1);        }                    jQuery('.first-page-0').on('click', function () {              spider_page_0(this, 1, -2, 'numeric');              return false;            });            jQuery('.prev-page-0').on('click', function () {              spider_page_0(this, 1, -1, 'numeric');              return false;            });            jQuery('.next-page-0').on('click', function () {              spider_page_0(this, 1, 1, 'numeric');              return false;            });            jQuery('.last-page-0').on('click', function () {              spider_page_0(this, 1, 2, 'numeric');              return false;            });        \t\t\t\t\/* Change page on input enter. *\/        function bwg_change_page_0( e, that ) {          if (  e.key == 'Enter' ) {            var to_page = parseInt(jQuery(that).val());            var pages_count = jQuery(that).parents(\".pagination-links\").data(\"pages-count\");            var current_url_param = jQuery(that).attr('data-url-info');            if (to_page > pages_count) {              to_page = 1;            }\t \t\t\t\t\t\t\t\t\t\t\t\tspider_page_0(this, to_page, 0, 'numeric');\t\t\t\t\t\t\treturn false;\t\t\t\t\t\t          }          return true;        }        jQuery('.bwg_load_btn_0').on('click', function () {            spider_page_0(this, 1, 1, true);            return false;        });      <\/script>      <\/span>                <\/div>        <\/form>        <style>          #bwg_container1_0 #bwg_container2_0 #spider_popup_overlay_0 {          background-color: #000000;          opacity: 0.70;          }          <\/style>        <div id=\"bwg_spider_popup_loading_0\" class=\"bwg_spider_popup_loading\"><\/div>        <div id=\"spider_popup_overlay_0\" class=\"spider_popup_overlay\" onclick=\"spider_destroypopup(1000)\"><\/div>        <input type=\"hidden\" id=\"bwg_random_seed_0\" value=\"668596380\">                <\/div>    <\/div>    <script>      if (document.readyState === 'complete') {        if( typeof bwg_main_ready == 'function' ) {          if ( jQuery(\"#bwg_container1_0\").height() ) {            bwg_main_ready(jQuery(\"#bwg_container1_0\"));          }        }      } else {        document.addEventListener('DOMContentLoaded', function() {          if( typeof bwg_main_ready == 'function' ) {            if ( jQuery(\"#bwg_container1_0\").height() ) {             bwg_main_ready(jQuery(\"#bwg_container1_0\"));            }          }        });      }    <\/script>    \n","protected":false},"excerpt":{"rendered":"<p>19 lutego co roku obchodzimy Dzie\u0144 Nauki Polskiej. To \u015bwi\u0119to upami\u0119tniaj\u0105ce dorobek polskich naukowc\u00f3w i ich wk\u0142ad w rozw\u00f3j \u015bwiatowej nauki. Data ta nie jest przypadkowa &#8211; to rocznica urodzin&hellip;<\/p>\n","protected":false},"author":1,"featured_media":11453,"comment_status":"closed","ping_status":"open","sticky":false,"template":"","format":"standard","meta":{"_crdt_document":"","footnotes":""},"categories":[14,98,3,16],"tags":[103,69,68,102,101,6,17],"class_list":["post-11451","post","type-post","status-publish","format-standard","has-post-thumbnail","hentry","category-informatyka-grafika-elektronika","category-mechanika-mechatronika-automatyka","category-szkola","category-wydarzenia","tag-automatyka","tag-elektronika","tag-informatyka-grafika","tag-mechanika","tag-mechatronika","tag-szkola","tag-wydarzenia"],"yoast_head":"<!-- This site is optimized with the Yoast SEO plugin v27.5 - https:\/\/yoast.com\/product\/yoast-seo-wordpress\/ -->\n<title>Dzie\u0144 Nauki Polskiej - \u015awi\u0119to Wiedzy, Pasji i Odkry\u0107 - Zesp\u00f3\u0142 Szk\u00f3\u0142 Technicznych w Suwa\u0142kach<\/title>\n<meta name=\"robots\" content=\"index, follow, max-snippet:-1, max-image-preview:large, max-video-preview:-1\" \/>\n<link rel=\"canonical\" href=\"https:\/\/www.zst.suwalki.pl\/www\/dzien-nauki-polskiej-swieto-wiedzy-pasji-i-odkryc\/\" \/>\n<meta property=\"og:locale\" content=\"pl_PL\" \/>\n<meta property=\"og:type\" content=\"article\" \/>\n<meta property=\"og:title\" content=\"Dzie\u0144 Nauki Polskiej - \u015awi\u0119to Wiedzy, Pasji i Odkry\u0107 - Zesp\u00f3\u0142 Szk\u00f3\u0142 Technicznych w Suwa\u0142kach\" \/>\n<meta property=\"og:description\" content=\"19 lutego co roku obchodzimy Dzie\u0144 Nauki Polskiej. To \u015bwi\u0119to upami\u0119tniaj\u0105ce dorobek polskich naukowc\u00f3w i ich wk\u0142ad w rozw\u00f3j \u015bwiatowej nauki. Data ta nie jest przypadkowa &#8211; to rocznica urodzin&hellip;\" \/>\n<meta property=\"og:url\" content=\"https:\/\/www.zst.suwalki.pl\/www\/dzien-nauki-polskiej-swieto-wiedzy-pasji-i-odkryc\/\" \/>\n<meta property=\"og:site_name\" content=\"Zesp\u00f3\u0142 Szk\u00f3\u0142 Technicznych w Suwa\u0142kach\" \/>\n<meta property=\"article:publisher\" content=\"https:\/\/www.facebook.com\/zstwsuwalkach\" \/>\n<meta property=\"article:published_time\" content=\"2025-02-25T20:34:01+00:00\" \/>\n<meta property=\"og:image\" content=\"https:\/\/www.zst.suwalki.pl\/www\/wp-content\/uploads\/2025\/02\/Clipboard_02-25-2025_01.jpg\" \/>\n\t<meta property=\"og:image:width\" content=\"1223\" \/>\n\t<meta property=\"og:image:height\" content=\"1183\" \/>\n\t<meta property=\"og:image:type\" content=\"image\/jpeg\" \/>\n<meta name=\"author\" content=\"Tomasz Deresz\" \/>\n<meta name=\"twitter:card\" content=\"summary_large_image\" \/>\n<meta name=\"twitter:label1\" content=\"Napisane przez\" \/>\n\t<meta name=\"twitter:data1\" content=\"Tomasz Deresz\" \/>\n\t<meta name=\"twitter:label2\" content=\"Szacowany czas czytania\" \/>\n\t<meta name=\"twitter:data2\" content=\"3 minuty\" \/>\n<script type=\"application\/ld+json\" class=\"yoast-schema-graph\">{\"@context\":\"https:\\\/\\\/schema.org\",\"@graph\":[{\"@type\":\"Article\",\"@id\":\"https:\\\/\\\/www.zst.suwalki.pl\\\/www\\\/dzien-nauki-polskiej-swieto-wiedzy-pasji-i-odkryc\\\/#article\",\"isPartOf\":{\"@id\":\"https:\\\/\\\/www.zst.suwalki.pl\\\/www\\\/dzien-nauki-polskiej-swieto-wiedzy-pasji-i-odkryc\\\/\"},\"author\":{\"name\":\"Tomasz Deresz\",\"@id\":\"https:\\\/\\\/www.zst.suwalki.pl\\\/www\\\/#\\\/schema\\\/person\\\/a693916fbc90629c6c30effca66fe605\"},\"headline\":\"Dzie\u0144 Nauki Polskiej &#8211; \u015awi\u0119to Wiedzy, Pasji i Odkry\u0107\",\"datePublished\":\"2025-02-25T20:34:01+00:00\",\"mainEntityOfPage\":{\"@id\":\"https:\\\/\\\/www.zst.suwalki.pl\\\/www\\\/dzien-nauki-polskiej-swieto-wiedzy-pasji-i-odkryc\\\/\"},\"wordCount\":593,\"publisher\":{\"@id\":\"https:\\\/\\\/www.zst.suwalki.pl\\\/www\\\/#organization\"},\"image\":{\"@id\":\"https:\\\/\\\/www.zst.suwalki.pl\\\/www\\\/dzien-nauki-polskiej-swieto-wiedzy-pasji-i-odkryc\\\/#primaryimage\"},\"thumbnailUrl\":\"https:\\\/\\\/www.zst.suwalki.pl\\\/www\\\/wp-content\\\/uploads\\\/2025\\\/02\\\/Clipboard_02-25-2025_01.jpg\",\"keywords\":[\"automatyka\",\"elektronika\",\"Informatyka, grafika\",\"mechanika\",\"mechatronika\",\"szko\u0142a\",\"wydarzenia\"],\"articleSection\":[\"Informatyka, grafika, elektronika\",\"Mechanika, mechatronika, automatyka\",\"Szko\u0142a\",\"Wydarzenia\"],\"inLanguage\":\"pl-PL\"},{\"@type\":\"WebPage\",\"@id\":\"https:\\\/\\\/www.zst.suwalki.pl\\\/www\\\/dzien-nauki-polskiej-swieto-wiedzy-pasji-i-odkryc\\\/\",\"url\":\"https:\\\/\\\/www.zst.suwalki.pl\\\/www\\\/dzien-nauki-polskiej-swieto-wiedzy-pasji-i-odkryc\\\/\",\"name\":\"Dzie\u0144 Nauki Polskiej - \u015awi\u0119to Wiedzy, Pasji i Odkry\u0107 - Zesp\u00f3\u0142 Szk\u00f3\u0142 Technicznych w Suwa\u0142kach\",\"isPartOf\":{\"@id\":\"https:\\\/\\\/www.zst.suwalki.pl\\\/www\\\/#website\"},\"primaryImageOfPage\":{\"@id\":\"https:\\\/\\\/www.zst.suwalki.pl\\\/www\\\/dzien-nauki-polskiej-swieto-wiedzy-pasji-i-odkryc\\\/#primaryimage\"},\"image\":{\"@id\":\"https:\\\/\\\/www.zst.suwalki.pl\\\/www\\\/dzien-nauki-polskiej-swieto-wiedzy-pasji-i-odkryc\\\/#primaryimage\"},\"thumbnailUrl\":\"https:\\\/\\\/www.zst.suwalki.pl\\\/www\\\/wp-content\\\/uploads\\\/2025\\\/02\\\/Clipboard_02-25-2025_01.jpg\",\"datePublished\":\"2025-02-25T20:34:01+00:00\",\"breadcrumb\":{\"@id\":\"https:\\\/\\\/www.zst.suwalki.pl\\\/www\\\/dzien-nauki-polskiej-swieto-wiedzy-pasji-i-odkryc\\\/#breadcrumb\"},\"inLanguage\":\"pl-PL\",\"potentialAction\":[{\"@type\":\"ReadAction\",\"target\":[\"https:\\\/\\\/www.zst.suwalki.pl\\\/www\\\/dzien-nauki-polskiej-swieto-wiedzy-pasji-i-odkryc\\\/\"]}]},{\"@type\":\"ImageObject\",\"inLanguage\":\"pl-PL\",\"@id\":\"https:\\\/\\\/www.zst.suwalki.pl\\\/www\\\/dzien-nauki-polskiej-swieto-wiedzy-pasji-i-odkryc\\\/#primaryimage\",\"url\":\"https:\\\/\\\/www.zst.suwalki.pl\\\/www\\\/wp-content\\\/uploads\\\/2025\\\/02\\\/Clipboard_02-25-2025_01.jpg\",\"contentUrl\":\"https:\\\/\\\/www.zst.suwalki.pl\\\/www\\\/wp-content\\\/uploads\\\/2025\\\/02\\\/Clipboard_02-25-2025_01.jpg\",\"width\":1223,\"height\":1183},{\"@type\":\"BreadcrumbList\",\"@id\":\"https:\\\/\\\/www.zst.suwalki.pl\\\/www\\\/dzien-nauki-polskiej-swieto-wiedzy-pasji-i-odkryc\\\/#breadcrumb\",\"itemListElement\":[{\"@type\":\"ListItem\",\"position\":1,\"name\":\"Strona g\u0142\u00f3wna\",\"item\":\"https:\\\/\\\/www.zst.suwalki.pl\\\/www\\\/\"},{\"@type\":\"ListItem\",\"position\":2,\"name\":\"Dzie\u0144 Nauki Polskiej &#8211; \u015awi\u0119to Wiedzy, Pasji i Odkry\u0107\"}]},{\"@type\":\"WebSite\",\"@id\":\"https:\\\/\\\/www.zst.suwalki.pl\\\/www\\\/#website\",\"url\":\"https:\\\/\\\/www.zst.suwalki.pl\\\/www\\\/\",\"name\":\"Zesp\u00f3\u0142 Szk\u00f3\u0142 Technicznych w Suwa\u0142kach\",\"description\":\"technikum, suwa\u0142ki, mechatronik, informatyk, teleinformatyk, budownictwo, elektryk, mechanik, monter, fryzjer, cukiernik, grafik,\",\"publisher\":{\"@id\":\"https:\\\/\\\/www.zst.suwalki.pl\\\/www\\\/#organization\"},\"potentialAction\":[{\"@type\":\"SearchAction\",\"target\":{\"@type\":\"EntryPoint\",\"urlTemplate\":\"https:\\\/\\\/www.zst.suwalki.pl\\\/www\\\/?s={search_term_string}\"},\"query-input\":{\"@type\":\"PropertyValueSpecification\",\"valueRequired\":true,\"valueName\":\"search_term_string\"}}],\"inLanguage\":\"pl-PL\"},{\"@type\":\"Organization\",\"@id\":\"https:\\\/\\\/www.zst.suwalki.pl\\\/www\\\/#organization\",\"name\":\"Zesp\u00f3\u0142 Szk\u00f3\u0142 Technicznych w Suwa\u0142kach\",\"url\":\"https:\\\/\\\/www.zst.suwalki.pl\\\/www\\\/\",\"logo\":{\"@type\":\"ImageObject\",\"inLanguage\":\"pl-PL\",\"@id\":\"https:\\\/\\\/www.zst.suwalki.pl\\\/www\\\/#\\\/schema\\\/logo\\\/image\\\/\",\"url\":\"https:\\\/\\\/www.zst.suwalki.pl\\\/www\\\/wp-content\\\/uploads\\\/2019\\\/01\\\/cropped-banner_logo_zst.png\",\"contentUrl\":\"https:\\\/\\\/www.zst.suwalki.pl\\\/www\\\/wp-content\\\/uploads\\\/2019\\\/01\\\/cropped-banner_logo_zst.png\",\"width\":290,\"height\":70,\"caption\":\"Zesp\u00f3\u0142 Szk\u00f3\u0142 Technicznych w Suwa\u0142kach\"},\"image\":{\"@id\":\"https:\\\/\\\/www.zst.suwalki.pl\\\/www\\\/#\\\/schema\\\/logo\\\/image\\\/\"},\"sameAs\":[\"https:\\\/\\\/www.facebook.com\\\/zstwsuwalkach\"]},{\"@type\":\"Person\",\"@id\":\"https:\\\/\\\/www.zst.suwalki.pl\\\/www\\\/#\\\/schema\\\/person\\\/a693916fbc90629c6c30effca66fe605\",\"name\":\"Tomasz Deresz\",\"image\":{\"@type\":\"ImageObject\",\"inLanguage\":\"pl-PL\",\"@id\":\"https:\\\/\\\/secure.gravatar.com\\\/avatar\\\/ca6c0c988daa8a591856abfc4246eb9a06085f661c1370f2187d4efb3ccc4604?s=96&d=mm&r=g\",\"url\":\"https:\\\/\\\/secure.gravatar.com\\\/avatar\\\/ca6c0c988daa8a591856abfc4246eb9a06085f661c1370f2187d4efb3ccc4604?s=96&d=mm&r=g\",\"contentUrl\":\"https:\\\/\\\/secure.gravatar.com\\\/avatar\\\/ca6c0c988daa8a591856abfc4246eb9a06085f661c1370f2187d4efb3ccc4604?s=96&d=mm&r=g\",\"caption\":\"Tomasz Deresz\"},\"url\":\"https:\\\/\\\/www.zst.suwalki.pl\\\/www\\\/author\\\/tomy\\\/\"}]}<\/script>\n<!-- \/ Yoast SEO plugin. -->","yoast_head_json":{"title":"Dzie\u0144 Nauki Polskiej - \u015awi\u0119to Wiedzy, Pasji i Odkry\u0107 - Zesp\u00f3\u0142 Szk\u00f3\u0142 Technicznych w Suwa\u0142kach","robots":{"index":"index","follow":"follow","max-snippet":"max-snippet:-1","max-image-preview":"max-image-preview:large","max-video-preview":"max-video-preview:-1"},"canonical":"https:\/\/www.zst.suwalki.pl\/www\/dzien-nauki-polskiej-swieto-wiedzy-pasji-i-odkryc\/","og_locale":"pl_PL","og_type":"article","og_title":"Dzie\u0144 Nauki Polskiej - \u015awi\u0119to Wiedzy, Pasji i Odkry\u0107 - Zesp\u00f3\u0142 Szk\u00f3\u0142 Technicznych w Suwa\u0142kach","og_description":"19 lutego co roku obchodzimy Dzie\u0144 Nauki Polskiej. To \u015bwi\u0119to upami\u0119tniaj\u0105ce dorobek polskich naukowc\u00f3w i ich wk\u0142ad w rozw\u00f3j \u015bwiatowej nauki. Data ta nie jest przypadkowa &#8211; to rocznica urodzin&hellip;","og_url":"https:\/\/www.zst.suwalki.pl\/www\/dzien-nauki-polskiej-swieto-wiedzy-pasji-i-odkryc\/","og_site_name":"Zesp\u00f3\u0142 Szk\u00f3\u0142 Technicznych w Suwa\u0142kach","article_publisher":"https:\/\/www.facebook.com\/zstwsuwalkach","article_published_time":"2025-02-25T20:34:01+00:00","og_image":[{"width":1223,"height":1183,"url":"https:\/\/www.zst.suwalki.pl\/www\/wp-content\/uploads\/2025\/02\/Clipboard_02-25-2025_01.jpg","type":"image\/jpeg"}],"author":"Tomasz Deresz","twitter_card":"summary_large_image","twitter_misc":{"Napisane przez":"Tomasz Deresz","Szacowany czas czytania":"3 minuty"},"schema":{"@context":"https:\/\/schema.org","@graph":[{"@type":"Article","@id":"https:\/\/www.zst.suwalki.pl\/www\/dzien-nauki-polskiej-swieto-wiedzy-pasji-i-odkryc\/#article","isPartOf":{"@id":"https:\/\/www.zst.suwalki.pl\/www\/dzien-nauki-polskiej-swieto-wiedzy-pasji-i-odkryc\/"},"author":{"name":"Tomasz Deresz","@id":"https:\/\/www.zst.suwalki.pl\/www\/#\/schema\/person\/a693916fbc90629c6c30effca66fe605"},"headline":"Dzie\u0144 Nauki Polskiej &#8211; \u015awi\u0119to Wiedzy, Pasji i Odkry\u0107","datePublished":"2025-02-25T20:34:01+00:00","mainEntityOfPage":{"@id":"https:\/\/www.zst.suwalki.pl\/www\/dzien-nauki-polskiej-swieto-wiedzy-pasji-i-odkryc\/"},"wordCount":593,"publisher":{"@id":"https:\/\/www.zst.suwalki.pl\/www\/#organization"},"image":{"@id":"https:\/\/www.zst.suwalki.pl\/www\/dzien-nauki-polskiej-swieto-wiedzy-pasji-i-odkryc\/#primaryimage"},"thumbnailUrl":"https:\/\/www.zst.suwalki.pl\/www\/wp-content\/uploads\/2025\/02\/Clipboard_02-25-2025_01.jpg","keywords":["automatyka","elektronika","Informatyka, grafika","mechanika","mechatronika","szko\u0142a","wydarzenia"],"articleSection":["Informatyka, grafika, elektronika","Mechanika, mechatronika, automatyka","Szko\u0142a","Wydarzenia"],"inLanguage":"pl-PL"},{"@type":"WebPage","@id":"https:\/\/www.zst.suwalki.pl\/www\/dzien-nauki-polskiej-swieto-wiedzy-pasji-i-odkryc\/","url":"https:\/\/www.zst.suwalki.pl\/www\/dzien-nauki-polskiej-swieto-wiedzy-pasji-i-odkryc\/","name":"Dzie\u0144 Nauki Polskiej - \u015awi\u0119to Wiedzy, Pasji i Odkry\u0107 - Zesp\u00f3\u0142 Szk\u00f3\u0142 Technicznych w Suwa\u0142kach","isPartOf":{"@id":"https:\/\/www.zst.suwalki.pl\/www\/#website"},"primaryImageOfPage":{"@id":"https:\/\/www.zst.suwalki.pl\/www\/dzien-nauki-polskiej-swieto-wiedzy-pasji-i-odkryc\/#primaryimage"},"image":{"@id":"https:\/\/www.zst.suwalki.pl\/www\/dzien-nauki-polskiej-swieto-wiedzy-pasji-i-odkryc\/#primaryimage"},"thumbnailUrl":"https:\/\/www.zst.suwalki.pl\/www\/wp-content\/uploads\/2025\/02\/Clipboard_02-25-2025_01.jpg","datePublished":"2025-02-25T20:34:01+00:00","breadcrumb":{"@id":"https:\/\/www.zst.suwalki.pl\/www\/dzien-nauki-polskiej-swieto-wiedzy-pasji-i-odkryc\/#breadcrumb"},"inLanguage":"pl-PL","potentialAction":[{"@type":"ReadAction","target":["https:\/\/www.zst.suwalki.pl\/www\/dzien-nauki-polskiej-swieto-wiedzy-pasji-i-odkryc\/"]}]},{"@type":"ImageObject","inLanguage":"pl-PL","@id":"https:\/\/www.zst.suwalki.pl\/www\/dzien-nauki-polskiej-swieto-wiedzy-pasji-i-odkryc\/#primaryimage","url":"https:\/\/www.zst.suwalki.pl\/www\/wp-content\/uploads\/2025\/02\/Clipboard_02-25-2025_01.jpg","contentUrl":"https:\/\/www.zst.suwalki.pl\/www\/wp-content\/uploads\/2025\/02\/Clipboard_02-25-2025_01.jpg","width":1223,"height":1183},{"@type":"BreadcrumbList","@id":"https:\/\/www.zst.suwalki.pl\/www\/dzien-nauki-polskiej-swieto-wiedzy-pasji-i-odkryc\/#breadcrumb","itemListElement":[{"@type":"ListItem","position":1,"name":"Strona g\u0142\u00f3wna","item":"https:\/\/www.zst.suwalki.pl\/www\/"},{"@type":"ListItem","position":2,"name":"Dzie\u0144 Nauki Polskiej &#8211; \u015awi\u0119to Wiedzy, Pasji i Odkry\u0107"}]},{"@type":"WebSite","@id":"https:\/\/www.zst.suwalki.pl\/www\/#website","url":"https:\/\/www.zst.suwalki.pl\/www\/","name":"Zesp\u00f3\u0142 Szk\u00f3\u0142 Technicznych w Suwa\u0142kach","description":"technikum, suwa\u0142ki, mechatronik, informatyk, teleinformatyk, budownictwo, elektryk, mechanik, monter, fryzjer, cukiernik, grafik,","publisher":{"@id":"https:\/\/www.zst.suwalki.pl\/www\/#organization"},"potentialAction":[{"@type":"SearchAction","target":{"@type":"EntryPoint","urlTemplate":"https:\/\/www.zst.suwalki.pl\/www\/?s={search_term_string}"},"query-input":{"@type":"PropertyValueSpecification","valueRequired":true,"valueName":"search_term_string"}}],"inLanguage":"pl-PL"},{"@type":"Organization","@id":"https:\/\/www.zst.suwalki.pl\/www\/#organization","name":"Zesp\u00f3\u0142 Szk\u00f3\u0142 Technicznych w Suwa\u0142kach","url":"https:\/\/www.zst.suwalki.pl\/www\/","logo":{"@type":"ImageObject","inLanguage":"pl-PL","@id":"https:\/\/www.zst.suwalki.pl\/www\/#\/schema\/logo\/image\/","url":"https:\/\/www.zst.suwalki.pl\/www\/wp-content\/uploads\/2019\/01\/cropped-banner_logo_zst.png","contentUrl":"https:\/\/www.zst.suwalki.pl\/www\/wp-content\/uploads\/2019\/01\/cropped-banner_logo_zst.png","width":290,"height":70,"caption":"Zesp\u00f3\u0142 Szk\u00f3\u0142 Technicznych w Suwa\u0142kach"},"image":{"@id":"https:\/\/www.zst.suwalki.pl\/www\/#\/schema\/logo\/image\/"},"sameAs":["https:\/\/www.facebook.com\/zstwsuwalkach"]},{"@type":"Person","@id":"https:\/\/www.zst.suwalki.pl\/www\/#\/schema\/person\/a693916fbc90629c6c30effca66fe605","name":"Tomasz Deresz","image":{"@type":"ImageObject","inLanguage":"pl-PL","@id":"https:\/\/secure.gravatar.com\/avatar\/ca6c0c988daa8a591856abfc4246eb9a06085f661c1370f2187d4efb3ccc4604?s=96&d=mm&r=g","url":"https:\/\/secure.gravatar.com\/avatar\/ca6c0c988daa8a591856abfc4246eb9a06085f661c1370f2187d4efb3ccc4604?s=96&d=mm&r=g","contentUrl":"https:\/\/secure.gravatar.com\/avatar\/ca6c0c988daa8a591856abfc4246eb9a06085f661c1370f2187d4efb3ccc4604?s=96&d=mm&r=g","caption":"Tomasz Deresz"},"url":"https:\/\/www.zst.suwalki.pl\/www\/author\/tomy\/"}]}},"_links":{"self":[{"href":"https:\/\/www.zst.suwalki.pl\/www\/wp-json\/wp\/v2\/posts\/11451","targetHints":{"allow":["GET"]}}],"collection":[{"href":"https:\/\/www.zst.suwalki.pl\/www\/wp-json\/wp\/v2\/posts"}],"about":[{"href":"https:\/\/www.zst.suwalki.pl\/www\/wp-json\/wp\/v2\/types\/post"}],"author":[{"embeddable":true,"href":"https:\/\/www.zst.suwalki.pl\/www\/wp-json\/wp\/v2\/users\/1"}],"replies":[{"embeddable":true,"href":"https:\/\/www.zst.suwalki.pl\/www\/wp-json\/wp\/v2\/comments?post=11451"}],"version-history":[{"count":1,"href":"https:\/\/www.zst.suwalki.pl\/www\/wp-json\/wp\/v2\/posts\/11451\/revisions"}],"predecessor-version":[{"id":11454,"href":"https:\/\/www.zst.suwalki.pl\/www\/wp-json\/wp\/v2\/posts\/11451\/revisions\/11454"}],"wp:featuredmedia":[{"embeddable":true,"href":"https:\/\/www.zst.suwalki.pl\/www\/wp-json\/wp\/v2\/media\/11453"}],"wp:attachment":[{"href":"https:\/\/www.zst.suwalki.pl\/www\/wp-json\/wp\/v2\/media?parent=11451"}],"wp:term":[{"taxonomy":"category","embeddable":true,"href":"https:\/\/www.zst.suwalki.pl\/www\/wp-json\/wp\/v2\/categories?post=11451"},{"taxonomy":"post_tag","embeddable":true,"href":"https:\/\/www.zst.suwalki.pl\/www\/wp-json\/wp\/v2\/tags?post=11451"}],"curies":[{"name":"wp","href":"https:\/\/api.w.org\/{rel}","templated":true}]}}