{"id":11777,"date":"2025-07-02T16:28:27","date_gmt":"2025-07-02T14:28:27","guid":{"rendered":"https:\/\/www.zst.suwalki.pl\/www\/?p=11777"},"modified":"2025-07-02T16:28:27","modified_gmt":"2025-07-02T14:28:27","slug":"harmonogram-egzaminow-poprawkowych-w-roku-szkolnym-2024-2025","status":"publish","type":"post","link":"https:\/\/www.zst.suwalki.pl\/www\/harmonogram-egzaminow-poprawkowych-w-roku-szkolnym-2024-2025\/","title":{"rendered":"Harmonogram egzamin\u00f3w poprawkowych w roku szkolnym 2024\/2025"},"content":{"rendered":"<p>Harmonogram egzamin\u00f3w poprawkowych w roku szkolnym 2024\/2025:<\/p>\n<p><!--more--><\/p>\n<p><strong>I. MATEMATYKA \u2013 25.08.2025 r. (poniedzia\u0142ek)<\/strong><br \/>\n1) cz\u0119\u015b\u0107 pisemna: godz. 8.30 \u2013 9.15<br \/>\n2) cz\u0119\u015b\u0107 ustna: od godz. 10.00<\/p>\n<p><strong>1 TG, 3 TGA, 3 TGB, 3 TBB, 2 wzB \u2013 s. 205<\/strong><br \/>\nKomisja: Bart\u0142omiej Miko\u0142ajczyk \u2013 przewodnicz\u0105cy komisji<br \/>\nAndrzej Jurgielewicz \u2013 egzaminator<br \/>\n\u0141ukasz Erenc \u2013 egzaminator<\/p>\n<p><strong>1 TB, 1 TM, 3 TM, 3 TI, 3 TMR, 4 TG, 5 TMR, 5 TA \u2013 s. 201<\/strong><br \/>\nKomisja: Dorota Kossa-Szoch \u2013 przewodnicz\u0105ca komisji<br \/>\nGra\u017cyna Mazalewska \u2013 egzaminator<br \/>\nMarzena Chmielewska \u2013 egzaminator<\/p>\n<p><strong>1 TEL, 2 TM, 2 TI, 2 TGA, 2 TBB \u2013 s. 204<\/strong><br \/>\nKomisja: Lech Boniszewski \u2013 przewodnicz\u0105cy komisji<br \/>\nJowita Radziszewska \u2013 egzaminator<br \/>\nArtur Kuczy\u0144ski \u2013 egzaminator<\/p>\n<p>&nbsp;<\/p>\n<p><strong>II. J\u0118ZYK POLSKI \u2013 26.08.2025 r. (wtorek)<\/strong><br \/>\n1) cz\u0119\u015b\u0107 pisemna: godz. 8.30 \u2013 9.15<br \/>\n2) cz\u0119\u015b\u0107 ustna: od godz. 10.00<\/p>\n<p><strong>3 TI, 4 TMR, 5 TA, 5 TI \u2013 s. 105<\/strong><br \/>\nKomisja: Dorota Kossa-Szoch \u2013 przewodnicz\u0105ca komisji<br \/>\nMagdalena Ja\u015bkiewicz \u2013 egzaminator<br \/>\nHubert Stojanowski \u2013 egzaminator<\/p>\n<p><strong>1 TEL, 2 TBA, 5 TMR, 1 wzA \u2013 s. 104<\/strong><br \/>\nKomisja: Bart\u0142omiej Miko\u0142ajczyk \u2013 przewodnicz\u0105cy komisji<br \/>\nMagdalena Siwko \u2013 egzaminator<br \/>\nRafa\u0142 Jaczewski \u2013 egzaminator<\/p>\n<p><strong>III. J\u0118ZYK ANGIELSKI \u2013 27.08.2025 r. (\u015broda)<\/strong><br \/>\n1) cz\u0119\u015b\u0107 pisemna: godz. 8.30 \u2013 9.15<br \/>\n2) cz\u0119\u015b\u0107 ustna: od godz. 9.30<\/p>\n<p><strong>2 wzB \u2013 s. 105<\/strong><br \/>\nKomisja: Bart\u0142omiej Miko\u0142ajczyk \u2013 przewodnicz\u0105cy komisji<br \/>\nGerard G\u0142o\u015bny \u2013 egzaminator<br \/>\nKamila Ku\u015b-Tomkiewicz \u2013 egzaminator<\/p>\n<p><strong>Szczeg\u00f3\u0142owy harmonogram egzamin\u00f3w poprawkowych znajduje si\u0119 w sekretariacie uczniowskim (pok\u00f3j nr 5) oraz sekretariacie szko\u0142y (pok\u00f3j nr 7).<\/strong><\/p>\n<p>&nbsp;<\/p>\n","protected":false},"excerpt":{"rendered":"<p>Harmonogram egzamin\u00f3w poprawkowych w roku szkolnym 2024\/2025:<\/p>\n","protected":false},"author":1,"featured_media":11779,"comment_status":"closed","ping_status":"open","sticky":false,"template":"","format":"standard","meta":{"_crdt_document":"","footnotes":""},"categories":[38,3],"tags":[39,6],"class_list":["post-11777","post","type-post","status-publish","format-standard","has-post-thumbnail","hentry","category-ogloszenia-i-komunikaty","category-szkola","tag-ogloszenia-i-komunikaty","tag-szkola"],"yoast_head":"<!-- This site is optimized with the Yoast SEO plugin v27.4 - https:\/\/yoast.com\/product\/yoast-seo-wordpress\/ -->\n<title>Harmonogram egzamin\u00f3w poprawkowych w roku szkolnym 2024\/2025 - Zesp\u00f3\u0142 Szk\u00f3\u0142 Technicznych w Suwa\u0142kach<\/title>\n<meta name=\"robots\" content=\"index, follow, max-snippet:-1, max-image-preview:large, max-video-preview:-1\" \/>\n<link rel=\"canonical\" href=\"https:\/\/www.zst.suwalki.pl\/www\/harmonogram-egzaminow-poprawkowych-w-roku-szkolnym-2024-2025\/\" \/>\n<meta property=\"og:locale\" content=\"pl_PL\" \/>\n<meta property=\"og:type\" content=\"article\" \/>\n<meta property=\"og:title\" content=\"Harmonogram egzamin\u00f3w poprawkowych w roku szkolnym 2024\/2025 - Zesp\u00f3\u0142 Szk\u00f3\u0142 Technicznych w Suwa\u0142kach\" \/>\n<meta property=\"og:description\" content=\"Harmonogram egzamin\u00f3w poprawkowych w roku szkolnym 2024\/2025:\" \/>\n<meta property=\"og:url\" content=\"https:\/\/www.zst.suwalki.pl\/www\/harmonogram-egzaminow-poprawkowych-w-roku-szkolnym-2024-2025\/\" \/>\n<meta property=\"og:site_name\" content=\"Zesp\u00f3\u0142 Szk\u00f3\u0142 Technicznych w Suwa\u0142kach\" \/>\n<meta property=\"article:publisher\" content=\"https:\/\/www.facebook.com\/zstwsuwalkach\" \/>\n<meta property=\"article:published_time\" content=\"2025-07-02T14:28:27+00:00\" \/>\n<meta property=\"og:image\" content=\"https:\/\/www.zst.suwalki.pl\/www\/wp-content\/uploads\/2025\/07\/harm_egz_poprawkowych_post.jpg\" \/>\n\t<meta property=\"og:image:width\" content=\"1080\" \/>\n\t<meta property=\"og:image:height\" content=\"1080\" \/>\n\t<meta property=\"og:image:type\" content=\"image\/jpeg\" \/>\n<meta name=\"author\" content=\"Tomasz Deresz\" \/>\n<meta name=\"twitter:card\" content=\"summary_large_image\" \/>\n<meta name=\"twitter:label1\" content=\"Napisane przez\" \/>\n\t<meta name=\"twitter:data1\" content=\"Tomasz Deresz\" \/>\n\t<meta name=\"twitter:label2\" content=\"Szacowany czas czytania\" \/>\n\t<meta name=\"twitter:data2\" content=\"1 minuta\" \/>\n<script type=\"application\/ld+json\" class=\"yoast-schema-graph\">{\"@context\":\"https:\\\/\\\/schema.org\",\"@graph\":[{\"@type\":\"Article\",\"@id\":\"https:\\\/\\\/www.zst.suwalki.pl\\\/www\\\/harmonogram-egzaminow-poprawkowych-w-roku-szkolnym-2024-2025\\\/#article\",\"isPartOf\":{\"@id\":\"https:\\\/\\\/www.zst.suwalki.pl\\\/www\\\/harmonogram-egzaminow-poprawkowych-w-roku-szkolnym-2024-2025\\\/\"},\"author\":{\"name\":\"Tomasz Deresz\",\"@id\":\"https:\\\/\\\/www.zst.suwalki.pl\\\/www\\\/#\\\/schema\\\/person\\\/a693916fbc90629c6c30effca66fe605\"},\"headline\":\"Harmonogram egzamin\u00f3w poprawkowych w roku szkolnym 2024\\\/2025\",\"datePublished\":\"2025-07-02T14:28:27+00:00\",\"mainEntityOfPage\":{\"@id\":\"https:\\\/\\\/www.zst.suwalki.pl\\\/www\\\/harmonogram-egzaminow-poprawkowych-w-roku-szkolnym-2024-2025\\\/\"},\"wordCount\":192,\"publisher\":{\"@id\":\"https:\\\/\\\/www.zst.suwalki.pl\\\/www\\\/#organization\"},\"image\":{\"@id\":\"https:\\\/\\\/www.zst.suwalki.pl\\\/www\\\/harmonogram-egzaminow-poprawkowych-w-roku-szkolnym-2024-2025\\\/#primaryimage\"},\"thumbnailUrl\":\"https:\\\/\\\/www.zst.suwalki.pl\\\/www\\\/wp-content\\\/uploads\\\/2025\\\/07\\\/harm_egz_poprawkowych_post.jpg\",\"keywords\":[\"og\u0142oszenia i komunikaty\",\"szko\u0142a\"],\"articleSection\":[\"Og\u0142oszenia i komunikaty\",\"Szko\u0142a\"],\"inLanguage\":\"pl-PL\"},{\"@type\":\"WebPage\",\"@id\":\"https:\\\/\\\/www.zst.suwalki.pl\\\/www\\\/harmonogram-egzaminow-poprawkowych-w-roku-szkolnym-2024-2025\\\/\",\"url\":\"https:\\\/\\\/www.zst.suwalki.pl\\\/www\\\/harmonogram-egzaminow-poprawkowych-w-roku-szkolnym-2024-2025\\\/\",\"name\":\"Harmonogram egzamin\u00f3w poprawkowych w roku szkolnym 2024\\\/2025 - Zesp\u00f3\u0142 Szk\u00f3\u0142 Technicznych w Suwa\u0142kach\",\"isPartOf\":{\"@id\":\"https:\\\/\\\/www.zst.suwalki.pl\\\/www\\\/#website\"},\"primaryImageOfPage\":{\"@id\":\"https:\\\/\\\/www.zst.suwalki.pl\\\/www\\\/harmonogram-egzaminow-poprawkowych-w-roku-szkolnym-2024-2025\\\/#primaryimage\"},\"image\":{\"@id\":\"https:\\\/\\\/www.zst.suwalki.pl\\\/www\\\/harmonogram-egzaminow-poprawkowych-w-roku-szkolnym-2024-2025\\\/#primaryimage\"},\"thumbnailUrl\":\"https:\\\/\\\/www.zst.suwalki.pl\\\/www\\\/wp-content\\\/uploads\\\/2025\\\/07\\\/harm_egz_poprawkowych_post.jpg\",\"datePublished\":\"2025-07-02T14:28:27+00:00\",\"breadcrumb\":{\"@id\":\"https:\\\/\\\/www.zst.suwalki.pl\\\/www\\\/harmonogram-egzaminow-poprawkowych-w-roku-szkolnym-2024-2025\\\/#breadcrumb\"},\"inLanguage\":\"pl-PL\",\"potentialAction\":[{\"@type\":\"ReadAction\",\"target\":[\"https:\\\/\\\/www.zst.suwalki.pl\\\/www\\\/harmonogram-egzaminow-poprawkowych-w-roku-szkolnym-2024-2025\\\/\"]}]},{\"@type\":\"ImageObject\",\"inLanguage\":\"pl-PL\",\"@id\":\"https:\\\/\\\/www.zst.suwalki.pl\\\/www\\\/harmonogram-egzaminow-poprawkowych-w-roku-szkolnym-2024-2025\\\/#primaryimage\",\"url\":\"https:\\\/\\\/www.zst.suwalki.pl\\\/www\\\/wp-content\\\/uploads\\\/2025\\\/07\\\/harm_egz_poprawkowych_post.jpg\",\"contentUrl\":\"https:\\\/\\\/www.zst.suwalki.pl\\\/www\\\/wp-content\\\/uploads\\\/2025\\\/07\\\/harm_egz_poprawkowych_post.jpg\",\"width\":1080,\"height\":1080},{\"@type\":\"BreadcrumbList\",\"@id\":\"https:\\\/\\\/www.zst.suwalki.pl\\\/www\\\/harmonogram-egzaminow-poprawkowych-w-roku-szkolnym-2024-2025\\\/#breadcrumb\",\"itemListElement\":[{\"@type\":\"ListItem\",\"position\":1,\"name\":\"Strona g\u0142\u00f3wna\",\"item\":\"https:\\\/\\\/www.zst.suwalki.pl\\\/www\\\/\"},{\"@type\":\"ListItem\",\"position\":2,\"name\":\"Harmonogram egzamin\u00f3w poprawkowych w roku szkolnym 2024\\\/2025\"}]},{\"@type\":\"WebSite\",\"@id\":\"https:\\\/\\\/www.zst.suwalki.pl\\\/www\\\/#website\",\"url\":\"https:\\\/\\\/www.zst.suwalki.pl\\\/www\\\/\",\"name\":\"Zesp\u00f3\u0142 Szk\u00f3\u0142 Technicznych w Suwa\u0142kach\",\"description\":\"technikum, suwa\u0142ki, mechatronik, informatyk, teleinformatyk, budownictwo, elektryk, mechanik, monter, fryzjer, cukiernik, grafik,\",\"publisher\":{\"@id\":\"https:\\\/\\\/www.zst.suwalki.pl\\\/www\\\/#organization\"},\"potentialAction\":[{\"@type\":\"SearchAction\",\"target\":{\"@type\":\"EntryPoint\",\"urlTemplate\":\"https:\\\/\\\/www.zst.suwalki.pl\\\/www\\\/?s={search_term_string}\"},\"query-input\":{\"@type\":\"PropertyValueSpecification\",\"valueRequired\":true,\"valueName\":\"search_term_string\"}}],\"inLanguage\":\"pl-PL\"},{\"@type\":\"Organization\",\"@id\":\"https:\\\/\\\/www.zst.suwalki.pl\\\/www\\\/#organization\",\"name\":\"Zesp\u00f3\u0142 Szk\u00f3\u0142 Technicznych w Suwa\u0142kach\",\"url\":\"https:\\\/\\\/www.zst.suwalki.pl\\\/www\\\/\",\"logo\":{\"@type\":\"ImageObject\",\"inLanguage\":\"pl-PL\",\"@id\":\"https:\\\/\\\/www.zst.suwalki.pl\\\/www\\\/#\\\/schema\\\/logo\\\/image\\\/\",\"url\":\"https:\\\/\\\/www.zst.suwalki.pl\\\/www\\\/wp-content\\\/uploads\\\/2019\\\/01\\\/cropped-banner_logo_zst.png\",\"contentUrl\":\"https:\\\/\\\/www.zst.suwalki.pl\\\/www\\\/wp-content\\\/uploads\\\/2019\\\/01\\\/cropped-banner_logo_zst.png\",\"width\":290,\"height\":70,\"caption\":\"Zesp\u00f3\u0142 Szk\u00f3\u0142 Technicznych w Suwa\u0142kach\"},\"image\":{\"@id\":\"https:\\\/\\\/www.zst.suwalki.pl\\\/www\\\/#\\\/schema\\\/logo\\\/image\\\/\"},\"sameAs\":[\"https:\\\/\\\/www.facebook.com\\\/zstwsuwalkach\"]},{\"@type\":\"Person\",\"@id\":\"https:\\\/\\\/www.zst.suwalki.pl\\\/www\\\/#\\\/schema\\\/person\\\/a693916fbc90629c6c30effca66fe605\",\"name\":\"Tomasz Deresz\",\"image\":{\"@type\":\"ImageObject\",\"inLanguage\":\"pl-PL\",\"@id\":\"https:\\\/\\\/secure.gravatar.com\\\/avatar\\\/ca6c0c988daa8a591856abfc4246eb9a06085f661c1370f2187d4efb3ccc4604?s=96&d=mm&r=g\",\"url\":\"https:\\\/\\\/secure.gravatar.com\\\/avatar\\\/ca6c0c988daa8a591856abfc4246eb9a06085f661c1370f2187d4efb3ccc4604?s=96&d=mm&r=g\",\"contentUrl\":\"https:\\\/\\\/secure.gravatar.com\\\/avatar\\\/ca6c0c988daa8a591856abfc4246eb9a06085f661c1370f2187d4efb3ccc4604?s=96&d=mm&r=g\",\"caption\":\"Tomasz Deresz\"},\"url\":\"https:\\\/\\\/www.zst.suwalki.pl\\\/www\\\/author\\\/tomy\\\/\"}]}<\/script>\n<!-- \/ Yoast SEO plugin. -->","yoast_head_json":{"title":"Harmonogram egzamin\u00f3w poprawkowych w roku szkolnym 2024\/2025 - Zesp\u00f3\u0142 Szk\u00f3\u0142 Technicznych w Suwa\u0142kach","robots":{"index":"index","follow":"follow","max-snippet":"max-snippet:-1","max-image-preview":"max-image-preview:large","max-video-preview":"max-video-preview:-1"},"canonical":"https:\/\/www.zst.suwalki.pl\/www\/harmonogram-egzaminow-poprawkowych-w-roku-szkolnym-2024-2025\/","og_locale":"pl_PL","og_type":"article","og_title":"Harmonogram egzamin\u00f3w poprawkowych w roku szkolnym 2024\/2025 - Zesp\u00f3\u0142 Szk\u00f3\u0142 Technicznych w Suwa\u0142kach","og_description":"Harmonogram egzamin\u00f3w poprawkowych w roku szkolnym 2024\/2025:","og_url":"https:\/\/www.zst.suwalki.pl\/www\/harmonogram-egzaminow-poprawkowych-w-roku-szkolnym-2024-2025\/","og_site_name":"Zesp\u00f3\u0142 Szk\u00f3\u0142 Technicznych w Suwa\u0142kach","article_publisher":"https:\/\/www.facebook.com\/zstwsuwalkach","article_published_time":"2025-07-02T14:28:27+00:00","og_image":[{"width":1080,"height":1080,"url":"https:\/\/www.zst.suwalki.pl\/www\/wp-content\/uploads\/2025\/07\/harm_egz_poprawkowych_post.jpg","type":"image\/jpeg"}],"author":"Tomasz Deresz","twitter_card":"summary_large_image","twitter_misc":{"Napisane przez":"Tomasz Deresz","Szacowany czas czytania":"1 minuta"},"schema":{"@context":"https:\/\/schema.org","@graph":[{"@type":"Article","@id":"https:\/\/www.zst.suwalki.pl\/www\/harmonogram-egzaminow-poprawkowych-w-roku-szkolnym-2024-2025\/#article","isPartOf":{"@id":"https:\/\/www.zst.suwalki.pl\/www\/harmonogram-egzaminow-poprawkowych-w-roku-szkolnym-2024-2025\/"},"author":{"name":"Tomasz Deresz","@id":"https:\/\/www.zst.suwalki.pl\/www\/#\/schema\/person\/a693916fbc90629c6c30effca66fe605"},"headline":"Harmonogram egzamin\u00f3w poprawkowych w roku szkolnym 2024\/2025","datePublished":"2025-07-02T14:28:27+00:00","mainEntityOfPage":{"@id":"https:\/\/www.zst.suwalki.pl\/www\/harmonogram-egzaminow-poprawkowych-w-roku-szkolnym-2024-2025\/"},"wordCount":192,"publisher":{"@id":"https:\/\/www.zst.suwalki.pl\/www\/#organization"},"image":{"@id":"https:\/\/www.zst.suwalki.pl\/www\/harmonogram-egzaminow-poprawkowych-w-roku-szkolnym-2024-2025\/#primaryimage"},"thumbnailUrl":"https:\/\/www.zst.suwalki.pl\/www\/wp-content\/uploads\/2025\/07\/harm_egz_poprawkowych_post.jpg","keywords":["og\u0142oszenia i komunikaty","szko\u0142a"],"articleSection":["Og\u0142oszenia i komunikaty","Szko\u0142a"],"inLanguage":"pl-PL"},{"@type":"WebPage","@id":"https:\/\/www.zst.suwalki.pl\/www\/harmonogram-egzaminow-poprawkowych-w-roku-szkolnym-2024-2025\/","url":"https:\/\/www.zst.suwalki.pl\/www\/harmonogram-egzaminow-poprawkowych-w-roku-szkolnym-2024-2025\/","name":"Harmonogram egzamin\u00f3w poprawkowych w roku szkolnym 2024\/2025 - Zesp\u00f3\u0142 Szk\u00f3\u0142 Technicznych w Suwa\u0142kach","isPartOf":{"@id":"https:\/\/www.zst.suwalki.pl\/www\/#website"},"primaryImageOfPage":{"@id":"https:\/\/www.zst.suwalki.pl\/www\/harmonogram-egzaminow-poprawkowych-w-roku-szkolnym-2024-2025\/#primaryimage"},"image":{"@id":"https:\/\/www.zst.suwalki.pl\/www\/harmonogram-egzaminow-poprawkowych-w-roku-szkolnym-2024-2025\/#primaryimage"},"thumbnailUrl":"https:\/\/www.zst.suwalki.pl\/www\/wp-content\/uploads\/2025\/07\/harm_egz_poprawkowych_post.jpg","datePublished":"2025-07-02T14:28:27+00:00","breadcrumb":{"@id":"https:\/\/www.zst.suwalki.pl\/www\/harmonogram-egzaminow-poprawkowych-w-roku-szkolnym-2024-2025\/#breadcrumb"},"inLanguage":"pl-PL","potentialAction":[{"@type":"ReadAction","target":["https:\/\/www.zst.suwalki.pl\/www\/harmonogram-egzaminow-poprawkowych-w-roku-szkolnym-2024-2025\/"]}]},{"@type":"ImageObject","inLanguage":"pl-PL","@id":"https:\/\/www.zst.suwalki.pl\/www\/harmonogram-egzaminow-poprawkowych-w-roku-szkolnym-2024-2025\/#primaryimage","url":"https:\/\/www.zst.suwalki.pl\/www\/wp-content\/uploads\/2025\/07\/harm_egz_poprawkowych_post.jpg","contentUrl":"https:\/\/www.zst.suwalki.pl\/www\/wp-content\/uploads\/2025\/07\/harm_egz_poprawkowych_post.jpg","width":1080,"height":1080},{"@type":"BreadcrumbList","@id":"https:\/\/www.zst.suwalki.pl\/www\/harmonogram-egzaminow-poprawkowych-w-roku-szkolnym-2024-2025\/#breadcrumb","itemListElement":[{"@type":"ListItem","position":1,"name":"Strona g\u0142\u00f3wna","item":"https:\/\/www.zst.suwalki.pl\/www\/"},{"@type":"ListItem","position":2,"name":"Harmonogram egzamin\u00f3w poprawkowych w roku szkolnym 2024\/2025"}]},{"@type":"WebSite","@id":"https:\/\/www.zst.suwalki.pl\/www\/#website","url":"https:\/\/www.zst.suwalki.pl\/www\/","name":"Zesp\u00f3\u0142 Szk\u00f3\u0142 Technicznych w Suwa\u0142kach","description":"technikum, suwa\u0142ki, mechatronik, informatyk, teleinformatyk, budownictwo, elektryk, mechanik, monter, fryzjer, cukiernik, grafik,","publisher":{"@id":"https:\/\/www.zst.suwalki.pl\/www\/#organization"},"potentialAction":[{"@type":"SearchAction","target":{"@type":"EntryPoint","urlTemplate":"https:\/\/www.zst.suwalki.pl\/www\/?s={search_term_string}"},"query-input":{"@type":"PropertyValueSpecification","valueRequired":true,"valueName":"search_term_string"}}],"inLanguage":"pl-PL"},{"@type":"Organization","@id":"https:\/\/www.zst.suwalki.pl\/www\/#organization","name":"Zesp\u00f3\u0142 Szk\u00f3\u0142 Technicznych w Suwa\u0142kach","url":"https:\/\/www.zst.suwalki.pl\/www\/","logo":{"@type":"ImageObject","inLanguage":"pl-PL","@id":"https:\/\/www.zst.suwalki.pl\/www\/#\/schema\/logo\/image\/","url":"https:\/\/www.zst.suwalki.pl\/www\/wp-content\/uploads\/2019\/01\/cropped-banner_logo_zst.png","contentUrl":"https:\/\/www.zst.suwalki.pl\/www\/wp-content\/uploads\/2019\/01\/cropped-banner_logo_zst.png","width":290,"height":70,"caption":"Zesp\u00f3\u0142 Szk\u00f3\u0142 Technicznych w Suwa\u0142kach"},"image":{"@id":"https:\/\/www.zst.suwalki.pl\/www\/#\/schema\/logo\/image\/"},"sameAs":["https:\/\/www.facebook.com\/zstwsuwalkach"]},{"@type":"Person","@id":"https:\/\/www.zst.suwalki.pl\/www\/#\/schema\/person\/a693916fbc90629c6c30effca66fe605","name":"Tomasz Deresz","image":{"@type":"ImageObject","inLanguage":"pl-PL","@id":"https:\/\/secure.gravatar.com\/avatar\/ca6c0c988daa8a591856abfc4246eb9a06085f661c1370f2187d4efb3ccc4604?s=96&d=mm&r=g","url":"https:\/\/secure.gravatar.com\/avatar\/ca6c0c988daa8a591856abfc4246eb9a06085f661c1370f2187d4efb3ccc4604?s=96&d=mm&r=g","contentUrl":"https:\/\/secure.gravatar.com\/avatar\/ca6c0c988daa8a591856abfc4246eb9a06085f661c1370f2187d4efb3ccc4604?s=96&d=mm&r=g","caption":"Tomasz Deresz"},"url":"https:\/\/www.zst.suwalki.pl\/www\/author\/tomy\/"}]}},"_links":{"self":[{"href":"https:\/\/www.zst.suwalki.pl\/www\/wp-json\/wp\/v2\/posts\/11777","targetHints":{"allow":["GET"]}}],"collection":[{"href":"https:\/\/www.zst.suwalki.pl\/www\/wp-json\/wp\/v2\/posts"}],"about":[{"href":"https:\/\/www.zst.suwalki.pl\/www\/wp-json\/wp\/v2\/types\/post"}],"author":[{"embeddable":true,"href":"https:\/\/www.zst.suwalki.pl\/www\/wp-json\/wp\/v2\/users\/1"}],"replies":[{"embeddable":true,"href":"https:\/\/www.zst.suwalki.pl\/www\/wp-json\/wp\/v2\/comments?post=11777"}],"version-history":[{"count":1,"href":"https:\/\/www.zst.suwalki.pl\/www\/wp-json\/wp\/v2\/posts\/11777\/revisions"}],"predecessor-version":[{"id":11780,"href":"https:\/\/www.zst.suwalki.pl\/www\/wp-json\/wp\/v2\/posts\/11777\/revisions\/11780"}],"wp:featuredmedia":[{"embeddable":true,"href":"https:\/\/www.zst.suwalki.pl\/www\/wp-json\/wp\/v2\/media\/11779"}],"wp:attachment":[{"href":"https:\/\/www.zst.suwalki.pl\/www\/wp-json\/wp\/v2\/media?parent=11777"}],"wp:term":[{"taxonomy":"category","embeddable":true,"href":"https:\/\/www.zst.suwalki.pl\/www\/wp-json\/wp\/v2\/categories?post=11777"},{"taxonomy":"post_tag","embeddable":true,"href":"https:\/\/www.zst.suwalki.pl\/www\/wp-json\/wp\/v2\/tags?post=11777"}],"curies":[{"name":"wp","href":"https:\/\/api.w.org\/{rel}","templated":true}]}}