{"id":11795,"date":"2025-07-28T14:54:58","date_gmt":"2025-07-28T12:54:58","guid":{"rendered":"https:\/\/www.zst.suwalki.pl\/www\/?p=11795"},"modified":"2025-07-28T14:54:58","modified_gmt":"2025-07-28T12:54:58","slug":"platne-staze-zawodowe-w-suwalskich-przedsiebiorstwach","status":"publish","type":"post","link":"https:\/\/www.zst.suwalki.pl\/www\/platne-staze-zawodowe-w-suwalskich-przedsiebiorstwach\/","title":{"rendered":"P\u0142atne sta\u017ce zawodowe w suwalskich przedsi\u0119biorstwach"},"content":{"rendered":"<p>W dniach <strong>28 lipca \u2013 1 sierpnia 2025 r.<\/strong> szko\u0142a prowadzi pierwsz\u0105 tur\u0119 rekrutacji na p\u0142atne sta\u017ce zawodowe w suwalskich przedsi\u0119biorstwach.<\/p>\n<p><!--more--><\/p>\n<p>Rozpocz\u0119cie sta\u017cu: <strong>4 sierpnia 2025 r.<\/strong><br \/>\n\u0141\u0105czny wymiar sta\u017cu: 180 godzin<br \/>\nMiejsce realizacji: lokalne przedsi\u0119biorstwa w Suwa\u0142kach<br \/>\nUdzia\u0142 w sta\u017cu jest p\u0142atny<br \/>\nLiczba miejsc ograniczona \u2013 <strong>maksymalnie 8 uczni\u00f3w!<\/strong><\/p>\n<p>Regulamin naboru oraz niezb\u0119dne dokumenty:<\/p>\n<p><a href=\"https:\/\/www.zst.suwalki.pl\/www\/wp-content\/uploads\/2025\/07\/Deklaracja-uczestnictwa-.pdf\">Deklaracja uczestnictwa<\/a><\/p>\n<p><a href=\"https:\/\/www.zst.suwalki.pl\/www\/wp-content\/uploads\/2025\/07\/Formularz-zgloszeniowy-uczen.pdf\">Formularz zg\u0142oszeniowy ucze\u0144<\/a><\/p>\n<p><a href=\"https:\/\/www.zst.suwalki.pl\/www\/wp-content\/uploads\/2025\/07\/Oswiadczenie-o-przetwarzaniu-danych-.pdf\">O\u015bwiadczenie o przetwarzaniu danych<\/a><\/p>\n<p><a href=\"https:\/\/www.zst.suwalki.pl\/www\/wp-content\/uploads\/2025\/07\/Oswiadczenie-o-wyrazenie-zgody-wizerunek-.pdf\">O\u015bwiadczenie o wyra\u017cenie zgody wizerunek<\/a><\/p>\n<p><a href=\"https:\/\/www.zst.suwalki.pl\/www\/wp-content\/uploads\/2025\/07\/Oswiadczenie-o-wyrazeniu-zgody-na-uczestnictwo.pdf\">O\u015bwiadczenie o wyra\u017ceniu zgody na uczestnictwo<\/a><\/p>\n<p><a href=\"https:\/\/www.zst.suwalki.pl\/www\/wp-content\/uploads\/2025\/07\/Regulamin-projektu-ZST.pdf\">Regulamin projektu ZST<\/a><\/p>\n<p>&nbsp;<\/p>\n<p>Wype\u0142niony kwestionariusz nale\u017cy z\u0142o\u017cy\u0107 do pokoju B3 w budynku B szko\u0142y \u2013 najp\u00f3\u017aniej do 1 sierpnia 2025 r.<\/p>\n<p>Sta\u017ce realizowane s\u0105 w ramach projektu:<br \/>\n\u201eSuwalskie Centra Kszta\u0142cenia Zawodowego. Poprawa jako\u015bci systemu kszta\u0142cenia na terenie Miasta Suwa\u0142ki poprzez modernizacj\u0119 kszta\u0142cenia w Zespole Szk\u00f3\u0142 nr 4, Zespole Szk\u00f3\u0142 nr 6 i w Zespole Szk\u00f3\u0142 Technicznych w Suwa\u0142kach.\u201d<br \/>\nNr projektu: FEPD.08.02-IZ.00-0002\/24<br \/>\nProjekt realizowany w ramach Priorytetu VIII Fundusze na rzecz edukacji i w\u0142\u0105czenia spo\u0142ecznego,<br \/>\nDzia\u0142ania 8.1 Rozw\u00f3j edukacji i kszta\u0142cenia, programu Fundusze Europejskie dla Podlaskiego 2021\u20132027.<\/p>\n<p>Nie przegap okazji \u2013 zdob\u0105d\u017a do\u015bwiadczenie zawodowe, poznaj lokalny rynek pracy i zar\u00f3b swoje pierwsze pieni\u0105dze!<\/p>\n","protected":false},"excerpt":{"rendered":"<p>W dniach 28 lipca \u2013 1 sierpnia 2025 r. szko\u0142a prowadzi pierwsz\u0105 tur\u0119 rekrutacji na p\u0142atne sta\u017ce zawodowe w suwalskich przedsi\u0119biorstwach.<\/p>\n","protected":false},"author":1,"featured_media":11802,"comment_status":"closed","ping_status":"open","sticky":false,"template":"","format":"standard","meta":{"_crdt_document":"","footnotes":""},"categories":[38,47,3],"tags":[39,48,6],"class_list":["post-11795","post","type-post","status-publish","format-standard","has-post-thumbnail","hentry","category-ogloszenia-i-komunikaty","category-projekty","category-szkola","tag-ogloszenia-i-komunikaty","tag-projekty","tag-szkola"],"yoast_head":"<!-- This site is optimized with the Yoast SEO plugin v27.4 - https:\/\/yoast.com\/product\/yoast-seo-wordpress\/ -->\n<title>P\u0142atne sta\u017ce zawodowe w suwalskich przedsi\u0119biorstwach - Zesp\u00f3\u0142 Szk\u00f3\u0142 Technicznych w Suwa\u0142kach<\/title>\n<meta name=\"robots\" content=\"index, follow, max-snippet:-1, max-image-preview:large, max-video-preview:-1\" \/>\n<link rel=\"canonical\" href=\"https:\/\/www.zst.suwalki.pl\/www\/platne-staze-zawodowe-w-suwalskich-przedsiebiorstwach\/\" \/>\n<meta property=\"og:locale\" content=\"pl_PL\" \/>\n<meta property=\"og:type\" content=\"article\" \/>\n<meta property=\"og:title\" content=\"P\u0142atne sta\u017ce zawodowe w suwalskich przedsi\u0119biorstwach - Zesp\u00f3\u0142 Szk\u00f3\u0142 Technicznych w Suwa\u0142kach\" \/>\n<meta property=\"og:description\" content=\"W dniach 28 lipca \u2013 1 sierpnia 2025 r. szko\u0142a prowadzi pierwsz\u0105 tur\u0119 rekrutacji na p\u0142atne sta\u017ce zawodowe w suwalskich przedsi\u0119biorstwach.\" \/>\n<meta property=\"og:url\" content=\"https:\/\/www.zst.suwalki.pl\/www\/platne-staze-zawodowe-w-suwalskich-przedsiebiorstwach\/\" \/>\n<meta property=\"og:site_name\" content=\"Zesp\u00f3\u0142 Szk\u00f3\u0142 Technicznych w Suwa\u0142kach\" \/>\n<meta property=\"article:publisher\" content=\"https:\/\/www.facebook.com\/zstwsuwalkach\" \/>\n<meta property=\"article:published_time\" content=\"2025-07-28T12:54:58+00:00\" \/>\n<meta property=\"og:image\" content=\"https:\/\/www.zst.suwalki.pl\/www\/wp-content\/uploads\/2025\/07\/qcuNr17N.jpg\" \/>\n\t<meta property=\"og:image:width\" content=\"1024\" \/>\n\t<meta property=\"og:image:height\" content=\"1024\" \/>\n\t<meta property=\"og:image:type\" content=\"image\/jpeg\" \/>\n<meta name=\"author\" content=\"Tomasz Deresz\" \/>\n<meta name=\"twitter:card\" content=\"summary_large_image\" \/>\n<meta name=\"twitter:label1\" content=\"Napisane przez\" \/>\n\t<meta name=\"twitter:data1\" content=\"Tomasz Deresz\" \/>\n\t<meta name=\"twitter:label2\" content=\"Szacowany czas czytania\" \/>\n\t<meta name=\"twitter:data2\" content=\"1 minuta\" \/>\n<script type=\"application\/ld+json\" class=\"yoast-schema-graph\">{\"@context\":\"https:\\\/\\\/schema.org\",\"@graph\":[{\"@type\":\"Article\",\"@id\":\"https:\\\/\\\/www.zst.suwalki.pl\\\/www\\\/platne-staze-zawodowe-w-suwalskich-przedsiebiorstwach\\\/#article\",\"isPartOf\":{\"@id\":\"https:\\\/\\\/www.zst.suwalki.pl\\\/www\\\/platne-staze-zawodowe-w-suwalskich-przedsiebiorstwach\\\/\"},\"author\":{\"name\":\"Tomasz Deresz\",\"@id\":\"https:\\\/\\\/www.zst.suwalki.pl\\\/www\\\/#\\\/schema\\\/person\\\/a693916fbc90629c6c30effca66fe605\"},\"headline\":\"P\u0142atne sta\u017ce zawodowe w suwalskich przedsi\u0119biorstwach\",\"datePublished\":\"2025-07-28T12:54:58+00:00\",\"mainEntityOfPage\":{\"@id\":\"https:\\\/\\\/www.zst.suwalki.pl\\\/www\\\/platne-staze-zawodowe-w-suwalskich-przedsiebiorstwach\\\/\"},\"wordCount\":213,\"publisher\":{\"@id\":\"https:\\\/\\\/www.zst.suwalki.pl\\\/www\\\/#organization\"},\"image\":{\"@id\":\"https:\\\/\\\/www.zst.suwalki.pl\\\/www\\\/platne-staze-zawodowe-w-suwalskich-przedsiebiorstwach\\\/#primaryimage\"},\"thumbnailUrl\":\"https:\\\/\\\/www.zst.suwalki.pl\\\/www\\\/wp-content\\\/uploads\\\/2025\\\/07\\\/qcuNr17N.jpg\",\"keywords\":[\"og\u0142oszenia i komunikaty\",\"projekty\",\"szko\u0142a\"],\"articleSection\":[\"Og\u0142oszenia i komunikaty\",\"Projekty\",\"Szko\u0142a\"],\"inLanguage\":\"pl-PL\"},{\"@type\":\"WebPage\",\"@id\":\"https:\\\/\\\/www.zst.suwalki.pl\\\/www\\\/platne-staze-zawodowe-w-suwalskich-przedsiebiorstwach\\\/\",\"url\":\"https:\\\/\\\/www.zst.suwalki.pl\\\/www\\\/platne-staze-zawodowe-w-suwalskich-przedsiebiorstwach\\\/\",\"name\":\"P\u0142atne sta\u017ce zawodowe w suwalskich przedsi\u0119biorstwach - Zesp\u00f3\u0142 Szk\u00f3\u0142 Technicznych w Suwa\u0142kach\",\"isPartOf\":{\"@id\":\"https:\\\/\\\/www.zst.suwalki.pl\\\/www\\\/#website\"},\"primaryImageOfPage\":{\"@id\":\"https:\\\/\\\/www.zst.suwalki.pl\\\/www\\\/platne-staze-zawodowe-w-suwalskich-przedsiebiorstwach\\\/#primaryimage\"},\"image\":{\"@id\":\"https:\\\/\\\/www.zst.suwalki.pl\\\/www\\\/platne-staze-zawodowe-w-suwalskich-przedsiebiorstwach\\\/#primaryimage\"},\"thumbnailUrl\":\"https:\\\/\\\/www.zst.suwalki.pl\\\/www\\\/wp-content\\\/uploads\\\/2025\\\/07\\\/qcuNr17N.jpg\",\"datePublished\":\"2025-07-28T12:54:58+00:00\",\"breadcrumb\":{\"@id\":\"https:\\\/\\\/www.zst.suwalki.pl\\\/www\\\/platne-staze-zawodowe-w-suwalskich-przedsiebiorstwach\\\/#breadcrumb\"},\"inLanguage\":\"pl-PL\",\"potentialAction\":[{\"@type\":\"ReadAction\",\"target\":[\"https:\\\/\\\/www.zst.suwalki.pl\\\/www\\\/platne-staze-zawodowe-w-suwalskich-przedsiebiorstwach\\\/\"]}]},{\"@type\":\"ImageObject\",\"inLanguage\":\"pl-PL\",\"@id\":\"https:\\\/\\\/www.zst.suwalki.pl\\\/www\\\/platne-staze-zawodowe-w-suwalskich-przedsiebiorstwach\\\/#primaryimage\",\"url\":\"https:\\\/\\\/www.zst.suwalki.pl\\\/www\\\/wp-content\\\/uploads\\\/2025\\\/07\\\/qcuNr17N.jpg\",\"contentUrl\":\"https:\\\/\\\/www.zst.suwalki.pl\\\/www\\\/wp-content\\\/uploads\\\/2025\\\/07\\\/qcuNr17N.jpg\",\"width\":1024,\"height\":1024},{\"@type\":\"BreadcrumbList\",\"@id\":\"https:\\\/\\\/www.zst.suwalki.pl\\\/www\\\/platne-staze-zawodowe-w-suwalskich-przedsiebiorstwach\\\/#breadcrumb\",\"itemListElement\":[{\"@type\":\"ListItem\",\"position\":1,\"name\":\"Strona g\u0142\u00f3wna\",\"item\":\"https:\\\/\\\/www.zst.suwalki.pl\\\/www\\\/\"},{\"@type\":\"ListItem\",\"position\":2,\"name\":\"P\u0142atne sta\u017ce zawodowe w suwalskich przedsi\u0119biorstwach\"}]},{\"@type\":\"WebSite\",\"@id\":\"https:\\\/\\\/www.zst.suwalki.pl\\\/www\\\/#website\",\"url\":\"https:\\\/\\\/www.zst.suwalki.pl\\\/www\\\/\",\"name\":\"Zesp\u00f3\u0142 Szk\u00f3\u0142 Technicznych w Suwa\u0142kach\",\"description\":\"technikum, suwa\u0142ki, mechatronik, informatyk, teleinformatyk, budownictwo, elektryk, mechanik, monter, fryzjer, cukiernik, grafik,\",\"publisher\":{\"@id\":\"https:\\\/\\\/www.zst.suwalki.pl\\\/www\\\/#organization\"},\"potentialAction\":[{\"@type\":\"SearchAction\",\"target\":{\"@type\":\"EntryPoint\",\"urlTemplate\":\"https:\\\/\\\/www.zst.suwalki.pl\\\/www\\\/?s={search_term_string}\"},\"query-input\":{\"@type\":\"PropertyValueSpecification\",\"valueRequired\":true,\"valueName\":\"search_term_string\"}}],\"inLanguage\":\"pl-PL\"},{\"@type\":\"Organization\",\"@id\":\"https:\\\/\\\/www.zst.suwalki.pl\\\/www\\\/#organization\",\"name\":\"Zesp\u00f3\u0142 Szk\u00f3\u0142 Technicznych w Suwa\u0142kach\",\"url\":\"https:\\\/\\\/www.zst.suwalki.pl\\\/www\\\/\",\"logo\":{\"@type\":\"ImageObject\",\"inLanguage\":\"pl-PL\",\"@id\":\"https:\\\/\\\/www.zst.suwalki.pl\\\/www\\\/#\\\/schema\\\/logo\\\/image\\\/\",\"url\":\"https:\\\/\\\/www.zst.suwalki.pl\\\/www\\\/wp-content\\\/uploads\\\/2019\\\/01\\\/cropped-banner_logo_zst.png\",\"contentUrl\":\"https:\\\/\\\/www.zst.suwalki.pl\\\/www\\\/wp-content\\\/uploads\\\/2019\\\/01\\\/cropped-banner_logo_zst.png\",\"width\":290,\"height\":70,\"caption\":\"Zesp\u00f3\u0142 Szk\u00f3\u0142 Technicznych w Suwa\u0142kach\"},\"image\":{\"@id\":\"https:\\\/\\\/www.zst.suwalki.pl\\\/www\\\/#\\\/schema\\\/logo\\\/image\\\/\"},\"sameAs\":[\"https:\\\/\\\/www.facebook.com\\\/zstwsuwalkach\"]},{\"@type\":\"Person\",\"@id\":\"https:\\\/\\\/www.zst.suwalki.pl\\\/www\\\/#\\\/schema\\\/person\\\/a693916fbc90629c6c30effca66fe605\",\"name\":\"Tomasz Deresz\",\"image\":{\"@type\":\"ImageObject\",\"inLanguage\":\"pl-PL\",\"@id\":\"https:\\\/\\\/secure.gravatar.com\\\/avatar\\\/ca6c0c988daa8a591856abfc4246eb9a06085f661c1370f2187d4efb3ccc4604?s=96&d=mm&r=g\",\"url\":\"https:\\\/\\\/secure.gravatar.com\\\/avatar\\\/ca6c0c988daa8a591856abfc4246eb9a06085f661c1370f2187d4efb3ccc4604?s=96&d=mm&r=g\",\"contentUrl\":\"https:\\\/\\\/secure.gravatar.com\\\/avatar\\\/ca6c0c988daa8a591856abfc4246eb9a06085f661c1370f2187d4efb3ccc4604?s=96&d=mm&r=g\",\"caption\":\"Tomasz Deresz\"},\"url\":\"https:\\\/\\\/www.zst.suwalki.pl\\\/www\\\/author\\\/tomy\\\/\"}]}<\/script>\n<!-- \/ Yoast SEO plugin. -->","yoast_head_json":{"title":"P\u0142atne sta\u017ce zawodowe w suwalskich przedsi\u0119biorstwach - Zesp\u00f3\u0142 Szk\u00f3\u0142 Technicznych w Suwa\u0142kach","robots":{"index":"index","follow":"follow","max-snippet":"max-snippet:-1","max-image-preview":"max-image-preview:large","max-video-preview":"max-video-preview:-1"},"canonical":"https:\/\/www.zst.suwalki.pl\/www\/platne-staze-zawodowe-w-suwalskich-przedsiebiorstwach\/","og_locale":"pl_PL","og_type":"article","og_title":"P\u0142atne sta\u017ce zawodowe w suwalskich przedsi\u0119biorstwach - Zesp\u00f3\u0142 Szk\u00f3\u0142 Technicznych w Suwa\u0142kach","og_description":"W dniach 28 lipca \u2013 1 sierpnia 2025 r. szko\u0142a prowadzi pierwsz\u0105 tur\u0119 rekrutacji na p\u0142atne sta\u017ce zawodowe w suwalskich przedsi\u0119biorstwach.","og_url":"https:\/\/www.zst.suwalki.pl\/www\/platne-staze-zawodowe-w-suwalskich-przedsiebiorstwach\/","og_site_name":"Zesp\u00f3\u0142 Szk\u00f3\u0142 Technicznych w Suwa\u0142kach","article_publisher":"https:\/\/www.facebook.com\/zstwsuwalkach","article_published_time":"2025-07-28T12:54:58+00:00","og_image":[{"width":1024,"height":1024,"url":"https:\/\/www.zst.suwalki.pl\/www\/wp-content\/uploads\/2025\/07\/qcuNr17N.jpg","type":"image\/jpeg"}],"author":"Tomasz Deresz","twitter_card":"summary_large_image","twitter_misc":{"Napisane przez":"Tomasz Deresz","Szacowany czas czytania":"1 minuta"},"schema":{"@context":"https:\/\/schema.org","@graph":[{"@type":"Article","@id":"https:\/\/www.zst.suwalki.pl\/www\/platne-staze-zawodowe-w-suwalskich-przedsiebiorstwach\/#article","isPartOf":{"@id":"https:\/\/www.zst.suwalki.pl\/www\/platne-staze-zawodowe-w-suwalskich-przedsiebiorstwach\/"},"author":{"name":"Tomasz Deresz","@id":"https:\/\/www.zst.suwalki.pl\/www\/#\/schema\/person\/a693916fbc90629c6c30effca66fe605"},"headline":"P\u0142atne sta\u017ce zawodowe w suwalskich przedsi\u0119biorstwach","datePublished":"2025-07-28T12:54:58+00:00","mainEntityOfPage":{"@id":"https:\/\/www.zst.suwalki.pl\/www\/platne-staze-zawodowe-w-suwalskich-przedsiebiorstwach\/"},"wordCount":213,"publisher":{"@id":"https:\/\/www.zst.suwalki.pl\/www\/#organization"},"image":{"@id":"https:\/\/www.zst.suwalki.pl\/www\/platne-staze-zawodowe-w-suwalskich-przedsiebiorstwach\/#primaryimage"},"thumbnailUrl":"https:\/\/www.zst.suwalki.pl\/www\/wp-content\/uploads\/2025\/07\/qcuNr17N.jpg","keywords":["og\u0142oszenia i komunikaty","projekty","szko\u0142a"],"articleSection":["Og\u0142oszenia i komunikaty","Projekty","Szko\u0142a"],"inLanguage":"pl-PL"},{"@type":"WebPage","@id":"https:\/\/www.zst.suwalki.pl\/www\/platne-staze-zawodowe-w-suwalskich-przedsiebiorstwach\/","url":"https:\/\/www.zst.suwalki.pl\/www\/platne-staze-zawodowe-w-suwalskich-przedsiebiorstwach\/","name":"P\u0142atne sta\u017ce zawodowe w suwalskich przedsi\u0119biorstwach - Zesp\u00f3\u0142 Szk\u00f3\u0142 Technicznych w Suwa\u0142kach","isPartOf":{"@id":"https:\/\/www.zst.suwalki.pl\/www\/#website"},"primaryImageOfPage":{"@id":"https:\/\/www.zst.suwalki.pl\/www\/platne-staze-zawodowe-w-suwalskich-przedsiebiorstwach\/#primaryimage"},"image":{"@id":"https:\/\/www.zst.suwalki.pl\/www\/platne-staze-zawodowe-w-suwalskich-przedsiebiorstwach\/#primaryimage"},"thumbnailUrl":"https:\/\/www.zst.suwalki.pl\/www\/wp-content\/uploads\/2025\/07\/qcuNr17N.jpg","datePublished":"2025-07-28T12:54:58+00:00","breadcrumb":{"@id":"https:\/\/www.zst.suwalki.pl\/www\/platne-staze-zawodowe-w-suwalskich-przedsiebiorstwach\/#breadcrumb"},"inLanguage":"pl-PL","potentialAction":[{"@type":"ReadAction","target":["https:\/\/www.zst.suwalki.pl\/www\/platne-staze-zawodowe-w-suwalskich-przedsiebiorstwach\/"]}]},{"@type":"ImageObject","inLanguage":"pl-PL","@id":"https:\/\/www.zst.suwalki.pl\/www\/platne-staze-zawodowe-w-suwalskich-przedsiebiorstwach\/#primaryimage","url":"https:\/\/www.zst.suwalki.pl\/www\/wp-content\/uploads\/2025\/07\/qcuNr17N.jpg","contentUrl":"https:\/\/www.zst.suwalki.pl\/www\/wp-content\/uploads\/2025\/07\/qcuNr17N.jpg","width":1024,"height":1024},{"@type":"BreadcrumbList","@id":"https:\/\/www.zst.suwalki.pl\/www\/platne-staze-zawodowe-w-suwalskich-przedsiebiorstwach\/#breadcrumb","itemListElement":[{"@type":"ListItem","position":1,"name":"Strona g\u0142\u00f3wna","item":"https:\/\/www.zst.suwalki.pl\/www\/"},{"@type":"ListItem","position":2,"name":"P\u0142atne sta\u017ce zawodowe w suwalskich przedsi\u0119biorstwach"}]},{"@type":"WebSite","@id":"https:\/\/www.zst.suwalki.pl\/www\/#website","url":"https:\/\/www.zst.suwalki.pl\/www\/","name":"Zesp\u00f3\u0142 Szk\u00f3\u0142 Technicznych w Suwa\u0142kach","description":"technikum, suwa\u0142ki, mechatronik, informatyk, teleinformatyk, budownictwo, elektryk, mechanik, monter, fryzjer, cukiernik, grafik,","publisher":{"@id":"https:\/\/www.zst.suwalki.pl\/www\/#organization"},"potentialAction":[{"@type":"SearchAction","target":{"@type":"EntryPoint","urlTemplate":"https:\/\/www.zst.suwalki.pl\/www\/?s={search_term_string}"},"query-input":{"@type":"PropertyValueSpecification","valueRequired":true,"valueName":"search_term_string"}}],"inLanguage":"pl-PL"},{"@type":"Organization","@id":"https:\/\/www.zst.suwalki.pl\/www\/#organization","name":"Zesp\u00f3\u0142 Szk\u00f3\u0142 Technicznych w Suwa\u0142kach","url":"https:\/\/www.zst.suwalki.pl\/www\/","logo":{"@type":"ImageObject","inLanguage":"pl-PL","@id":"https:\/\/www.zst.suwalki.pl\/www\/#\/schema\/logo\/image\/","url":"https:\/\/www.zst.suwalki.pl\/www\/wp-content\/uploads\/2019\/01\/cropped-banner_logo_zst.png","contentUrl":"https:\/\/www.zst.suwalki.pl\/www\/wp-content\/uploads\/2019\/01\/cropped-banner_logo_zst.png","width":290,"height":70,"caption":"Zesp\u00f3\u0142 Szk\u00f3\u0142 Technicznych w Suwa\u0142kach"},"image":{"@id":"https:\/\/www.zst.suwalki.pl\/www\/#\/schema\/logo\/image\/"},"sameAs":["https:\/\/www.facebook.com\/zstwsuwalkach"]},{"@type":"Person","@id":"https:\/\/www.zst.suwalki.pl\/www\/#\/schema\/person\/a693916fbc90629c6c30effca66fe605","name":"Tomasz Deresz","image":{"@type":"ImageObject","inLanguage":"pl-PL","@id":"https:\/\/secure.gravatar.com\/avatar\/ca6c0c988daa8a591856abfc4246eb9a06085f661c1370f2187d4efb3ccc4604?s=96&d=mm&r=g","url":"https:\/\/secure.gravatar.com\/avatar\/ca6c0c988daa8a591856abfc4246eb9a06085f661c1370f2187d4efb3ccc4604?s=96&d=mm&r=g","contentUrl":"https:\/\/secure.gravatar.com\/avatar\/ca6c0c988daa8a591856abfc4246eb9a06085f661c1370f2187d4efb3ccc4604?s=96&d=mm&r=g","caption":"Tomasz Deresz"},"url":"https:\/\/www.zst.suwalki.pl\/www\/author\/tomy\/"}]}},"_links":{"self":[{"href":"https:\/\/www.zst.suwalki.pl\/www\/wp-json\/wp\/v2\/posts\/11795","targetHints":{"allow":["GET"]}}],"collection":[{"href":"https:\/\/www.zst.suwalki.pl\/www\/wp-json\/wp\/v2\/posts"}],"about":[{"href":"https:\/\/www.zst.suwalki.pl\/www\/wp-json\/wp\/v2\/types\/post"}],"author":[{"embeddable":true,"href":"https:\/\/www.zst.suwalki.pl\/www\/wp-json\/wp\/v2\/users\/1"}],"replies":[{"embeddable":true,"href":"https:\/\/www.zst.suwalki.pl\/www\/wp-json\/wp\/v2\/comments?post=11795"}],"version-history":[{"count":1,"href":"https:\/\/www.zst.suwalki.pl\/www\/wp-json\/wp\/v2\/posts\/11795\/revisions"}],"predecessor-version":[{"id":11803,"href":"https:\/\/www.zst.suwalki.pl\/www\/wp-json\/wp\/v2\/posts\/11795\/revisions\/11803"}],"wp:featuredmedia":[{"embeddable":true,"href":"https:\/\/www.zst.suwalki.pl\/www\/wp-json\/wp\/v2\/media\/11802"}],"wp:attachment":[{"href":"https:\/\/www.zst.suwalki.pl\/www\/wp-json\/wp\/v2\/media?parent=11795"}],"wp:term":[{"taxonomy":"category","embeddable":true,"href":"https:\/\/www.zst.suwalki.pl\/www\/wp-json\/wp\/v2\/categories?post=11795"},{"taxonomy":"post_tag","embeddable":true,"href":"https:\/\/www.zst.suwalki.pl\/www\/wp-json\/wp\/v2\/tags?post=11795"}],"curies":[{"name":"wp","href":"https:\/\/api.w.org\/{rel}","templated":true}]}}