{"id":12196,"date":"2025-12-16T12:05:28","date_gmt":"2025-12-16T10:05:28","guid":{"rendered":"https:\/\/www.zst.suwalki.pl\/www\/?p=12196"},"modified":"2025-12-16T12:10:55","modified_gmt":"2025-12-16T10:10:55","slug":"artystyczny-debiut-julii-bronakowskiej-z-klasy-1taw","status":"publish","type":"post","link":"https:\/\/www.zst.suwalki.pl\/www\/artystyczny-debiut-julii-bronakowskiej-z-klasy-1taw\/","title":{"rendered":"Artystyczny debiut Julii Bronakowskiej z klasy 1TAW"},"content":{"rendered":"<p>Julia jest autork\u0105 imponuj\u0105cego rysunku, kt\u00f3ry sta\u0142 si\u0119 wyj\u0105tkow\u0105 dekoracj\u0105 Biura Obs\u0142ugi Klienta <strong>Wojew\u00f3dzkiego O\u015brodka Ruchu Drogowego w Suwa\u0142kach<\/strong>. Jej praca zachwyca staranno\u015bci\u0105 wykonania oraz wra\u017cliwo\u015bci\u0105 artystyczn\u0105, co ju\u017c na pocz\u0105tku edukacji zawodowej \u015bwiadczy o ogromnym potencjale tw\u00f3rczym. <!--more-->Jeste\u015bmy dumni, \u017ce uczniowie naszej szko\u0142y mog\u0105 rozwija\u0107 swoje pasje i prezentowa\u0107 talenty w przestrzeni publicznej. Sukces Julii jest doskona\u0142ym przyk\u0142adem tego, jak szko\u0142a wspiera kreatywno\u015b\u0107, zaanga\u017cowanie oraz praktyczne wykorzystanie umiej\u0119tno\u015bci artystycznych. Prac\u0119 Julii mo\u017cna podziwia\u0107 podczas wizyty w Biurze Obs\u0142ugi klienta WORD w Suwa\u0142kach.<\/p>\n","protected":false},"excerpt":{"rendered":"<p>Julia jest autork\u0105 imponuj\u0105cego rysunku, kt\u00f3ry sta\u0142 si\u0119 wyj\u0105tkow\u0105 dekoracj\u0105 Biura Obs\u0142ugi Klienta Wojew\u00f3dzkiego O\u015brodka Ruchu Drogowego w Suwa\u0142kach. Jej praca zachwyca staranno\u015bci\u0105 wykonania oraz wra\u017cliwo\u015bci\u0105 artystyczn\u0105, co ju\u017c na&hellip;<\/p>\n","protected":false},"author":1,"featured_media":12197,"comment_status":"closed","ping_status":"open","sticky":false,"template":"","format":"standard","meta":{"_crdt_document":"","footnotes":""},"categories":[28,14,24,3],"tags":[29,122,121,18,6],"class_list":["post-12196","post","type-post","status-publish","format-standard","has-post-thumbnail","hentry","category-akcje-i-pomoc","category-informatyka-grafika-elektronika","category-kultura-i-sztuka","category-szkola","tag-akcje-i-pomoc","tag-grafika","tag-informatyka","tag-kultura-i-sztuka","tag-szkola"],"yoast_head":"<!-- This site is optimized with the Yoast SEO plugin v27.5 - https:\/\/yoast.com\/product\/yoast-seo-wordpress\/ -->\n<title>Artystyczny debiut Julii Bronakowskiej z klasy 1TAW - Zesp\u00f3\u0142 Szk\u00f3\u0142 Technicznych w Suwa\u0142kach<\/title>\n<meta name=\"robots\" content=\"index, follow, max-snippet:-1, max-image-preview:large, max-video-preview:-1\" \/>\n<link rel=\"canonical\" href=\"https:\/\/www.zst.suwalki.pl\/www\/artystyczny-debiut-julii-bronakowskiej-z-klasy-1taw\/\" \/>\n<meta property=\"og:locale\" content=\"pl_PL\" \/>\n<meta property=\"og:type\" content=\"article\" \/>\n<meta property=\"og:title\" content=\"Artystyczny debiut Julii Bronakowskiej z klasy 1TAW - Zesp\u00f3\u0142 Szk\u00f3\u0142 Technicznych w Suwa\u0142kach\" \/>\n<meta property=\"og:description\" content=\"Julia jest autork\u0105 imponuj\u0105cego rysunku, kt\u00f3ry sta\u0142 si\u0119 wyj\u0105tkow\u0105 dekoracj\u0105 Biura Obs\u0142ugi Klienta Wojew\u00f3dzkiego O\u015brodka Ruchu Drogowego w Suwa\u0142kach. Jej praca zachwyca staranno\u015bci\u0105 wykonania oraz wra\u017cliwo\u015bci\u0105 artystyczn\u0105, co ju\u017c na&hellip;\" \/>\n<meta property=\"og:url\" content=\"https:\/\/www.zst.suwalki.pl\/www\/artystyczny-debiut-julii-bronakowskiej-z-klasy-1taw\/\" \/>\n<meta property=\"og:site_name\" content=\"Zesp\u00f3\u0142 Szk\u00f3\u0142 Technicznych w Suwa\u0142kach\" \/>\n<meta property=\"article:publisher\" content=\"https:\/\/www.facebook.com\/zstwsuwalkach\" \/>\n<meta property=\"article:published_time\" content=\"2025-12-16T10:05:28+00:00\" \/>\n<meta property=\"article:modified_time\" content=\"2025-12-16T10:10:55+00:00\" \/>\n<meta property=\"og:image\" content=\"https:\/\/www.zst.suwalki.pl\/www\/wp-content\/uploads\/2025\/12\/word_12_2025.jpg\" \/>\n\t<meta property=\"og:image:width\" content=\"512\" \/>\n\t<meta property=\"og:image:height\" content=\"640\" \/>\n\t<meta property=\"og:image:type\" content=\"image\/jpeg\" \/>\n<meta name=\"author\" content=\"Tomasz Deresz\" \/>\n<meta name=\"twitter:card\" content=\"summary_large_image\" \/>\n<meta name=\"twitter:label1\" content=\"Napisane przez\" \/>\n\t<meta name=\"twitter:data1\" content=\"Tomasz Deresz\" \/>\n\t<meta name=\"twitter:label2\" content=\"Szacowany czas czytania\" \/>\n\t<meta name=\"twitter:data2\" content=\"1 minuta\" \/>\n<script type=\"application\/ld+json\" class=\"yoast-schema-graph\">{\"@context\":\"https:\\\/\\\/schema.org\",\"@graph\":[{\"@type\":\"Article\",\"@id\":\"https:\\\/\\\/www.zst.suwalki.pl\\\/www\\\/artystyczny-debiut-julii-bronakowskiej-z-klasy-1taw\\\/#article\",\"isPartOf\":{\"@id\":\"https:\\\/\\\/www.zst.suwalki.pl\\\/www\\\/artystyczny-debiut-julii-bronakowskiej-z-klasy-1taw\\\/\"},\"author\":{\"name\":\"Tomasz Deresz\",\"@id\":\"https:\\\/\\\/www.zst.suwalki.pl\\\/www\\\/#\\\/schema\\\/person\\\/a693916fbc90629c6c30effca66fe605\"},\"headline\":\"Artystyczny debiut Julii Bronakowskiej z klasy 1TAW\",\"datePublished\":\"2025-12-16T10:05:28+00:00\",\"dateModified\":\"2025-12-16T10:10:55+00:00\",\"mainEntityOfPage\":{\"@id\":\"https:\\\/\\\/www.zst.suwalki.pl\\\/www\\\/artystyczny-debiut-julii-bronakowskiej-z-klasy-1taw\\\/\"},\"wordCount\":113,\"publisher\":{\"@id\":\"https:\\\/\\\/www.zst.suwalki.pl\\\/www\\\/#organization\"},\"image\":{\"@id\":\"https:\\\/\\\/www.zst.suwalki.pl\\\/www\\\/artystyczny-debiut-julii-bronakowskiej-z-klasy-1taw\\\/#primaryimage\"},\"thumbnailUrl\":\"https:\\\/\\\/www.zst.suwalki.pl\\\/www\\\/wp-content\\\/uploads\\\/2025\\\/12\\\/word_12_2025.jpg\",\"keywords\":[\"akcje i pomoc\",\"grafika\",\"Informatyka\",\"kultura i sztuka\",\"szko\u0142a\"],\"articleSection\":[\"Akcje i pomoc\",\"Informatyka, grafika, elektronika\",\"Kultura i sztuka\",\"Szko\u0142a\"],\"inLanguage\":\"pl-PL\"},{\"@type\":\"WebPage\",\"@id\":\"https:\\\/\\\/www.zst.suwalki.pl\\\/www\\\/artystyczny-debiut-julii-bronakowskiej-z-klasy-1taw\\\/\",\"url\":\"https:\\\/\\\/www.zst.suwalki.pl\\\/www\\\/artystyczny-debiut-julii-bronakowskiej-z-klasy-1taw\\\/\",\"name\":\"Artystyczny debiut Julii Bronakowskiej z klasy 1TAW - Zesp\u00f3\u0142 Szk\u00f3\u0142 Technicznych w Suwa\u0142kach\",\"isPartOf\":{\"@id\":\"https:\\\/\\\/www.zst.suwalki.pl\\\/www\\\/#website\"},\"primaryImageOfPage\":{\"@id\":\"https:\\\/\\\/www.zst.suwalki.pl\\\/www\\\/artystyczny-debiut-julii-bronakowskiej-z-klasy-1taw\\\/#primaryimage\"},\"image\":{\"@id\":\"https:\\\/\\\/www.zst.suwalki.pl\\\/www\\\/artystyczny-debiut-julii-bronakowskiej-z-klasy-1taw\\\/#primaryimage\"},\"thumbnailUrl\":\"https:\\\/\\\/www.zst.suwalki.pl\\\/www\\\/wp-content\\\/uploads\\\/2025\\\/12\\\/word_12_2025.jpg\",\"datePublished\":\"2025-12-16T10:05:28+00:00\",\"dateModified\":\"2025-12-16T10:10:55+00:00\",\"breadcrumb\":{\"@id\":\"https:\\\/\\\/www.zst.suwalki.pl\\\/www\\\/artystyczny-debiut-julii-bronakowskiej-z-klasy-1taw\\\/#breadcrumb\"},\"inLanguage\":\"pl-PL\",\"potentialAction\":[{\"@type\":\"ReadAction\",\"target\":[\"https:\\\/\\\/www.zst.suwalki.pl\\\/www\\\/artystyczny-debiut-julii-bronakowskiej-z-klasy-1taw\\\/\"]}]},{\"@type\":\"ImageObject\",\"inLanguage\":\"pl-PL\",\"@id\":\"https:\\\/\\\/www.zst.suwalki.pl\\\/www\\\/artystyczny-debiut-julii-bronakowskiej-z-klasy-1taw\\\/#primaryimage\",\"url\":\"https:\\\/\\\/www.zst.suwalki.pl\\\/www\\\/wp-content\\\/uploads\\\/2025\\\/12\\\/word_12_2025.jpg\",\"contentUrl\":\"https:\\\/\\\/www.zst.suwalki.pl\\\/www\\\/wp-content\\\/uploads\\\/2025\\\/12\\\/word_12_2025.jpg\",\"width\":512,\"height\":640},{\"@type\":\"BreadcrumbList\",\"@id\":\"https:\\\/\\\/www.zst.suwalki.pl\\\/www\\\/artystyczny-debiut-julii-bronakowskiej-z-klasy-1taw\\\/#breadcrumb\",\"itemListElement\":[{\"@type\":\"ListItem\",\"position\":1,\"name\":\"Strona g\u0142\u00f3wna\",\"item\":\"https:\\\/\\\/www.zst.suwalki.pl\\\/www\\\/\"},{\"@type\":\"ListItem\",\"position\":2,\"name\":\"Artystyczny debiut Julii Bronakowskiej z klasy 1TAW\"}]},{\"@type\":\"WebSite\",\"@id\":\"https:\\\/\\\/www.zst.suwalki.pl\\\/www\\\/#website\",\"url\":\"https:\\\/\\\/www.zst.suwalki.pl\\\/www\\\/\",\"name\":\"Zesp\u00f3\u0142 Szk\u00f3\u0142 Technicznych w Suwa\u0142kach\",\"description\":\"technikum, suwa\u0142ki, mechatronik, informatyk, teleinformatyk, budownictwo, elektryk, mechanik, monter, fryzjer, cukiernik, grafik,\",\"publisher\":{\"@id\":\"https:\\\/\\\/www.zst.suwalki.pl\\\/www\\\/#organization\"},\"potentialAction\":[{\"@type\":\"SearchAction\",\"target\":{\"@type\":\"EntryPoint\",\"urlTemplate\":\"https:\\\/\\\/www.zst.suwalki.pl\\\/www\\\/?s={search_term_string}\"},\"query-input\":{\"@type\":\"PropertyValueSpecification\",\"valueRequired\":true,\"valueName\":\"search_term_string\"}}],\"inLanguage\":\"pl-PL\"},{\"@type\":\"Organization\",\"@id\":\"https:\\\/\\\/www.zst.suwalki.pl\\\/www\\\/#organization\",\"name\":\"Zesp\u00f3\u0142 Szk\u00f3\u0142 Technicznych w Suwa\u0142kach\",\"url\":\"https:\\\/\\\/www.zst.suwalki.pl\\\/www\\\/\",\"logo\":{\"@type\":\"ImageObject\",\"inLanguage\":\"pl-PL\",\"@id\":\"https:\\\/\\\/www.zst.suwalki.pl\\\/www\\\/#\\\/schema\\\/logo\\\/image\\\/\",\"url\":\"https:\\\/\\\/www.zst.suwalki.pl\\\/www\\\/wp-content\\\/uploads\\\/2019\\\/01\\\/cropped-banner_logo_zst.png\",\"contentUrl\":\"https:\\\/\\\/www.zst.suwalki.pl\\\/www\\\/wp-content\\\/uploads\\\/2019\\\/01\\\/cropped-banner_logo_zst.png\",\"width\":290,\"height\":70,\"caption\":\"Zesp\u00f3\u0142 Szk\u00f3\u0142 Technicznych w Suwa\u0142kach\"},\"image\":{\"@id\":\"https:\\\/\\\/www.zst.suwalki.pl\\\/www\\\/#\\\/schema\\\/logo\\\/image\\\/\"},\"sameAs\":[\"https:\\\/\\\/www.facebook.com\\\/zstwsuwalkach\"]},{\"@type\":\"Person\",\"@id\":\"https:\\\/\\\/www.zst.suwalki.pl\\\/www\\\/#\\\/schema\\\/person\\\/a693916fbc90629c6c30effca66fe605\",\"name\":\"Tomasz Deresz\",\"image\":{\"@type\":\"ImageObject\",\"inLanguage\":\"pl-PL\",\"@id\":\"https:\\\/\\\/secure.gravatar.com\\\/avatar\\\/ca6c0c988daa8a591856abfc4246eb9a06085f661c1370f2187d4efb3ccc4604?s=96&d=mm&r=g\",\"url\":\"https:\\\/\\\/secure.gravatar.com\\\/avatar\\\/ca6c0c988daa8a591856abfc4246eb9a06085f661c1370f2187d4efb3ccc4604?s=96&d=mm&r=g\",\"contentUrl\":\"https:\\\/\\\/secure.gravatar.com\\\/avatar\\\/ca6c0c988daa8a591856abfc4246eb9a06085f661c1370f2187d4efb3ccc4604?s=96&d=mm&r=g\",\"caption\":\"Tomasz Deresz\"},\"url\":\"https:\\\/\\\/www.zst.suwalki.pl\\\/www\\\/author\\\/tomy\\\/\"}]}<\/script>\n<!-- \/ Yoast SEO plugin. -->","yoast_head_json":{"title":"Artystyczny debiut Julii Bronakowskiej z klasy 1TAW - Zesp\u00f3\u0142 Szk\u00f3\u0142 Technicznych w Suwa\u0142kach","robots":{"index":"index","follow":"follow","max-snippet":"max-snippet:-1","max-image-preview":"max-image-preview:large","max-video-preview":"max-video-preview:-1"},"canonical":"https:\/\/www.zst.suwalki.pl\/www\/artystyczny-debiut-julii-bronakowskiej-z-klasy-1taw\/","og_locale":"pl_PL","og_type":"article","og_title":"Artystyczny debiut Julii Bronakowskiej z klasy 1TAW - Zesp\u00f3\u0142 Szk\u00f3\u0142 Technicznych w Suwa\u0142kach","og_description":"Julia jest autork\u0105 imponuj\u0105cego rysunku, kt\u00f3ry sta\u0142 si\u0119 wyj\u0105tkow\u0105 dekoracj\u0105 Biura Obs\u0142ugi Klienta Wojew\u00f3dzkiego O\u015brodka Ruchu Drogowego w Suwa\u0142kach. Jej praca zachwyca staranno\u015bci\u0105 wykonania oraz wra\u017cliwo\u015bci\u0105 artystyczn\u0105, co ju\u017c na&hellip;","og_url":"https:\/\/www.zst.suwalki.pl\/www\/artystyczny-debiut-julii-bronakowskiej-z-klasy-1taw\/","og_site_name":"Zesp\u00f3\u0142 Szk\u00f3\u0142 Technicznych w Suwa\u0142kach","article_publisher":"https:\/\/www.facebook.com\/zstwsuwalkach","article_published_time":"2025-12-16T10:05:28+00:00","article_modified_time":"2025-12-16T10:10:55+00:00","og_image":[{"width":512,"height":640,"url":"https:\/\/www.zst.suwalki.pl\/www\/wp-content\/uploads\/2025\/12\/word_12_2025.jpg","type":"image\/jpeg"}],"author":"Tomasz Deresz","twitter_card":"summary_large_image","twitter_misc":{"Napisane przez":"Tomasz Deresz","Szacowany czas czytania":"1 minuta"},"schema":{"@context":"https:\/\/schema.org","@graph":[{"@type":"Article","@id":"https:\/\/www.zst.suwalki.pl\/www\/artystyczny-debiut-julii-bronakowskiej-z-klasy-1taw\/#article","isPartOf":{"@id":"https:\/\/www.zst.suwalki.pl\/www\/artystyczny-debiut-julii-bronakowskiej-z-klasy-1taw\/"},"author":{"name":"Tomasz Deresz","@id":"https:\/\/www.zst.suwalki.pl\/www\/#\/schema\/person\/a693916fbc90629c6c30effca66fe605"},"headline":"Artystyczny debiut Julii Bronakowskiej z klasy 1TAW","datePublished":"2025-12-16T10:05:28+00:00","dateModified":"2025-12-16T10:10:55+00:00","mainEntityOfPage":{"@id":"https:\/\/www.zst.suwalki.pl\/www\/artystyczny-debiut-julii-bronakowskiej-z-klasy-1taw\/"},"wordCount":113,"publisher":{"@id":"https:\/\/www.zst.suwalki.pl\/www\/#organization"},"image":{"@id":"https:\/\/www.zst.suwalki.pl\/www\/artystyczny-debiut-julii-bronakowskiej-z-klasy-1taw\/#primaryimage"},"thumbnailUrl":"https:\/\/www.zst.suwalki.pl\/www\/wp-content\/uploads\/2025\/12\/word_12_2025.jpg","keywords":["akcje i pomoc","grafika","Informatyka","kultura i sztuka","szko\u0142a"],"articleSection":["Akcje i pomoc","Informatyka, grafika, elektronika","Kultura i sztuka","Szko\u0142a"],"inLanguage":"pl-PL"},{"@type":"WebPage","@id":"https:\/\/www.zst.suwalki.pl\/www\/artystyczny-debiut-julii-bronakowskiej-z-klasy-1taw\/","url":"https:\/\/www.zst.suwalki.pl\/www\/artystyczny-debiut-julii-bronakowskiej-z-klasy-1taw\/","name":"Artystyczny debiut Julii Bronakowskiej z klasy 1TAW - Zesp\u00f3\u0142 Szk\u00f3\u0142 Technicznych w Suwa\u0142kach","isPartOf":{"@id":"https:\/\/www.zst.suwalki.pl\/www\/#website"},"primaryImageOfPage":{"@id":"https:\/\/www.zst.suwalki.pl\/www\/artystyczny-debiut-julii-bronakowskiej-z-klasy-1taw\/#primaryimage"},"image":{"@id":"https:\/\/www.zst.suwalki.pl\/www\/artystyczny-debiut-julii-bronakowskiej-z-klasy-1taw\/#primaryimage"},"thumbnailUrl":"https:\/\/www.zst.suwalki.pl\/www\/wp-content\/uploads\/2025\/12\/word_12_2025.jpg","datePublished":"2025-12-16T10:05:28+00:00","dateModified":"2025-12-16T10:10:55+00:00","breadcrumb":{"@id":"https:\/\/www.zst.suwalki.pl\/www\/artystyczny-debiut-julii-bronakowskiej-z-klasy-1taw\/#breadcrumb"},"inLanguage":"pl-PL","potentialAction":[{"@type":"ReadAction","target":["https:\/\/www.zst.suwalki.pl\/www\/artystyczny-debiut-julii-bronakowskiej-z-klasy-1taw\/"]}]},{"@type":"ImageObject","inLanguage":"pl-PL","@id":"https:\/\/www.zst.suwalki.pl\/www\/artystyczny-debiut-julii-bronakowskiej-z-klasy-1taw\/#primaryimage","url":"https:\/\/www.zst.suwalki.pl\/www\/wp-content\/uploads\/2025\/12\/word_12_2025.jpg","contentUrl":"https:\/\/www.zst.suwalki.pl\/www\/wp-content\/uploads\/2025\/12\/word_12_2025.jpg","width":512,"height":640},{"@type":"BreadcrumbList","@id":"https:\/\/www.zst.suwalki.pl\/www\/artystyczny-debiut-julii-bronakowskiej-z-klasy-1taw\/#breadcrumb","itemListElement":[{"@type":"ListItem","position":1,"name":"Strona g\u0142\u00f3wna","item":"https:\/\/www.zst.suwalki.pl\/www\/"},{"@type":"ListItem","position":2,"name":"Artystyczny debiut Julii Bronakowskiej z klasy 1TAW"}]},{"@type":"WebSite","@id":"https:\/\/www.zst.suwalki.pl\/www\/#website","url":"https:\/\/www.zst.suwalki.pl\/www\/","name":"Zesp\u00f3\u0142 Szk\u00f3\u0142 Technicznych w Suwa\u0142kach","description":"technikum, suwa\u0142ki, mechatronik, informatyk, teleinformatyk, budownictwo, elektryk, mechanik, monter, fryzjer, cukiernik, grafik,","publisher":{"@id":"https:\/\/www.zst.suwalki.pl\/www\/#organization"},"potentialAction":[{"@type":"SearchAction","target":{"@type":"EntryPoint","urlTemplate":"https:\/\/www.zst.suwalki.pl\/www\/?s={search_term_string}"},"query-input":{"@type":"PropertyValueSpecification","valueRequired":true,"valueName":"search_term_string"}}],"inLanguage":"pl-PL"},{"@type":"Organization","@id":"https:\/\/www.zst.suwalki.pl\/www\/#organization","name":"Zesp\u00f3\u0142 Szk\u00f3\u0142 Technicznych w Suwa\u0142kach","url":"https:\/\/www.zst.suwalki.pl\/www\/","logo":{"@type":"ImageObject","inLanguage":"pl-PL","@id":"https:\/\/www.zst.suwalki.pl\/www\/#\/schema\/logo\/image\/","url":"https:\/\/www.zst.suwalki.pl\/www\/wp-content\/uploads\/2019\/01\/cropped-banner_logo_zst.png","contentUrl":"https:\/\/www.zst.suwalki.pl\/www\/wp-content\/uploads\/2019\/01\/cropped-banner_logo_zst.png","width":290,"height":70,"caption":"Zesp\u00f3\u0142 Szk\u00f3\u0142 Technicznych w Suwa\u0142kach"},"image":{"@id":"https:\/\/www.zst.suwalki.pl\/www\/#\/schema\/logo\/image\/"},"sameAs":["https:\/\/www.facebook.com\/zstwsuwalkach"]},{"@type":"Person","@id":"https:\/\/www.zst.suwalki.pl\/www\/#\/schema\/person\/a693916fbc90629c6c30effca66fe605","name":"Tomasz Deresz","image":{"@type":"ImageObject","inLanguage":"pl-PL","@id":"https:\/\/secure.gravatar.com\/avatar\/ca6c0c988daa8a591856abfc4246eb9a06085f661c1370f2187d4efb3ccc4604?s=96&d=mm&r=g","url":"https:\/\/secure.gravatar.com\/avatar\/ca6c0c988daa8a591856abfc4246eb9a06085f661c1370f2187d4efb3ccc4604?s=96&d=mm&r=g","contentUrl":"https:\/\/secure.gravatar.com\/avatar\/ca6c0c988daa8a591856abfc4246eb9a06085f661c1370f2187d4efb3ccc4604?s=96&d=mm&r=g","caption":"Tomasz Deresz"},"url":"https:\/\/www.zst.suwalki.pl\/www\/author\/tomy\/"}]}},"_links":{"self":[{"href":"https:\/\/www.zst.suwalki.pl\/www\/wp-json\/wp\/v2\/posts\/12196","targetHints":{"allow":["GET"]}}],"collection":[{"href":"https:\/\/www.zst.suwalki.pl\/www\/wp-json\/wp\/v2\/posts"}],"about":[{"href":"https:\/\/www.zst.suwalki.pl\/www\/wp-json\/wp\/v2\/types\/post"}],"author":[{"embeddable":true,"href":"https:\/\/www.zst.suwalki.pl\/www\/wp-json\/wp\/v2\/users\/1"}],"replies":[{"embeddable":true,"href":"https:\/\/www.zst.suwalki.pl\/www\/wp-json\/wp\/v2\/comments?post=12196"}],"version-history":[{"count":4,"href":"https:\/\/www.zst.suwalki.pl\/www\/wp-json\/wp\/v2\/posts\/12196\/revisions"}],"predecessor-version":[{"id":12201,"href":"https:\/\/www.zst.suwalki.pl\/www\/wp-json\/wp\/v2\/posts\/12196\/revisions\/12201"}],"wp:featuredmedia":[{"embeddable":true,"href":"https:\/\/www.zst.suwalki.pl\/www\/wp-json\/wp\/v2\/media\/12197"}],"wp:attachment":[{"href":"https:\/\/www.zst.suwalki.pl\/www\/wp-json\/wp\/v2\/media?parent=12196"}],"wp:term":[{"taxonomy":"category","embeddable":true,"href":"https:\/\/www.zst.suwalki.pl\/www\/wp-json\/wp\/v2\/categories?post=12196"},{"taxonomy":"post_tag","embeddable":true,"href":"https:\/\/www.zst.suwalki.pl\/www\/wp-json\/wp\/v2\/tags?post=12196"}],"curies":[{"name":"wp","href":"https:\/\/api.w.org\/{rel}","templated":true}]}}