{"id":12232,"date":"2025-12-22T09:51:58","date_gmt":"2025-12-22T07:51:58","guid":{"rendered":"https:\/\/www.zst.suwalki.pl\/www\/?p=12232"},"modified":"2025-12-22T09:51:58","modified_gmt":"2025-12-22T07:51:58","slug":"spotkanie-organizacyjne-do-zagranicznych-stazy-w-granadzie-w-hiszpanii","status":"publish","type":"post","link":"https:\/\/www.zst.suwalki.pl\/www\/spotkanie-organizacyjne-do-zagranicznych-stazy-w-granadzie-w-hiszpanii\/","title":{"rendered":"Spotkanie organizacyjne do zagranicznych sta\u017cy w Granadzie w Hiszpanii"},"content":{"rendered":"<p>W dniu 17.12.2025r. odby\u0142o si\u0119 spotkanie organizacyjne z uczestnikami projektu Erasmus+ Akredytacja 2025 o nr 2025-1-PL01-KA121-VET-000317596.<\/p>\n<p><!--more--><\/p>\n<p>Podczas spotkania poruszono kwestie dotycz\u0105ce wyjazdu:<\/p>\n<ul>\n<li>wyja\u015bniono kwestie formalne zwi\u0105zane z wyjazdem;<\/li>\n<li>om\u00f3wiono sprawy organizacyjne zwi\u0105zane z transportem, zakwaterowaniem i wy\u017cywieniem podczas sta\u017cy w Hiszpanii;<\/li>\n<li>przedstawione zosta\u0142y wst\u0119pne propozycje miejsc sta\u017cu w Granadzie oraz kulturowej oferty podczas czasu wolnego uczestnik\u00f3w sta\u017cy.<\/li>\n<\/ul>\n<p>Projekt zagranicznych sta\u017cy realizowany jest ze \u015brodk\u00f3w Programu Erasmus+ sektor Kszta\u0142cenie i szkolenia zawodowe.<\/p>\n","protected":false},"excerpt":{"rendered":"<p>W dniu 17.12.2025r. odby\u0142o si\u0119 spotkanie organizacyjne z uczestnikami projektu Erasmus+ Akredytacja 2025 o nr 2025-1-PL01-KA121-VET-000317596.<\/p>\n","protected":false},"author":1,"featured_media":12233,"comment_status":"closed","ping_status":"open","sticky":false,"template":"","format":"standard","meta":{"_crdt_document":"","footnotes":""},"categories":[47,3,31],"tags":[48,6,32],"class_list":["post-12232","post","type-post","status-publish","format-standard","has-post-thumbnail","hentry","category-projekty","category-szkola","category-wycieczki-i-wizyty","tag-projekty","tag-szkola","tag-wycieczki-i-wizyty"],"yoast_head":"<!-- This site is optimized with the Yoast SEO plugin v27.4 - https:\/\/yoast.com\/product\/yoast-seo-wordpress\/ -->\n<title>Spotkanie organizacyjne do zagranicznych sta\u017cy w Granadzie w Hiszpanii - Zesp\u00f3\u0142 Szk\u00f3\u0142 Technicznych w Suwa\u0142kach<\/title>\n<meta name=\"robots\" content=\"index, follow, max-snippet:-1, max-image-preview:large, max-video-preview:-1\" \/>\n<link rel=\"canonical\" href=\"https:\/\/www.zst.suwalki.pl\/www\/spotkanie-organizacyjne-do-zagranicznych-stazy-w-granadzie-w-hiszpanii\/\" \/>\n<meta property=\"og:locale\" content=\"pl_PL\" \/>\n<meta property=\"og:type\" content=\"article\" \/>\n<meta property=\"og:title\" content=\"Spotkanie organizacyjne do zagranicznych sta\u017cy w Granadzie w Hiszpanii - Zesp\u00f3\u0142 Szk\u00f3\u0142 Technicznych w Suwa\u0142kach\" \/>\n<meta property=\"og:description\" content=\"W dniu 17.12.2025r. odby\u0142o si\u0119 spotkanie organizacyjne z uczestnikami projektu Erasmus+ Akredytacja 2025 o nr 2025-1-PL01-KA121-VET-000317596.\" \/>\n<meta property=\"og:url\" content=\"https:\/\/www.zst.suwalki.pl\/www\/spotkanie-organizacyjne-do-zagranicznych-stazy-w-granadzie-w-hiszpanii\/\" \/>\n<meta property=\"og:site_name\" content=\"Zesp\u00f3\u0142 Szk\u00f3\u0142 Technicznych w Suwa\u0142kach\" \/>\n<meta property=\"article:publisher\" content=\"https:\/\/www.facebook.com\/zstwsuwalkach\" \/>\n<meta property=\"article:published_time\" content=\"2025-12-22T07:51:58+00:00\" \/>\n<meta property=\"og:image\" content=\"https:\/\/www.zst.suwalki.pl\/www\/wp-content\/uploads\/2025\/12\/20251217_124340.jpg\" \/>\n\t<meta property=\"og:image:width\" content=\"2312\" \/>\n\t<meta property=\"og:image:height\" content=\"1734\" \/>\n\t<meta property=\"og:image:type\" content=\"image\/jpeg\" \/>\n<meta name=\"author\" content=\"Tomasz Deresz\" \/>\n<meta name=\"twitter:card\" content=\"summary_large_image\" \/>\n<meta name=\"twitter:label1\" content=\"Napisane przez\" \/>\n\t<meta name=\"twitter:data1\" content=\"Tomasz Deresz\" \/>\n<script type=\"application\/ld+json\" class=\"yoast-schema-graph\">{\"@context\":\"https:\\\/\\\/schema.org\",\"@graph\":[{\"@type\":\"Article\",\"@id\":\"https:\\\/\\\/www.zst.suwalki.pl\\\/www\\\/spotkanie-organizacyjne-do-zagranicznych-stazy-w-granadzie-w-hiszpanii\\\/#article\",\"isPartOf\":{\"@id\":\"https:\\\/\\\/www.zst.suwalki.pl\\\/www\\\/spotkanie-organizacyjne-do-zagranicznych-stazy-w-granadzie-w-hiszpanii\\\/\"},\"author\":{\"name\":\"Tomasz Deresz\",\"@id\":\"https:\\\/\\\/www.zst.suwalki.pl\\\/www\\\/#\\\/schema\\\/person\\\/a693916fbc90629c6c30effca66fe605\"},\"headline\":\"Spotkanie organizacyjne do zagranicznych sta\u017cy w Granadzie w Hiszpanii\",\"datePublished\":\"2025-12-22T07:51:58+00:00\",\"mainEntityOfPage\":{\"@id\":\"https:\\\/\\\/www.zst.suwalki.pl\\\/www\\\/spotkanie-organizacyjne-do-zagranicznych-stazy-w-granadzie-w-hiszpanii\\\/\"},\"wordCount\":99,\"publisher\":{\"@id\":\"https:\\\/\\\/www.zst.suwalki.pl\\\/www\\\/#organization\"},\"image\":{\"@id\":\"https:\\\/\\\/www.zst.suwalki.pl\\\/www\\\/spotkanie-organizacyjne-do-zagranicznych-stazy-w-granadzie-w-hiszpanii\\\/#primaryimage\"},\"thumbnailUrl\":\"https:\\\/\\\/www.zst.suwalki.pl\\\/www\\\/wp-content\\\/uploads\\\/2025\\\/12\\\/20251217_124340.jpg\",\"keywords\":[\"projekty\",\"szko\u0142a\",\"wycieczki i wizyty\"],\"articleSection\":[\"Projekty\",\"Szko\u0142a\",\"Wycieczki i wizyty\"],\"inLanguage\":\"pl-PL\"},{\"@type\":\"WebPage\",\"@id\":\"https:\\\/\\\/www.zst.suwalki.pl\\\/www\\\/spotkanie-organizacyjne-do-zagranicznych-stazy-w-granadzie-w-hiszpanii\\\/\",\"url\":\"https:\\\/\\\/www.zst.suwalki.pl\\\/www\\\/spotkanie-organizacyjne-do-zagranicznych-stazy-w-granadzie-w-hiszpanii\\\/\",\"name\":\"Spotkanie organizacyjne do zagranicznych sta\u017cy w Granadzie w Hiszpanii - Zesp\u00f3\u0142 Szk\u00f3\u0142 Technicznych w Suwa\u0142kach\",\"isPartOf\":{\"@id\":\"https:\\\/\\\/www.zst.suwalki.pl\\\/www\\\/#website\"},\"primaryImageOfPage\":{\"@id\":\"https:\\\/\\\/www.zst.suwalki.pl\\\/www\\\/spotkanie-organizacyjne-do-zagranicznych-stazy-w-granadzie-w-hiszpanii\\\/#primaryimage\"},\"image\":{\"@id\":\"https:\\\/\\\/www.zst.suwalki.pl\\\/www\\\/spotkanie-organizacyjne-do-zagranicznych-stazy-w-granadzie-w-hiszpanii\\\/#primaryimage\"},\"thumbnailUrl\":\"https:\\\/\\\/www.zst.suwalki.pl\\\/www\\\/wp-content\\\/uploads\\\/2025\\\/12\\\/20251217_124340.jpg\",\"datePublished\":\"2025-12-22T07:51:58+00:00\",\"breadcrumb\":{\"@id\":\"https:\\\/\\\/www.zst.suwalki.pl\\\/www\\\/spotkanie-organizacyjne-do-zagranicznych-stazy-w-granadzie-w-hiszpanii\\\/#breadcrumb\"},\"inLanguage\":\"pl-PL\",\"potentialAction\":[{\"@type\":\"ReadAction\",\"target\":[\"https:\\\/\\\/www.zst.suwalki.pl\\\/www\\\/spotkanie-organizacyjne-do-zagranicznych-stazy-w-granadzie-w-hiszpanii\\\/\"]}]},{\"@type\":\"ImageObject\",\"inLanguage\":\"pl-PL\",\"@id\":\"https:\\\/\\\/www.zst.suwalki.pl\\\/www\\\/spotkanie-organizacyjne-do-zagranicznych-stazy-w-granadzie-w-hiszpanii\\\/#primaryimage\",\"url\":\"https:\\\/\\\/www.zst.suwalki.pl\\\/www\\\/wp-content\\\/uploads\\\/2025\\\/12\\\/20251217_124340.jpg\",\"contentUrl\":\"https:\\\/\\\/www.zst.suwalki.pl\\\/www\\\/wp-content\\\/uploads\\\/2025\\\/12\\\/20251217_124340.jpg\",\"width\":2312,\"height\":1734},{\"@type\":\"BreadcrumbList\",\"@id\":\"https:\\\/\\\/www.zst.suwalki.pl\\\/www\\\/spotkanie-organizacyjne-do-zagranicznych-stazy-w-granadzie-w-hiszpanii\\\/#breadcrumb\",\"itemListElement\":[{\"@type\":\"ListItem\",\"position\":1,\"name\":\"Strona g\u0142\u00f3wna\",\"item\":\"https:\\\/\\\/www.zst.suwalki.pl\\\/www\\\/\"},{\"@type\":\"ListItem\",\"position\":2,\"name\":\"Spotkanie organizacyjne do zagranicznych sta\u017cy w Granadzie w Hiszpanii\"}]},{\"@type\":\"WebSite\",\"@id\":\"https:\\\/\\\/www.zst.suwalki.pl\\\/www\\\/#website\",\"url\":\"https:\\\/\\\/www.zst.suwalki.pl\\\/www\\\/\",\"name\":\"Zesp\u00f3\u0142 Szk\u00f3\u0142 Technicznych w Suwa\u0142kach\",\"description\":\"technikum, suwa\u0142ki, mechatronik, informatyk, teleinformatyk, budownictwo, elektryk, mechanik, monter, fryzjer, cukiernik, grafik,\",\"publisher\":{\"@id\":\"https:\\\/\\\/www.zst.suwalki.pl\\\/www\\\/#organization\"},\"potentialAction\":[{\"@type\":\"SearchAction\",\"target\":{\"@type\":\"EntryPoint\",\"urlTemplate\":\"https:\\\/\\\/www.zst.suwalki.pl\\\/www\\\/?s={search_term_string}\"},\"query-input\":{\"@type\":\"PropertyValueSpecification\",\"valueRequired\":true,\"valueName\":\"search_term_string\"}}],\"inLanguage\":\"pl-PL\"},{\"@type\":\"Organization\",\"@id\":\"https:\\\/\\\/www.zst.suwalki.pl\\\/www\\\/#organization\",\"name\":\"Zesp\u00f3\u0142 Szk\u00f3\u0142 Technicznych w Suwa\u0142kach\",\"url\":\"https:\\\/\\\/www.zst.suwalki.pl\\\/www\\\/\",\"logo\":{\"@type\":\"ImageObject\",\"inLanguage\":\"pl-PL\",\"@id\":\"https:\\\/\\\/www.zst.suwalki.pl\\\/www\\\/#\\\/schema\\\/logo\\\/image\\\/\",\"url\":\"https:\\\/\\\/www.zst.suwalki.pl\\\/www\\\/wp-content\\\/uploads\\\/2019\\\/01\\\/cropped-banner_logo_zst.png\",\"contentUrl\":\"https:\\\/\\\/www.zst.suwalki.pl\\\/www\\\/wp-content\\\/uploads\\\/2019\\\/01\\\/cropped-banner_logo_zst.png\",\"width\":290,\"height\":70,\"caption\":\"Zesp\u00f3\u0142 Szk\u00f3\u0142 Technicznych w Suwa\u0142kach\"},\"image\":{\"@id\":\"https:\\\/\\\/www.zst.suwalki.pl\\\/www\\\/#\\\/schema\\\/logo\\\/image\\\/\"},\"sameAs\":[\"https:\\\/\\\/www.facebook.com\\\/zstwsuwalkach\"]},{\"@type\":\"Person\",\"@id\":\"https:\\\/\\\/www.zst.suwalki.pl\\\/www\\\/#\\\/schema\\\/person\\\/a693916fbc90629c6c30effca66fe605\",\"name\":\"Tomasz Deresz\",\"image\":{\"@type\":\"ImageObject\",\"inLanguage\":\"pl-PL\",\"@id\":\"https:\\\/\\\/secure.gravatar.com\\\/avatar\\\/ca6c0c988daa8a591856abfc4246eb9a06085f661c1370f2187d4efb3ccc4604?s=96&d=mm&r=g\",\"url\":\"https:\\\/\\\/secure.gravatar.com\\\/avatar\\\/ca6c0c988daa8a591856abfc4246eb9a06085f661c1370f2187d4efb3ccc4604?s=96&d=mm&r=g\",\"contentUrl\":\"https:\\\/\\\/secure.gravatar.com\\\/avatar\\\/ca6c0c988daa8a591856abfc4246eb9a06085f661c1370f2187d4efb3ccc4604?s=96&d=mm&r=g\",\"caption\":\"Tomasz Deresz\"},\"url\":\"https:\\\/\\\/www.zst.suwalki.pl\\\/www\\\/author\\\/tomy\\\/\"}]}<\/script>\n<!-- \/ Yoast SEO plugin. -->","yoast_head_json":{"title":"Spotkanie organizacyjne do zagranicznych sta\u017cy w Granadzie w Hiszpanii - Zesp\u00f3\u0142 Szk\u00f3\u0142 Technicznych w Suwa\u0142kach","robots":{"index":"index","follow":"follow","max-snippet":"max-snippet:-1","max-image-preview":"max-image-preview:large","max-video-preview":"max-video-preview:-1"},"canonical":"https:\/\/www.zst.suwalki.pl\/www\/spotkanie-organizacyjne-do-zagranicznych-stazy-w-granadzie-w-hiszpanii\/","og_locale":"pl_PL","og_type":"article","og_title":"Spotkanie organizacyjne do zagranicznych sta\u017cy w Granadzie w Hiszpanii - Zesp\u00f3\u0142 Szk\u00f3\u0142 Technicznych w Suwa\u0142kach","og_description":"W dniu 17.12.2025r. odby\u0142o si\u0119 spotkanie organizacyjne z uczestnikami projektu Erasmus+ Akredytacja 2025 o nr 2025-1-PL01-KA121-VET-000317596.","og_url":"https:\/\/www.zst.suwalki.pl\/www\/spotkanie-organizacyjne-do-zagranicznych-stazy-w-granadzie-w-hiszpanii\/","og_site_name":"Zesp\u00f3\u0142 Szk\u00f3\u0142 Technicznych w Suwa\u0142kach","article_publisher":"https:\/\/www.facebook.com\/zstwsuwalkach","article_published_time":"2025-12-22T07:51:58+00:00","og_image":[{"width":2312,"height":1734,"url":"https:\/\/www.zst.suwalki.pl\/www\/wp-content\/uploads\/2025\/12\/20251217_124340.jpg","type":"image\/jpeg"}],"author":"Tomasz Deresz","twitter_card":"summary_large_image","twitter_misc":{"Napisane przez":"Tomasz Deresz"},"schema":{"@context":"https:\/\/schema.org","@graph":[{"@type":"Article","@id":"https:\/\/www.zst.suwalki.pl\/www\/spotkanie-organizacyjne-do-zagranicznych-stazy-w-granadzie-w-hiszpanii\/#article","isPartOf":{"@id":"https:\/\/www.zst.suwalki.pl\/www\/spotkanie-organizacyjne-do-zagranicznych-stazy-w-granadzie-w-hiszpanii\/"},"author":{"name":"Tomasz Deresz","@id":"https:\/\/www.zst.suwalki.pl\/www\/#\/schema\/person\/a693916fbc90629c6c30effca66fe605"},"headline":"Spotkanie organizacyjne do zagranicznych sta\u017cy w Granadzie w Hiszpanii","datePublished":"2025-12-22T07:51:58+00:00","mainEntityOfPage":{"@id":"https:\/\/www.zst.suwalki.pl\/www\/spotkanie-organizacyjne-do-zagranicznych-stazy-w-granadzie-w-hiszpanii\/"},"wordCount":99,"publisher":{"@id":"https:\/\/www.zst.suwalki.pl\/www\/#organization"},"image":{"@id":"https:\/\/www.zst.suwalki.pl\/www\/spotkanie-organizacyjne-do-zagranicznych-stazy-w-granadzie-w-hiszpanii\/#primaryimage"},"thumbnailUrl":"https:\/\/www.zst.suwalki.pl\/www\/wp-content\/uploads\/2025\/12\/20251217_124340.jpg","keywords":["projekty","szko\u0142a","wycieczki i wizyty"],"articleSection":["Projekty","Szko\u0142a","Wycieczki i wizyty"],"inLanguage":"pl-PL"},{"@type":"WebPage","@id":"https:\/\/www.zst.suwalki.pl\/www\/spotkanie-organizacyjne-do-zagranicznych-stazy-w-granadzie-w-hiszpanii\/","url":"https:\/\/www.zst.suwalki.pl\/www\/spotkanie-organizacyjne-do-zagranicznych-stazy-w-granadzie-w-hiszpanii\/","name":"Spotkanie organizacyjne do zagranicznych sta\u017cy w Granadzie w Hiszpanii - Zesp\u00f3\u0142 Szk\u00f3\u0142 Technicznych w Suwa\u0142kach","isPartOf":{"@id":"https:\/\/www.zst.suwalki.pl\/www\/#website"},"primaryImageOfPage":{"@id":"https:\/\/www.zst.suwalki.pl\/www\/spotkanie-organizacyjne-do-zagranicznych-stazy-w-granadzie-w-hiszpanii\/#primaryimage"},"image":{"@id":"https:\/\/www.zst.suwalki.pl\/www\/spotkanie-organizacyjne-do-zagranicznych-stazy-w-granadzie-w-hiszpanii\/#primaryimage"},"thumbnailUrl":"https:\/\/www.zst.suwalki.pl\/www\/wp-content\/uploads\/2025\/12\/20251217_124340.jpg","datePublished":"2025-12-22T07:51:58+00:00","breadcrumb":{"@id":"https:\/\/www.zst.suwalki.pl\/www\/spotkanie-organizacyjne-do-zagranicznych-stazy-w-granadzie-w-hiszpanii\/#breadcrumb"},"inLanguage":"pl-PL","potentialAction":[{"@type":"ReadAction","target":["https:\/\/www.zst.suwalki.pl\/www\/spotkanie-organizacyjne-do-zagranicznych-stazy-w-granadzie-w-hiszpanii\/"]}]},{"@type":"ImageObject","inLanguage":"pl-PL","@id":"https:\/\/www.zst.suwalki.pl\/www\/spotkanie-organizacyjne-do-zagranicznych-stazy-w-granadzie-w-hiszpanii\/#primaryimage","url":"https:\/\/www.zst.suwalki.pl\/www\/wp-content\/uploads\/2025\/12\/20251217_124340.jpg","contentUrl":"https:\/\/www.zst.suwalki.pl\/www\/wp-content\/uploads\/2025\/12\/20251217_124340.jpg","width":2312,"height":1734},{"@type":"BreadcrumbList","@id":"https:\/\/www.zst.suwalki.pl\/www\/spotkanie-organizacyjne-do-zagranicznych-stazy-w-granadzie-w-hiszpanii\/#breadcrumb","itemListElement":[{"@type":"ListItem","position":1,"name":"Strona g\u0142\u00f3wna","item":"https:\/\/www.zst.suwalki.pl\/www\/"},{"@type":"ListItem","position":2,"name":"Spotkanie organizacyjne do zagranicznych sta\u017cy w Granadzie w Hiszpanii"}]},{"@type":"WebSite","@id":"https:\/\/www.zst.suwalki.pl\/www\/#website","url":"https:\/\/www.zst.suwalki.pl\/www\/","name":"Zesp\u00f3\u0142 Szk\u00f3\u0142 Technicznych w Suwa\u0142kach","description":"technikum, suwa\u0142ki, mechatronik, informatyk, teleinformatyk, budownictwo, elektryk, mechanik, monter, fryzjer, cukiernik, grafik,","publisher":{"@id":"https:\/\/www.zst.suwalki.pl\/www\/#organization"},"potentialAction":[{"@type":"SearchAction","target":{"@type":"EntryPoint","urlTemplate":"https:\/\/www.zst.suwalki.pl\/www\/?s={search_term_string}"},"query-input":{"@type":"PropertyValueSpecification","valueRequired":true,"valueName":"search_term_string"}}],"inLanguage":"pl-PL"},{"@type":"Organization","@id":"https:\/\/www.zst.suwalki.pl\/www\/#organization","name":"Zesp\u00f3\u0142 Szk\u00f3\u0142 Technicznych w Suwa\u0142kach","url":"https:\/\/www.zst.suwalki.pl\/www\/","logo":{"@type":"ImageObject","inLanguage":"pl-PL","@id":"https:\/\/www.zst.suwalki.pl\/www\/#\/schema\/logo\/image\/","url":"https:\/\/www.zst.suwalki.pl\/www\/wp-content\/uploads\/2019\/01\/cropped-banner_logo_zst.png","contentUrl":"https:\/\/www.zst.suwalki.pl\/www\/wp-content\/uploads\/2019\/01\/cropped-banner_logo_zst.png","width":290,"height":70,"caption":"Zesp\u00f3\u0142 Szk\u00f3\u0142 Technicznych w Suwa\u0142kach"},"image":{"@id":"https:\/\/www.zst.suwalki.pl\/www\/#\/schema\/logo\/image\/"},"sameAs":["https:\/\/www.facebook.com\/zstwsuwalkach"]},{"@type":"Person","@id":"https:\/\/www.zst.suwalki.pl\/www\/#\/schema\/person\/a693916fbc90629c6c30effca66fe605","name":"Tomasz Deresz","image":{"@type":"ImageObject","inLanguage":"pl-PL","@id":"https:\/\/secure.gravatar.com\/avatar\/ca6c0c988daa8a591856abfc4246eb9a06085f661c1370f2187d4efb3ccc4604?s=96&d=mm&r=g","url":"https:\/\/secure.gravatar.com\/avatar\/ca6c0c988daa8a591856abfc4246eb9a06085f661c1370f2187d4efb3ccc4604?s=96&d=mm&r=g","contentUrl":"https:\/\/secure.gravatar.com\/avatar\/ca6c0c988daa8a591856abfc4246eb9a06085f661c1370f2187d4efb3ccc4604?s=96&d=mm&r=g","caption":"Tomasz Deresz"},"url":"https:\/\/www.zst.suwalki.pl\/www\/author\/tomy\/"}]}},"_links":{"self":[{"href":"https:\/\/www.zst.suwalki.pl\/www\/wp-json\/wp\/v2\/posts\/12232","targetHints":{"allow":["GET"]}}],"collection":[{"href":"https:\/\/www.zst.suwalki.pl\/www\/wp-json\/wp\/v2\/posts"}],"about":[{"href":"https:\/\/www.zst.suwalki.pl\/www\/wp-json\/wp\/v2\/types\/post"}],"author":[{"embeddable":true,"href":"https:\/\/www.zst.suwalki.pl\/www\/wp-json\/wp\/v2\/users\/1"}],"replies":[{"embeddable":true,"href":"https:\/\/www.zst.suwalki.pl\/www\/wp-json\/wp\/v2\/comments?post=12232"}],"version-history":[{"count":2,"href":"https:\/\/www.zst.suwalki.pl\/www\/wp-json\/wp\/v2\/posts\/12232\/revisions"}],"predecessor-version":[{"id":12235,"href":"https:\/\/www.zst.suwalki.pl\/www\/wp-json\/wp\/v2\/posts\/12232\/revisions\/12235"}],"wp:featuredmedia":[{"embeddable":true,"href":"https:\/\/www.zst.suwalki.pl\/www\/wp-json\/wp\/v2\/media\/12233"}],"wp:attachment":[{"href":"https:\/\/www.zst.suwalki.pl\/www\/wp-json\/wp\/v2\/media?parent=12232"}],"wp:term":[{"taxonomy":"category","embeddable":true,"href":"https:\/\/www.zst.suwalki.pl\/www\/wp-json\/wp\/v2\/categories?post=12232"},{"taxonomy":"post_tag","embeddable":true,"href":"https:\/\/www.zst.suwalki.pl\/www\/wp-json\/wp\/v2\/tags?post=12232"}],"curies":[{"name":"wp","href":"https:\/\/api.w.org\/{rel}","templated":true}]}}