{"id":12609,"date":"2026-04-28T08:31:12","date_gmt":"2026-04-28T06:31:12","guid":{"rendered":"https:\/\/www.zst.suwalki.pl\/www\/?p=12609"},"modified":"2026-04-28T08:31:47","modified_gmt":"2026-04-28T06:31:47","slug":"swiatowy-dzien-ksiazki-i-literacki-matchmaking","status":"publish","type":"post","link":"https:\/\/www.zst.suwalki.pl\/www\/swiatowy-dzien-ksiazki-i-literacki-matchmaking\/","title":{"rendered":"\u015awiatowy Dzie\u0144 Ksi\u0105\u017cki  i Literacki &#8222;Matchmaking&#8221;"},"content":{"rendered":"<p>Co zrobi\u0107, aby uczci\u0107 obchodzony 23 kwietnia \u015aWIATOWY DZIE\u0143 KSI\u0104\u017bKI? Ot\u00f3\u017c mo\u017cna przeprowadzi\u0107 Literacki \u201eMatchmaking\u201d, czyli szybkie randki z lektur\u0105, jak zrobili to uczniowie klasy 4 TMR w czasie kompetencji j\u0119zykowych i czytelniczych.<\/p>\n<p><!--more--><\/p>\n<p>To niesztampowy pomys\u0142 na edukacj\u0119 polonistyczn\u0105, \u0142\u0105cz\u0105cy powt\u00f3rzenie wiadomo\u015bci na temat bohater\u00f3w i najwa\u017cniejszych w\u0105tk\u00f3w pochodz\u0105cych z lektur obowi\u0105zkowych lub czytanych we fragmentach. Zadaniem uczni\u00f3w by\u0142o wybranie konkretnej postaci literackiej (m\u0119\u017cczyzna, kobieta) i przedstawienie jej w taki spos\u00f3b, aby opis ten tworzy\u0142 jej profil w aplikacji randkowej.<\/p>\n<p>Profil musia\u0142 zawiera\u0107 nast\u0119puj\u0105ce elementy: \u201eO mnie\u201d (imi\u0119, wiek, cechy charakteru, \u015bwiatopogl\u0105d, zainteresowania), \u201eSzukam\u201d (motywacje i cele \u017cyciowe, oczekiwania od \u017cycia\/partnera) oraz \u201eMoje najwi\u0119ksze wyzwanie\u201d (konflikt tragiczny lub egzystencjalny). Finalnie uczniowie w parach prezentowali swoje profile i decydowali, czy ich postacie do siebie pasuj\u0105, czy te\u017c nie.<\/p>\n<p>Wszyscy wykazali si\u0119 du\u017c\u0105 pomys\u0142owo\u015bci\u0105, ciekaw\u0105 interpretacj\u0105 zdawa\u0142oby si\u0119 oczywistych fakt\u00f3w na temat bohater\u00f3w literackich, a przede wszystkim dobr\u0105 znajomo\u015bci\u0105 tre\u015bci utwor\u00f3w. Okaza\u0142o si\u0119, \u017ce Makbet ma wiele wsp\u00f3lnego z Izabel\u0105 \u0141\u0119ck\u0105, a ich znajomo\u015b\u0107 mog\u0142aby rozwin\u0105\u0107 si\u0119 ca\u0142kiem ciekawie, z kolei na tak\u0105 relacj\u0119 \u0141\u0119cka nie mog\u0142aby liczy\u0107 ani z J\u00f3ziem Kowalskim, ani z Edypem.<\/p>\n<p>Zadanie to by\u0142o bardzo praktycznym \u0107wiczeniem, polegaj\u0105cym na analizie psychologicznej cz\u0142owieka i jego wybor\u00f3w (niepozbawionym aspektu humorystycznego) przek\u0142adaj\u0105cym si\u0119 bezpo\u015brednio na umiej\u0119tno\u015b\u0107 budowania tezy, formu\u0142owania argumentacji popartej sensownymi przyk\u0142adami.<\/p>\n","protected":false},"excerpt":{"rendered":"<p>Co zrobi\u0107, aby uczci\u0107 obchodzony 23 kwietnia \u015aWIATOWY DZIE\u0143 KSI\u0104\u017bKI? Ot\u00f3\u017c mo\u017cna przeprowadzi\u0107 Literacki \u201eMatchmaking\u201d, czyli szybkie randki z lektur\u0105, jak zrobili to uczniowie klasy 4 TMR w czasie kompetencji&hellip;<\/p>\n","protected":false},"author":1,"featured_media":12610,"comment_status":"closed","ping_status":"open","sticky":false,"template":"","format":"standard","meta":{"_crdt_document":"","footnotes":""},"categories":[9,24,3,16],"tags":[10,18,6,17],"class_list":["post-12609","post","type-post","status-publish","format-standard","has-post-thumbnail","hentry","category-jezyki","category-kultura-i-sztuka","category-szkola","category-wydarzenia","tag-jezyki","tag-kultura-i-sztuka","tag-szkola","tag-wydarzenia"],"yoast_head":"<!-- This site is optimized with the Yoast SEO plugin v27.5 - https:\/\/yoast.com\/product\/yoast-seo-wordpress\/ -->\n<title>\u015awiatowy Dzie\u0144 Ksi\u0105\u017cki i Literacki &quot;Matchmaking&quot; - Zesp\u00f3\u0142 Szk\u00f3\u0142 Technicznych w Suwa\u0142kach<\/title>\n<meta name=\"robots\" content=\"index, follow, max-snippet:-1, max-image-preview:large, max-video-preview:-1\" \/>\n<link rel=\"canonical\" href=\"https:\/\/www.zst.suwalki.pl\/www\/swiatowy-dzien-ksiazki-i-literacki-matchmaking\/\" \/>\n<meta property=\"og:locale\" content=\"pl_PL\" \/>\n<meta property=\"og:type\" content=\"article\" \/>\n<meta property=\"og:title\" content=\"\u015awiatowy Dzie\u0144 Ksi\u0105\u017cki i Literacki &quot;Matchmaking&quot; - Zesp\u00f3\u0142 Szk\u00f3\u0142 Technicznych w Suwa\u0142kach\" \/>\n<meta property=\"og:description\" content=\"Co zrobi\u0107, aby uczci\u0107 obchodzony 23 kwietnia \u015aWIATOWY DZIE\u0143 KSI\u0104\u017bKI? Ot\u00f3\u017c mo\u017cna przeprowadzi\u0107 Literacki \u201eMatchmaking\u201d, czyli szybkie randki z lektur\u0105, jak zrobili to uczniowie klasy 4 TMR w czasie kompetencji&hellip;\" \/>\n<meta property=\"og:url\" content=\"https:\/\/www.zst.suwalki.pl\/www\/swiatowy-dzien-ksiazki-i-literacki-matchmaking\/\" \/>\n<meta property=\"og:site_name\" content=\"Zesp\u00f3\u0142 Szk\u00f3\u0142 Technicznych w Suwa\u0142kach\" \/>\n<meta property=\"article:publisher\" content=\"https:\/\/www.facebook.com\/zstwsuwalkach\" \/>\n<meta property=\"article:published_time\" content=\"2026-04-28T06:31:12+00:00\" \/>\n<meta property=\"article:modified_time\" content=\"2026-04-28T06:31:47+00:00\" \/>\n<meta property=\"og:image\" content=\"https:\/\/www.zst.suwalki.pl\/www\/wp-content\/uploads\/2026\/04\/Obraz1.jpg\" \/>\n\t<meta property=\"og:image:width\" content=\"576\" \/>\n\t<meta property=\"og:image:height\" content=\"321\" \/>\n\t<meta property=\"og:image:type\" content=\"image\/jpeg\" \/>\n<meta name=\"author\" content=\"Tomasz Deresz\" \/>\n<meta name=\"twitter:card\" content=\"summary_large_image\" \/>\n<meta name=\"twitter:label1\" content=\"Napisane przez\" \/>\n\t<meta name=\"twitter:data1\" content=\"Tomasz Deresz\" \/>\n\t<meta name=\"twitter:label2\" content=\"Szacowany czas czytania\" \/>\n\t<meta name=\"twitter:data2\" content=\"1 minuta\" \/>\n<script type=\"application\/ld+json\" class=\"yoast-schema-graph\">{\"@context\":\"https:\\\/\\\/schema.org\",\"@graph\":[{\"@type\":\"Article\",\"@id\":\"https:\\\/\\\/www.zst.suwalki.pl\\\/www\\\/swiatowy-dzien-ksiazki-i-literacki-matchmaking\\\/#article\",\"isPartOf\":{\"@id\":\"https:\\\/\\\/www.zst.suwalki.pl\\\/www\\\/swiatowy-dzien-ksiazki-i-literacki-matchmaking\\\/\"},\"author\":{\"name\":\"Tomasz Deresz\",\"@id\":\"https:\\\/\\\/www.zst.suwalki.pl\\\/www\\\/#\\\/schema\\\/person\\\/a693916fbc90629c6c30effca66fe605\"},\"headline\":\"\u015awiatowy Dzie\u0144 Ksi\u0105\u017cki i Literacki &#8222;Matchmaking&#8221;\",\"datePublished\":\"2026-04-28T06:31:12+00:00\",\"dateModified\":\"2026-04-28T06:31:47+00:00\",\"mainEntityOfPage\":{\"@id\":\"https:\\\/\\\/www.zst.suwalki.pl\\\/www\\\/swiatowy-dzien-ksiazki-i-literacki-matchmaking\\\/\"},\"wordCount\":262,\"publisher\":{\"@id\":\"https:\\\/\\\/www.zst.suwalki.pl\\\/www\\\/#organization\"},\"image\":{\"@id\":\"https:\\\/\\\/www.zst.suwalki.pl\\\/www\\\/swiatowy-dzien-ksiazki-i-literacki-matchmaking\\\/#primaryimage\"},\"thumbnailUrl\":\"https:\\\/\\\/www.zst.suwalki.pl\\\/www\\\/wp-content\\\/uploads\\\/2026\\\/04\\\/Obraz1.jpg\",\"keywords\":[\"j\u0119zyki\",\"kultura i sztuka\",\"szko\u0142a\",\"wydarzenia\"],\"articleSection\":[\"J\u0119zyki\",\"Kultura i sztuka\",\"Szko\u0142a\",\"Wydarzenia\"],\"inLanguage\":\"pl-PL\"},{\"@type\":\"WebPage\",\"@id\":\"https:\\\/\\\/www.zst.suwalki.pl\\\/www\\\/swiatowy-dzien-ksiazki-i-literacki-matchmaking\\\/\",\"url\":\"https:\\\/\\\/www.zst.suwalki.pl\\\/www\\\/swiatowy-dzien-ksiazki-i-literacki-matchmaking\\\/\",\"name\":\"\u015awiatowy Dzie\u0144 Ksi\u0105\u017cki i Literacki \\\"Matchmaking\\\" - Zesp\u00f3\u0142 Szk\u00f3\u0142 Technicznych w Suwa\u0142kach\",\"isPartOf\":{\"@id\":\"https:\\\/\\\/www.zst.suwalki.pl\\\/www\\\/#website\"},\"primaryImageOfPage\":{\"@id\":\"https:\\\/\\\/www.zst.suwalki.pl\\\/www\\\/swiatowy-dzien-ksiazki-i-literacki-matchmaking\\\/#primaryimage\"},\"image\":{\"@id\":\"https:\\\/\\\/www.zst.suwalki.pl\\\/www\\\/swiatowy-dzien-ksiazki-i-literacki-matchmaking\\\/#primaryimage\"},\"thumbnailUrl\":\"https:\\\/\\\/www.zst.suwalki.pl\\\/www\\\/wp-content\\\/uploads\\\/2026\\\/04\\\/Obraz1.jpg\",\"datePublished\":\"2026-04-28T06:31:12+00:00\",\"dateModified\":\"2026-04-28T06:31:47+00:00\",\"breadcrumb\":{\"@id\":\"https:\\\/\\\/www.zst.suwalki.pl\\\/www\\\/swiatowy-dzien-ksiazki-i-literacki-matchmaking\\\/#breadcrumb\"},\"inLanguage\":\"pl-PL\",\"potentialAction\":[{\"@type\":\"ReadAction\",\"target\":[\"https:\\\/\\\/www.zst.suwalki.pl\\\/www\\\/swiatowy-dzien-ksiazki-i-literacki-matchmaking\\\/\"]}]},{\"@type\":\"ImageObject\",\"inLanguage\":\"pl-PL\",\"@id\":\"https:\\\/\\\/www.zst.suwalki.pl\\\/www\\\/swiatowy-dzien-ksiazki-i-literacki-matchmaking\\\/#primaryimage\",\"url\":\"https:\\\/\\\/www.zst.suwalki.pl\\\/www\\\/wp-content\\\/uploads\\\/2026\\\/04\\\/Obraz1.jpg\",\"contentUrl\":\"https:\\\/\\\/www.zst.suwalki.pl\\\/www\\\/wp-content\\\/uploads\\\/2026\\\/04\\\/Obraz1.jpg\",\"width\":576,\"height\":321},{\"@type\":\"BreadcrumbList\",\"@id\":\"https:\\\/\\\/www.zst.suwalki.pl\\\/www\\\/swiatowy-dzien-ksiazki-i-literacki-matchmaking\\\/#breadcrumb\",\"itemListElement\":[{\"@type\":\"ListItem\",\"position\":1,\"name\":\"Strona g\u0142\u00f3wna\",\"item\":\"https:\\\/\\\/www.zst.suwalki.pl\\\/www\\\/\"},{\"@type\":\"ListItem\",\"position\":2,\"name\":\"\u015awiatowy Dzie\u0144 Ksi\u0105\u017cki i Literacki &#8222;Matchmaking&#8221;\"}]},{\"@type\":\"WebSite\",\"@id\":\"https:\\\/\\\/www.zst.suwalki.pl\\\/www\\\/#website\",\"url\":\"https:\\\/\\\/www.zst.suwalki.pl\\\/www\\\/\",\"name\":\"Zesp\u00f3\u0142 Szk\u00f3\u0142 Technicznych w Suwa\u0142kach\",\"description\":\"technikum, suwa\u0142ki, mechatronik, informatyk, teleinformatyk, budownictwo, elektryk, mechanik, monter, fryzjer, cukiernik, grafik,\",\"publisher\":{\"@id\":\"https:\\\/\\\/www.zst.suwalki.pl\\\/www\\\/#organization\"},\"potentialAction\":[{\"@type\":\"SearchAction\",\"target\":{\"@type\":\"EntryPoint\",\"urlTemplate\":\"https:\\\/\\\/www.zst.suwalki.pl\\\/www\\\/?s={search_term_string}\"},\"query-input\":{\"@type\":\"PropertyValueSpecification\",\"valueRequired\":true,\"valueName\":\"search_term_string\"}}],\"inLanguage\":\"pl-PL\"},{\"@type\":\"Organization\",\"@id\":\"https:\\\/\\\/www.zst.suwalki.pl\\\/www\\\/#organization\",\"name\":\"Zesp\u00f3\u0142 Szk\u00f3\u0142 Technicznych w Suwa\u0142kach\",\"url\":\"https:\\\/\\\/www.zst.suwalki.pl\\\/www\\\/\",\"logo\":{\"@type\":\"ImageObject\",\"inLanguage\":\"pl-PL\",\"@id\":\"https:\\\/\\\/www.zst.suwalki.pl\\\/www\\\/#\\\/schema\\\/logo\\\/image\\\/\",\"url\":\"https:\\\/\\\/www.zst.suwalki.pl\\\/www\\\/wp-content\\\/uploads\\\/2019\\\/01\\\/cropped-banner_logo_zst.png\",\"contentUrl\":\"https:\\\/\\\/www.zst.suwalki.pl\\\/www\\\/wp-content\\\/uploads\\\/2019\\\/01\\\/cropped-banner_logo_zst.png\",\"width\":290,\"height\":70,\"caption\":\"Zesp\u00f3\u0142 Szk\u00f3\u0142 Technicznych w Suwa\u0142kach\"},\"image\":{\"@id\":\"https:\\\/\\\/www.zst.suwalki.pl\\\/www\\\/#\\\/schema\\\/logo\\\/image\\\/\"},\"sameAs\":[\"https:\\\/\\\/www.facebook.com\\\/zstwsuwalkach\"]},{\"@type\":\"Person\",\"@id\":\"https:\\\/\\\/www.zst.suwalki.pl\\\/www\\\/#\\\/schema\\\/person\\\/a693916fbc90629c6c30effca66fe605\",\"name\":\"Tomasz Deresz\",\"image\":{\"@type\":\"ImageObject\",\"inLanguage\":\"pl-PL\",\"@id\":\"https:\\\/\\\/secure.gravatar.com\\\/avatar\\\/ca6c0c988daa8a591856abfc4246eb9a06085f661c1370f2187d4efb3ccc4604?s=96&d=mm&r=g\",\"url\":\"https:\\\/\\\/secure.gravatar.com\\\/avatar\\\/ca6c0c988daa8a591856abfc4246eb9a06085f661c1370f2187d4efb3ccc4604?s=96&d=mm&r=g\",\"contentUrl\":\"https:\\\/\\\/secure.gravatar.com\\\/avatar\\\/ca6c0c988daa8a591856abfc4246eb9a06085f661c1370f2187d4efb3ccc4604?s=96&d=mm&r=g\",\"caption\":\"Tomasz Deresz\"},\"url\":\"https:\\\/\\\/www.zst.suwalki.pl\\\/www\\\/author\\\/tomy\\\/\"}]}<\/script>\n<!-- \/ Yoast SEO plugin. -->","yoast_head_json":{"title":"\u015awiatowy Dzie\u0144 Ksi\u0105\u017cki i Literacki \"Matchmaking\" - Zesp\u00f3\u0142 Szk\u00f3\u0142 Technicznych w Suwa\u0142kach","robots":{"index":"index","follow":"follow","max-snippet":"max-snippet:-1","max-image-preview":"max-image-preview:large","max-video-preview":"max-video-preview:-1"},"canonical":"https:\/\/www.zst.suwalki.pl\/www\/swiatowy-dzien-ksiazki-i-literacki-matchmaking\/","og_locale":"pl_PL","og_type":"article","og_title":"\u015awiatowy Dzie\u0144 Ksi\u0105\u017cki i Literacki \"Matchmaking\" - Zesp\u00f3\u0142 Szk\u00f3\u0142 Technicznych w Suwa\u0142kach","og_description":"Co zrobi\u0107, aby uczci\u0107 obchodzony 23 kwietnia \u015aWIATOWY DZIE\u0143 KSI\u0104\u017bKI? Ot\u00f3\u017c mo\u017cna przeprowadzi\u0107 Literacki \u201eMatchmaking\u201d, czyli szybkie randki z lektur\u0105, jak zrobili to uczniowie klasy 4 TMR w czasie kompetencji&hellip;","og_url":"https:\/\/www.zst.suwalki.pl\/www\/swiatowy-dzien-ksiazki-i-literacki-matchmaking\/","og_site_name":"Zesp\u00f3\u0142 Szk\u00f3\u0142 Technicznych w Suwa\u0142kach","article_publisher":"https:\/\/www.facebook.com\/zstwsuwalkach","article_published_time":"2026-04-28T06:31:12+00:00","article_modified_time":"2026-04-28T06:31:47+00:00","og_image":[{"width":576,"height":321,"url":"https:\/\/www.zst.suwalki.pl\/www\/wp-content\/uploads\/2026\/04\/Obraz1.jpg","type":"image\/jpeg"}],"author":"Tomasz Deresz","twitter_card":"summary_large_image","twitter_misc":{"Napisane przez":"Tomasz Deresz","Szacowany czas czytania":"1 minuta"},"schema":{"@context":"https:\/\/schema.org","@graph":[{"@type":"Article","@id":"https:\/\/www.zst.suwalki.pl\/www\/swiatowy-dzien-ksiazki-i-literacki-matchmaking\/#article","isPartOf":{"@id":"https:\/\/www.zst.suwalki.pl\/www\/swiatowy-dzien-ksiazki-i-literacki-matchmaking\/"},"author":{"name":"Tomasz Deresz","@id":"https:\/\/www.zst.suwalki.pl\/www\/#\/schema\/person\/a693916fbc90629c6c30effca66fe605"},"headline":"\u015awiatowy Dzie\u0144 Ksi\u0105\u017cki i Literacki &#8222;Matchmaking&#8221;","datePublished":"2026-04-28T06:31:12+00:00","dateModified":"2026-04-28T06:31:47+00:00","mainEntityOfPage":{"@id":"https:\/\/www.zst.suwalki.pl\/www\/swiatowy-dzien-ksiazki-i-literacki-matchmaking\/"},"wordCount":262,"publisher":{"@id":"https:\/\/www.zst.suwalki.pl\/www\/#organization"},"image":{"@id":"https:\/\/www.zst.suwalki.pl\/www\/swiatowy-dzien-ksiazki-i-literacki-matchmaking\/#primaryimage"},"thumbnailUrl":"https:\/\/www.zst.suwalki.pl\/www\/wp-content\/uploads\/2026\/04\/Obraz1.jpg","keywords":["j\u0119zyki","kultura i sztuka","szko\u0142a","wydarzenia"],"articleSection":["J\u0119zyki","Kultura i sztuka","Szko\u0142a","Wydarzenia"],"inLanguage":"pl-PL"},{"@type":"WebPage","@id":"https:\/\/www.zst.suwalki.pl\/www\/swiatowy-dzien-ksiazki-i-literacki-matchmaking\/","url":"https:\/\/www.zst.suwalki.pl\/www\/swiatowy-dzien-ksiazki-i-literacki-matchmaking\/","name":"\u015awiatowy Dzie\u0144 Ksi\u0105\u017cki i Literacki \"Matchmaking\" - Zesp\u00f3\u0142 Szk\u00f3\u0142 Technicznych w Suwa\u0142kach","isPartOf":{"@id":"https:\/\/www.zst.suwalki.pl\/www\/#website"},"primaryImageOfPage":{"@id":"https:\/\/www.zst.suwalki.pl\/www\/swiatowy-dzien-ksiazki-i-literacki-matchmaking\/#primaryimage"},"image":{"@id":"https:\/\/www.zst.suwalki.pl\/www\/swiatowy-dzien-ksiazki-i-literacki-matchmaking\/#primaryimage"},"thumbnailUrl":"https:\/\/www.zst.suwalki.pl\/www\/wp-content\/uploads\/2026\/04\/Obraz1.jpg","datePublished":"2026-04-28T06:31:12+00:00","dateModified":"2026-04-28T06:31:47+00:00","breadcrumb":{"@id":"https:\/\/www.zst.suwalki.pl\/www\/swiatowy-dzien-ksiazki-i-literacki-matchmaking\/#breadcrumb"},"inLanguage":"pl-PL","potentialAction":[{"@type":"ReadAction","target":["https:\/\/www.zst.suwalki.pl\/www\/swiatowy-dzien-ksiazki-i-literacki-matchmaking\/"]}]},{"@type":"ImageObject","inLanguage":"pl-PL","@id":"https:\/\/www.zst.suwalki.pl\/www\/swiatowy-dzien-ksiazki-i-literacki-matchmaking\/#primaryimage","url":"https:\/\/www.zst.suwalki.pl\/www\/wp-content\/uploads\/2026\/04\/Obraz1.jpg","contentUrl":"https:\/\/www.zst.suwalki.pl\/www\/wp-content\/uploads\/2026\/04\/Obraz1.jpg","width":576,"height":321},{"@type":"BreadcrumbList","@id":"https:\/\/www.zst.suwalki.pl\/www\/swiatowy-dzien-ksiazki-i-literacki-matchmaking\/#breadcrumb","itemListElement":[{"@type":"ListItem","position":1,"name":"Strona g\u0142\u00f3wna","item":"https:\/\/www.zst.suwalki.pl\/www\/"},{"@type":"ListItem","position":2,"name":"\u015awiatowy Dzie\u0144 Ksi\u0105\u017cki i Literacki &#8222;Matchmaking&#8221;"}]},{"@type":"WebSite","@id":"https:\/\/www.zst.suwalki.pl\/www\/#website","url":"https:\/\/www.zst.suwalki.pl\/www\/","name":"Zesp\u00f3\u0142 Szk\u00f3\u0142 Technicznych w Suwa\u0142kach","description":"technikum, suwa\u0142ki, mechatronik, informatyk, teleinformatyk, budownictwo, elektryk, mechanik, monter, fryzjer, cukiernik, grafik,","publisher":{"@id":"https:\/\/www.zst.suwalki.pl\/www\/#organization"},"potentialAction":[{"@type":"SearchAction","target":{"@type":"EntryPoint","urlTemplate":"https:\/\/www.zst.suwalki.pl\/www\/?s={search_term_string}"},"query-input":{"@type":"PropertyValueSpecification","valueRequired":true,"valueName":"search_term_string"}}],"inLanguage":"pl-PL"},{"@type":"Organization","@id":"https:\/\/www.zst.suwalki.pl\/www\/#organization","name":"Zesp\u00f3\u0142 Szk\u00f3\u0142 Technicznych w Suwa\u0142kach","url":"https:\/\/www.zst.suwalki.pl\/www\/","logo":{"@type":"ImageObject","inLanguage":"pl-PL","@id":"https:\/\/www.zst.suwalki.pl\/www\/#\/schema\/logo\/image\/","url":"https:\/\/www.zst.suwalki.pl\/www\/wp-content\/uploads\/2019\/01\/cropped-banner_logo_zst.png","contentUrl":"https:\/\/www.zst.suwalki.pl\/www\/wp-content\/uploads\/2019\/01\/cropped-banner_logo_zst.png","width":290,"height":70,"caption":"Zesp\u00f3\u0142 Szk\u00f3\u0142 Technicznych w Suwa\u0142kach"},"image":{"@id":"https:\/\/www.zst.suwalki.pl\/www\/#\/schema\/logo\/image\/"},"sameAs":["https:\/\/www.facebook.com\/zstwsuwalkach"]},{"@type":"Person","@id":"https:\/\/www.zst.suwalki.pl\/www\/#\/schema\/person\/a693916fbc90629c6c30effca66fe605","name":"Tomasz Deresz","image":{"@type":"ImageObject","inLanguage":"pl-PL","@id":"https:\/\/secure.gravatar.com\/avatar\/ca6c0c988daa8a591856abfc4246eb9a06085f661c1370f2187d4efb3ccc4604?s=96&d=mm&r=g","url":"https:\/\/secure.gravatar.com\/avatar\/ca6c0c988daa8a591856abfc4246eb9a06085f661c1370f2187d4efb3ccc4604?s=96&d=mm&r=g","contentUrl":"https:\/\/secure.gravatar.com\/avatar\/ca6c0c988daa8a591856abfc4246eb9a06085f661c1370f2187d4efb3ccc4604?s=96&d=mm&r=g","caption":"Tomasz Deresz"},"url":"https:\/\/www.zst.suwalki.pl\/www\/author\/tomy\/"}]}},"_links":{"self":[{"href":"https:\/\/www.zst.suwalki.pl\/www\/wp-json\/wp\/v2\/posts\/12609","targetHints":{"allow":["GET"]}}],"collection":[{"href":"https:\/\/www.zst.suwalki.pl\/www\/wp-json\/wp\/v2\/posts"}],"about":[{"href":"https:\/\/www.zst.suwalki.pl\/www\/wp-json\/wp\/v2\/types\/post"}],"author":[{"embeddable":true,"href":"https:\/\/www.zst.suwalki.pl\/www\/wp-json\/wp\/v2\/users\/1"}],"replies":[{"embeddable":true,"href":"https:\/\/www.zst.suwalki.pl\/www\/wp-json\/wp\/v2\/comments?post=12609"}],"version-history":[{"count":2,"href":"https:\/\/www.zst.suwalki.pl\/www\/wp-json\/wp\/v2\/posts\/12609\/revisions"}],"predecessor-version":[{"id":12612,"href":"https:\/\/www.zst.suwalki.pl\/www\/wp-json\/wp\/v2\/posts\/12609\/revisions\/12612"}],"wp:featuredmedia":[{"embeddable":true,"href":"https:\/\/www.zst.suwalki.pl\/www\/wp-json\/wp\/v2\/media\/12610"}],"wp:attachment":[{"href":"https:\/\/www.zst.suwalki.pl\/www\/wp-json\/wp\/v2\/media?parent=12609"}],"wp:term":[{"taxonomy":"category","embeddable":true,"href":"https:\/\/www.zst.suwalki.pl\/www\/wp-json\/wp\/v2\/categories?post=12609"},{"taxonomy":"post_tag","embeddable":true,"href":"https:\/\/www.zst.suwalki.pl\/www\/wp-json\/wp\/v2\/tags?post=12609"}],"curies":[{"name":"wp","href":"https:\/\/api.w.org\/{rel}","templated":true}]}}