{"id":3516,"date":"2018-12-19T11:10:21","date_gmt":"2018-12-19T09:10:21","guid":{"rendered":"https:\/\/www.zst.suwalki.pl\/www\/?p=3516"},"modified":"2018-12-19T19:07:48","modified_gmt":"2018-12-19T17:07:48","slug":"jak-radzic-sobie-z-osobami-z-zespolem-aspergera","status":"publish","type":"post","link":"https:\/\/www.zst.suwalki.pl\/www\/jak-radzic-sobie-z-osobami-z-zespolem-aspergera\/","title":{"rendered":"Bez zespo\u0142u Aspergera nie by\u0142oby Doliny Krzemowej"},"content":{"rendered":"<p style=\"text-align: right;\"><strong><em>\u201eDo odniesienia sukcesu w nauce lub sztuce niezb\u0119dna jest odrobina autyzmu\u201d<br \/>\n<\/em><\/strong>Andreas Ohman<\/p>\n<p><!--more--><\/p>\n<p>Czym jest tajemniczy zesp\u00f3\u0142 Aspergera, jakie s\u0105 jego objawy, co mo\u017cna zrobi\u0107, \u017ceby uczniowie nim dotkni\u0119ci nie czuli si\u0119 odrzuceni przez r\u00f3wie\u015bnik\u00f3w &#8211; to pytania, na kt\u00f3re szukali\u015bmy odpowiedzi wsp\u00f3lnie z panem Januszem Tkaczowem podczas szkolenia zorganizowanego w ramach WDZ w Zespole Szk\u00f3\u0142 Technicznych w Suwa\u0142kach w dniu 06.12.2018 r. By\u0142a to r\u00f3wnie\u017c pr\u00f3ba wej\u015bcia w \u015bwiat dziecka z zespo\u0142em Aspergera i zrozumienia, z czym borykaj\u0105 si\u0119 dzieci autystyczne, poniewa\u017c zesp\u00f3\u0142 Aspergera jest \u0142agodn\u0105 form\u0105 autyzmu. Okazuje si\u0119, \u017ce osoby z zespo\u0142em Aspergera, wymownie nazywane AS\u2019ami, nie s\u0105 chore, lecz posiadaj\u0105 odmienny wzorzec budowania relacji z otoczeniem. Oznacza to, \u017ce nie s\u0105 one ani gorsze ani wyj\u0105tkowe i nie powinny wstydzi\u0107 si\u0119 swojego zachowania, ani nara\u017ca\u0107 si\u0119 na odrzucenie spo\u0142eczne. Wiedza, na czym polega ich odmienno\u015b\u0107 jest pierwszym krokiem w drodze do pe\u0142nej akceptacji ich zachowania, co jest niezb\u0119dne w tworzeniu poczucia bezpiecze\u0144stwa w szkole oraz zapewnienia warunk\u00f3w sprzyjaj\u0105cych ich rozwojowi. W du\u017cym skr\u00f3cie ASY\u2019y (osoby dotkni\u0119te zespo\u0142em Aspergera) maj\u0105:<\/p>\n<ul>\n<li>problemy w nawi\u0105zywaniu relacji mi\u0119dzyludzkich<\/li>\n<li>trudno\u015bci z komunikowaniem si\u0119<\/li>\n<li>niezwyk\u0142e zainteresowania oraz nadmiernie usztywnione stereotypowe wzorce zachowa\u0144<\/li>\n<\/ul>\n<p>a poza tym cechuje ich cz\u0119sto wysoki poziom inteligencji, pos\u0142ugiwanie si\u0119 bogatym s\u0142ownictwem, niezwyk\u0142a pami\u0119\u0107, <strong>cho\u0107 nie zawsze trafnie rozpoznaj\u0105 emocje. <\/strong>\u00a0Okazuje si\u0119, \u017ce ogromnym problemem w spo\u0142ecznym funkcjonowaniu AS\u2019\u00f3w jest komunikowanie si\u0119 ich na poziomie pozawerbalnym, nie umiej\u0105 poprawnie interpretowa\u0107 gest\u00f3w i min swojego rozm\u00f3wcy, cz\u0119sto nie rozumiej\u0105 ironii, gier s\u0142ownych, metafor, rozbudowanych por\u00f3wna\u0144. Przekaz s\u0142owny rozumiej\u0105 bardzo dos\u0142ownie, dlatego preferuj\u0105 jasne, zwi\u0119z\u0142e, konkretne komunikaty. Podczas bezpo\u015bredniej rozmowy skupiaj\u0105 si\u0119 przede wszystkim na temacie rozmowy, a nie na kontakcie z drugim cz\u0142owiekiem. Z tego powodu ich zachowanie jest cz\u0119sto odczytywane, jako wyraz zarozumia\u0142o\u015bci, przez co popychane one s\u0105 na margines oraz pozostaj\u0105 w izolacji od grupy.<\/p>\n<p>Mimo licznych deficyt\u00f3w w funkcjonowaniu AS\u2019\u00f3w nale\u017cy pami\u0119ta\u0107 o ogromnych ich osi\u0105gnieciach. <strong>Znane AS\u2019y to: Lionel Messi, Albert Einstein, Wolfgang Amadeusz Mozart i Andy Warhol. <\/strong><\/p>\n<p>Bez zespo\u0142u Aspergera nie by\u0142oby Doliny Krzemowej\u2026..<\/p>\n","protected":false},"excerpt":{"rendered":"<p>\u201eDo odniesienia sukcesu w nauce lub sztuce niezb\u0119dna jest odrobina autyzmu\u201d Andreas Ohman<\/p>\n","protected":false},"author":1,"featured_media":0,"comment_status":"closed","ping_status":"open","sticky":false,"template":"","format":"standard","meta":{"_crdt_document":"","footnotes":""},"categories":[45,3,61],"tags":[65,6,62],"class_list":["post-3516","post","type-post","status-publish","format-standard","hentry","category-szkolenia","category-szkola","category-wdz","tag-kursy-i-szkolenia","tag-szkola","tag-wdz"],"yoast_head":"<!-- This site is optimized with the Yoast SEO plugin v27.5 - https:\/\/yoast.com\/product\/yoast-seo-wordpress\/ -->\n<title>Bez zespo\u0142u Aspergera nie by\u0142oby Doliny Krzemowej - Zesp\u00f3\u0142 Szk\u00f3\u0142 Technicznych w Suwa\u0142kach<\/title>\n<meta name=\"robots\" content=\"index, follow, max-snippet:-1, max-image-preview:large, max-video-preview:-1\" \/>\n<link rel=\"canonical\" href=\"https:\/\/www.zst.suwalki.pl\/www\/jak-radzic-sobie-z-osobami-z-zespolem-aspergera\/\" \/>\n<meta property=\"og:locale\" content=\"pl_PL\" \/>\n<meta property=\"og:type\" content=\"article\" \/>\n<meta property=\"og:title\" content=\"Bez zespo\u0142u Aspergera nie by\u0142oby Doliny Krzemowej - Zesp\u00f3\u0142 Szk\u00f3\u0142 Technicznych w Suwa\u0142kach\" \/>\n<meta property=\"og:description\" content=\"\u201eDo odniesienia sukcesu w nauce lub sztuce niezb\u0119dna jest odrobina autyzmu\u201d Andreas Ohman\" \/>\n<meta property=\"og:url\" content=\"https:\/\/www.zst.suwalki.pl\/www\/jak-radzic-sobie-z-osobami-z-zespolem-aspergera\/\" \/>\n<meta property=\"og:site_name\" content=\"Zesp\u00f3\u0142 Szk\u00f3\u0142 Technicznych w Suwa\u0142kach\" \/>\n<meta property=\"article:publisher\" content=\"https:\/\/www.facebook.com\/zstwsuwalkach\" \/>\n<meta property=\"article:published_time\" content=\"2018-12-19T09:10:21+00:00\" \/>\n<meta property=\"article:modified_time\" content=\"2018-12-19T17:07:48+00:00\" \/>\n<meta name=\"author\" content=\"Tomasz Deresz\" \/>\n<meta name=\"twitter:card\" content=\"summary_large_image\" \/>\n<meta name=\"twitter:label1\" content=\"Napisane przez\" \/>\n\t<meta name=\"twitter:data1\" content=\"Tomasz Deresz\" \/>\n\t<meta name=\"twitter:label2\" content=\"Szacowany czas czytania\" \/>\n\t<meta name=\"twitter:data2\" content=\"2 minuty\" \/>\n<script type=\"application\/ld+json\" class=\"yoast-schema-graph\">{\"@context\":\"https:\\\/\\\/schema.org\",\"@graph\":[{\"@type\":\"Article\",\"@id\":\"https:\\\/\\\/www.zst.suwalki.pl\\\/www\\\/jak-radzic-sobie-z-osobami-z-zespolem-aspergera\\\/#article\",\"isPartOf\":{\"@id\":\"https:\\\/\\\/www.zst.suwalki.pl\\\/www\\\/jak-radzic-sobie-z-osobami-z-zespolem-aspergera\\\/\"},\"author\":{\"name\":\"Tomasz Deresz\",\"@id\":\"https:\\\/\\\/www.zst.suwalki.pl\\\/www\\\/#\\\/schema\\\/person\\\/a693916fbc90629c6c30effca66fe605\"},\"headline\":\"Bez zespo\u0142u Aspergera nie by\u0142oby Doliny Krzemowej\",\"datePublished\":\"2018-12-19T09:10:21+00:00\",\"dateModified\":\"2018-12-19T17:07:48+00:00\",\"mainEntityOfPage\":{\"@id\":\"https:\\\/\\\/www.zst.suwalki.pl\\\/www\\\/jak-radzic-sobie-z-osobami-z-zespolem-aspergera\\\/\"},\"wordCount\":399,\"publisher\":{\"@id\":\"https:\\\/\\\/www.zst.suwalki.pl\\\/www\\\/#organization\"},\"keywords\":[\"kursy i szkolenia\",\"szko\u0142a\",\"wdz\"],\"articleSection\":[\"Szkolenia\",\"Szko\u0142a\",\"WDZ\"],\"inLanguage\":\"pl-PL\"},{\"@type\":\"WebPage\",\"@id\":\"https:\\\/\\\/www.zst.suwalki.pl\\\/www\\\/jak-radzic-sobie-z-osobami-z-zespolem-aspergera\\\/\",\"url\":\"https:\\\/\\\/www.zst.suwalki.pl\\\/www\\\/jak-radzic-sobie-z-osobami-z-zespolem-aspergera\\\/\",\"name\":\"Bez zespo\u0142u Aspergera nie by\u0142oby Doliny Krzemowej - Zesp\u00f3\u0142 Szk\u00f3\u0142 Technicznych w Suwa\u0142kach\",\"isPartOf\":{\"@id\":\"https:\\\/\\\/www.zst.suwalki.pl\\\/www\\\/#website\"},\"datePublished\":\"2018-12-19T09:10:21+00:00\",\"dateModified\":\"2018-12-19T17:07:48+00:00\",\"breadcrumb\":{\"@id\":\"https:\\\/\\\/www.zst.suwalki.pl\\\/www\\\/jak-radzic-sobie-z-osobami-z-zespolem-aspergera\\\/#breadcrumb\"},\"inLanguage\":\"pl-PL\",\"potentialAction\":[{\"@type\":\"ReadAction\",\"target\":[\"https:\\\/\\\/www.zst.suwalki.pl\\\/www\\\/jak-radzic-sobie-z-osobami-z-zespolem-aspergera\\\/\"]}]},{\"@type\":\"BreadcrumbList\",\"@id\":\"https:\\\/\\\/www.zst.suwalki.pl\\\/www\\\/jak-radzic-sobie-z-osobami-z-zespolem-aspergera\\\/#breadcrumb\",\"itemListElement\":[{\"@type\":\"ListItem\",\"position\":1,\"name\":\"Strona g\u0142\u00f3wna\",\"item\":\"https:\\\/\\\/www.zst.suwalki.pl\\\/www\\\/\"},{\"@type\":\"ListItem\",\"position\":2,\"name\":\"Bez zespo\u0142u Aspergera nie by\u0142oby Doliny Krzemowej\"}]},{\"@type\":\"WebSite\",\"@id\":\"https:\\\/\\\/www.zst.suwalki.pl\\\/www\\\/#website\",\"url\":\"https:\\\/\\\/www.zst.suwalki.pl\\\/www\\\/\",\"name\":\"Zesp\u00f3\u0142 Szk\u00f3\u0142 Technicznych w Suwa\u0142kach\",\"description\":\"technikum, suwa\u0142ki, mechatronik, informatyk, teleinformatyk, budownictwo, elektryk, mechanik, monter, fryzjer, cukiernik, grafik,\",\"publisher\":{\"@id\":\"https:\\\/\\\/www.zst.suwalki.pl\\\/www\\\/#organization\"},\"potentialAction\":[{\"@type\":\"SearchAction\",\"target\":{\"@type\":\"EntryPoint\",\"urlTemplate\":\"https:\\\/\\\/www.zst.suwalki.pl\\\/www\\\/?s={search_term_string}\"},\"query-input\":{\"@type\":\"PropertyValueSpecification\",\"valueRequired\":true,\"valueName\":\"search_term_string\"}}],\"inLanguage\":\"pl-PL\"},{\"@type\":\"Organization\",\"@id\":\"https:\\\/\\\/www.zst.suwalki.pl\\\/www\\\/#organization\",\"name\":\"Zesp\u00f3\u0142 Szk\u00f3\u0142 Technicznych w Suwa\u0142kach\",\"url\":\"https:\\\/\\\/www.zst.suwalki.pl\\\/www\\\/\",\"logo\":{\"@type\":\"ImageObject\",\"inLanguage\":\"pl-PL\",\"@id\":\"https:\\\/\\\/www.zst.suwalki.pl\\\/www\\\/#\\\/schema\\\/logo\\\/image\\\/\",\"url\":\"https:\\\/\\\/www.zst.suwalki.pl\\\/www\\\/wp-content\\\/uploads\\\/2019\\\/01\\\/cropped-banner_logo_zst.png\",\"contentUrl\":\"https:\\\/\\\/www.zst.suwalki.pl\\\/www\\\/wp-content\\\/uploads\\\/2019\\\/01\\\/cropped-banner_logo_zst.png\",\"width\":290,\"height\":70,\"caption\":\"Zesp\u00f3\u0142 Szk\u00f3\u0142 Technicznych w Suwa\u0142kach\"},\"image\":{\"@id\":\"https:\\\/\\\/www.zst.suwalki.pl\\\/www\\\/#\\\/schema\\\/logo\\\/image\\\/\"},\"sameAs\":[\"https:\\\/\\\/www.facebook.com\\\/zstwsuwalkach\"]},{\"@type\":\"Person\",\"@id\":\"https:\\\/\\\/www.zst.suwalki.pl\\\/www\\\/#\\\/schema\\\/person\\\/a693916fbc90629c6c30effca66fe605\",\"name\":\"Tomasz Deresz\",\"image\":{\"@type\":\"ImageObject\",\"inLanguage\":\"pl-PL\",\"@id\":\"https:\\\/\\\/secure.gravatar.com\\\/avatar\\\/ca6c0c988daa8a591856abfc4246eb9a06085f661c1370f2187d4efb3ccc4604?s=96&d=mm&r=g\",\"url\":\"https:\\\/\\\/secure.gravatar.com\\\/avatar\\\/ca6c0c988daa8a591856abfc4246eb9a06085f661c1370f2187d4efb3ccc4604?s=96&d=mm&r=g\",\"contentUrl\":\"https:\\\/\\\/secure.gravatar.com\\\/avatar\\\/ca6c0c988daa8a591856abfc4246eb9a06085f661c1370f2187d4efb3ccc4604?s=96&d=mm&r=g\",\"caption\":\"Tomasz Deresz\"},\"url\":\"https:\\\/\\\/www.zst.suwalki.pl\\\/www\\\/author\\\/tomy\\\/\"}]}<\/script>\n<!-- \/ Yoast SEO plugin. -->","yoast_head_json":{"title":"Bez zespo\u0142u Aspergera nie by\u0142oby Doliny Krzemowej - Zesp\u00f3\u0142 Szk\u00f3\u0142 Technicznych w Suwa\u0142kach","robots":{"index":"index","follow":"follow","max-snippet":"max-snippet:-1","max-image-preview":"max-image-preview:large","max-video-preview":"max-video-preview:-1"},"canonical":"https:\/\/www.zst.suwalki.pl\/www\/jak-radzic-sobie-z-osobami-z-zespolem-aspergera\/","og_locale":"pl_PL","og_type":"article","og_title":"Bez zespo\u0142u Aspergera nie by\u0142oby Doliny Krzemowej - Zesp\u00f3\u0142 Szk\u00f3\u0142 Technicznych w Suwa\u0142kach","og_description":"\u201eDo odniesienia sukcesu w nauce lub sztuce niezb\u0119dna jest odrobina autyzmu\u201d Andreas Ohman","og_url":"https:\/\/www.zst.suwalki.pl\/www\/jak-radzic-sobie-z-osobami-z-zespolem-aspergera\/","og_site_name":"Zesp\u00f3\u0142 Szk\u00f3\u0142 Technicznych w Suwa\u0142kach","article_publisher":"https:\/\/www.facebook.com\/zstwsuwalkach","article_published_time":"2018-12-19T09:10:21+00:00","article_modified_time":"2018-12-19T17:07:48+00:00","author":"Tomasz Deresz","twitter_card":"summary_large_image","twitter_misc":{"Napisane przez":"Tomasz Deresz","Szacowany czas czytania":"2 minuty"},"schema":{"@context":"https:\/\/schema.org","@graph":[{"@type":"Article","@id":"https:\/\/www.zst.suwalki.pl\/www\/jak-radzic-sobie-z-osobami-z-zespolem-aspergera\/#article","isPartOf":{"@id":"https:\/\/www.zst.suwalki.pl\/www\/jak-radzic-sobie-z-osobami-z-zespolem-aspergera\/"},"author":{"name":"Tomasz Deresz","@id":"https:\/\/www.zst.suwalki.pl\/www\/#\/schema\/person\/a693916fbc90629c6c30effca66fe605"},"headline":"Bez zespo\u0142u Aspergera nie by\u0142oby Doliny Krzemowej","datePublished":"2018-12-19T09:10:21+00:00","dateModified":"2018-12-19T17:07:48+00:00","mainEntityOfPage":{"@id":"https:\/\/www.zst.suwalki.pl\/www\/jak-radzic-sobie-z-osobami-z-zespolem-aspergera\/"},"wordCount":399,"publisher":{"@id":"https:\/\/www.zst.suwalki.pl\/www\/#organization"},"keywords":["kursy i szkolenia","szko\u0142a","wdz"],"articleSection":["Szkolenia","Szko\u0142a","WDZ"],"inLanguage":"pl-PL"},{"@type":"WebPage","@id":"https:\/\/www.zst.suwalki.pl\/www\/jak-radzic-sobie-z-osobami-z-zespolem-aspergera\/","url":"https:\/\/www.zst.suwalki.pl\/www\/jak-radzic-sobie-z-osobami-z-zespolem-aspergera\/","name":"Bez zespo\u0142u Aspergera nie by\u0142oby Doliny Krzemowej - Zesp\u00f3\u0142 Szk\u00f3\u0142 Technicznych w Suwa\u0142kach","isPartOf":{"@id":"https:\/\/www.zst.suwalki.pl\/www\/#website"},"datePublished":"2018-12-19T09:10:21+00:00","dateModified":"2018-12-19T17:07:48+00:00","breadcrumb":{"@id":"https:\/\/www.zst.suwalki.pl\/www\/jak-radzic-sobie-z-osobami-z-zespolem-aspergera\/#breadcrumb"},"inLanguage":"pl-PL","potentialAction":[{"@type":"ReadAction","target":["https:\/\/www.zst.suwalki.pl\/www\/jak-radzic-sobie-z-osobami-z-zespolem-aspergera\/"]}]},{"@type":"BreadcrumbList","@id":"https:\/\/www.zst.suwalki.pl\/www\/jak-radzic-sobie-z-osobami-z-zespolem-aspergera\/#breadcrumb","itemListElement":[{"@type":"ListItem","position":1,"name":"Strona g\u0142\u00f3wna","item":"https:\/\/www.zst.suwalki.pl\/www\/"},{"@type":"ListItem","position":2,"name":"Bez zespo\u0142u Aspergera nie by\u0142oby Doliny Krzemowej"}]},{"@type":"WebSite","@id":"https:\/\/www.zst.suwalki.pl\/www\/#website","url":"https:\/\/www.zst.suwalki.pl\/www\/","name":"Zesp\u00f3\u0142 Szk\u00f3\u0142 Technicznych w Suwa\u0142kach","description":"technikum, suwa\u0142ki, mechatronik, informatyk, teleinformatyk, budownictwo, elektryk, mechanik, monter, fryzjer, cukiernik, grafik,","publisher":{"@id":"https:\/\/www.zst.suwalki.pl\/www\/#organization"},"potentialAction":[{"@type":"SearchAction","target":{"@type":"EntryPoint","urlTemplate":"https:\/\/www.zst.suwalki.pl\/www\/?s={search_term_string}"},"query-input":{"@type":"PropertyValueSpecification","valueRequired":true,"valueName":"search_term_string"}}],"inLanguage":"pl-PL"},{"@type":"Organization","@id":"https:\/\/www.zst.suwalki.pl\/www\/#organization","name":"Zesp\u00f3\u0142 Szk\u00f3\u0142 Technicznych w Suwa\u0142kach","url":"https:\/\/www.zst.suwalki.pl\/www\/","logo":{"@type":"ImageObject","inLanguage":"pl-PL","@id":"https:\/\/www.zst.suwalki.pl\/www\/#\/schema\/logo\/image\/","url":"https:\/\/www.zst.suwalki.pl\/www\/wp-content\/uploads\/2019\/01\/cropped-banner_logo_zst.png","contentUrl":"https:\/\/www.zst.suwalki.pl\/www\/wp-content\/uploads\/2019\/01\/cropped-banner_logo_zst.png","width":290,"height":70,"caption":"Zesp\u00f3\u0142 Szk\u00f3\u0142 Technicznych w Suwa\u0142kach"},"image":{"@id":"https:\/\/www.zst.suwalki.pl\/www\/#\/schema\/logo\/image\/"},"sameAs":["https:\/\/www.facebook.com\/zstwsuwalkach"]},{"@type":"Person","@id":"https:\/\/www.zst.suwalki.pl\/www\/#\/schema\/person\/a693916fbc90629c6c30effca66fe605","name":"Tomasz Deresz","image":{"@type":"ImageObject","inLanguage":"pl-PL","@id":"https:\/\/secure.gravatar.com\/avatar\/ca6c0c988daa8a591856abfc4246eb9a06085f661c1370f2187d4efb3ccc4604?s=96&d=mm&r=g","url":"https:\/\/secure.gravatar.com\/avatar\/ca6c0c988daa8a591856abfc4246eb9a06085f661c1370f2187d4efb3ccc4604?s=96&d=mm&r=g","contentUrl":"https:\/\/secure.gravatar.com\/avatar\/ca6c0c988daa8a591856abfc4246eb9a06085f661c1370f2187d4efb3ccc4604?s=96&d=mm&r=g","caption":"Tomasz Deresz"},"url":"https:\/\/www.zst.suwalki.pl\/www\/author\/tomy\/"}]}},"_links":{"self":[{"href":"https:\/\/www.zst.suwalki.pl\/www\/wp-json\/wp\/v2\/posts\/3516","targetHints":{"allow":["GET"]}}],"collection":[{"href":"https:\/\/www.zst.suwalki.pl\/www\/wp-json\/wp\/v2\/posts"}],"about":[{"href":"https:\/\/www.zst.suwalki.pl\/www\/wp-json\/wp\/v2\/types\/post"}],"author":[{"embeddable":true,"href":"https:\/\/www.zst.suwalki.pl\/www\/wp-json\/wp\/v2\/users\/1"}],"replies":[{"embeddable":true,"href":"https:\/\/www.zst.suwalki.pl\/www\/wp-json\/wp\/v2\/comments?post=3516"}],"version-history":[{"count":2,"href":"https:\/\/www.zst.suwalki.pl\/www\/wp-json\/wp\/v2\/posts\/3516\/revisions"}],"predecessor-version":[{"id":3520,"href":"https:\/\/www.zst.suwalki.pl\/www\/wp-json\/wp\/v2\/posts\/3516\/revisions\/3520"}],"wp:attachment":[{"href":"https:\/\/www.zst.suwalki.pl\/www\/wp-json\/wp\/v2\/media?parent=3516"}],"wp:term":[{"taxonomy":"category","embeddable":true,"href":"https:\/\/www.zst.suwalki.pl\/www\/wp-json\/wp\/v2\/categories?post=3516"},{"taxonomy":"post_tag","embeddable":true,"href":"https:\/\/www.zst.suwalki.pl\/www\/wp-json\/wp\/v2\/tags?post=3516"}],"curies":[{"name":"wp","href":"https:\/\/api.w.org\/{rel}","templated":true}]}}