{"id":4294,"date":"2019-06-12T07:26:00","date_gmt":"2019-06-12T05:26:00","guid":{"rendered":"https:\/\/www.zst.suwalki.pl\/www\/?p=4294"},"modified":"2019-06-14T08:52:01","modified_gmt":"2019-06-14T06:52:01","slug":"nasz-nauczyciel-w-elitarnym-gronie-it","status":"publish","type":"post","link":"https:\/\/www.zst.suwalki.pl\/www\/nasz-nauczyciel-w-elitarnym-gronie-it\/","title":{"rendered":"Nasz nauczyciel w elitarnym gronie IT"},"content":{"rendered":"<p>Mi\u0142o nam poinformowa\u0107, \u017ce nasz nauczyciel Tomasz Deresz zosta\u0142 doceniony przez ekspert\u00f3w IT z Naukowej Akademickiej Sieci Komputerowej i zosta\u0142 zaproszony do elitarnego grona nauczycieli z bran\u017cy IT pn. #OSEHero. <!--more-->Projekt ten ma na celu zebranie innowacyjnej i kreatywnej grupy w celu wspierania i dzielenia si\u0119 wiedz\u0105 i dobrymi praktykami mi\u0119dzy sob\u0105. Celem jest tak\u017ce og\u00f3lnopolskie wsparcie nauczycieli i propagowanie wi\u0119kszego wykorzystania technologii IT, TIK, cyfrowych narz\u0119dzi, na lekcjach przez nauczycieli na wszystkich poziomach kszta\u0142cenia. Gratulujemy!<\/p>\n<p><img fetchpriority=\"high\" decoding=\"async\" class=\"alignnone size-large wp-image-4313\" src=\"https:\/\/www.zst.suwalki.pl\/www\/wp-content\/uploads\/2019\/06\/ja_ose_hero-1024x676.jpg\" alt=\"\" width=\"640\" height=\"423\" srcset=\"https:\/\/www.zst.suwalki.pl\/www\/wp-content\/uploads\/2019\/06\/ja_ose_hero-1024x676.jpg 1024w, https:\/\/www.zst.suwalki.pl\/www\/wp-content\/uploads\/2019\/06\/ja_ose_hero-300x198.jpg 300w, https:\/\/www.zst.suwalki.pl\/www\/wp-content\/uploads\/2019\/06\/ja_ose_hero-768x507.jpg 768w, https:\/\/www.zst.suwalki.pl\/www\/wp-content\/uploads\/2019\/06\/ja_ose_hero.jpg 1600w\" sizes=\"(max-width: 640px) 100vw, 640px\" \/><\/p>\n","protected":false},"excerpt":{"rendered":"<p>Mi\u0142o nam poinformowa\u0107, \u017ce nasz nauczyciel Tomasz Deresz zosta\u0142 doceniony przez ekspert\u00f3w IT z Naukowej Akademickiej Sieci Komputerowej i zosta\u0142 zaproszony do elitarnego grona nauczycieli z bran\u017cy IT pn. #OSEHero.<\/p>\n","protected":false},"author":8,"featured_media":4297,"comment_status":"closed","ping_status":"open","sticky":false,"template":"","format":"standard","meta":{"_crdt_document":"","footnotes":""},"categories":[14,47,45,3,16],"tags":[69,68,65,48,6,17],"class_list":["post-4294","post","type-post","status-publish","format-standard","has-post-thumbnail","hentry","category-informatyka-grafika-elektronika","category-projekty","category-szkolenia","category-szkola","category-wydarzenia","tag-elektronika","tag-informatyka-grafika","tag-kursy-i-szkolenia","tag-projekty","tag-szkola","tag-wydarzenia"],"yoast_head":"<!-- This site is optimized with the Yoast SEO plugin v27.5 - https:\/\/yoast.com\/product\/yoast-seo-wordpress\/ -->\n<title>Nasz nauczyciel w elitarnym gronie IT - Zesp\u00f3\u0142 Szk\u00f3\u0142 Technicznych w Suwa\u0142kach<\/title>\n<meta name=\"robots\" content=\"index, follow, max-snippet:-1, max-image-preview:large, max-video-preview:-1\" \/>\n<link rel=\"canonical\" href=\"https:\/\/www.zst.suwalki.pl\/www\/nasz-nauczyciel-w-elitarnym-gronie-it\/\" \/>\n<meta property=\"og:locale\" content=\"pl_PL\" \/>\n<meta property=\"og:type\" content=\"article\" \/>\n<meta property=\"og:title\" content=\"Nasz nauczyciel w elitarnym gronie IT - Zesp\u00f3\u0142 Szk\u00f3\u0142 Technicznych w Suwa\u0142kach\" \/>\n<meta property=\"og:description\" content=\"Mi\u0142o nam poinformowa\u0107, \u017ce nasz nauczyciel Tomasz Deresz zosta\u0142 doceniony przez ekspert\u00f3w IT z Naukowej Akademickiej Sieci Komputerowej i zosta\u0142 zaproszony do elitarnego grona nauczycieli z bran\u017cy IT pn. #OSEHero.\" \/>\n<meta property=\"og:url\" content=\"https:\/\/www.zst.suwalki.pl\/www\/nasz-nauczyciel-w-elitarnym-gronie-it\/\" \/>\n<meta property=\"og:site_name\" content=\"Zesp\u00f3\u0142 Szk\u00f3\u0142 Technicznych w Suwa\u0142kach\" \/>\n<meta property=\"article:publisher\" content=\"https:\/\/www.facebook.com\/zstwsuwalkach\" \/>\n<meta property=\"article:published_time\" content=\"2019-06-12T05:26:00+00:00\" \/>\n<meta property=\"article:modified_time\" content=\"2019-06-14T06:52:01+00:00\" \/>\n<meta property=\"og:image\" content=\"https:\/\/www.zst.suwalki.pl\/www\/wp-content\/uploads\/2019\/06\/ose_logo.jpg\" \/>\n\t<meta property=\"og:image:width\" content=\"540\" \/>\n\t<meta property=\"og:image:height\" content=\"281\" \/>\n\t<meta property=\"og:image:type\" content=\"image\/jpeg\" \/>\n<meta name=\"author\" content=\"Dorota Kossa-Szoch\" \/>\n<meta name=\"twitter:card\" content=\"summary_large_image\" \/>\n<meta name=\"twitter:label1\" content=\"Napisane przez\" \/>\n\t<meta name=\"twitter:data1\" content=\"Dorota Kossa-Szoch\" \/>\n<script type=\"application\/ld+json\" class=\"yoast-schema-graph\">{\"@context\":\"https:\\\/\\\/schema.org\",\"@graph\":[{\"@type\":\"Article\",\"@id\":\"https:\\\/\\\/www.zst.suwalki.pl\\\/www\\\/nasz-nauczyciel-w-elitarnym-gronie-it\\\/#article\",\"isPartOf\":{\"@id\":\"https:\\\/\\\/www.zst.suwalki.pl\\\/www\\\/nasz-nauczyciel-w-elitarnym-gronie-it\\\/\"},\"author\":{\"name\":\"Dorota Kossa-Szoch\",\"@id\":\"https:\\\/\\\/www.zst.suwalki.pl\\\/www\\\/#\\\/schema\\\/person\\\/9c1ecb0da789c885b1a48aa69d0e203a\"},\"headline\":\"Nasz nauczyciel w elitarnym gronie IT\",\"datePublished\":\"2019-06-12T05:26:00+00:00\",\"dateModified\":\"2019-06-14T06:52:01+00:00\",\"mainEntityOfPage\":{\"@id\":\"https:\\\/\\\/www.zst.suwalki.pl\\\/www\\\/nasz-nauczyciel-w-elitarnym-gronie-it\\\/\"},\"wordCount\":91,\"publisher\":{\"@id\":\"https:\\\/\\\/www.zst.suwalki.pl\\\/www\\\/#organization\"},\"image\":{\"@id\":\"https:\\\/\\\/www.zst.suwalki.pl\\\/www\\\/nasz-nauczyciel-w-elitarnym-gronie-it\\\/#primaryimage\"},\"thumbnailUrl\":\"https:\\\/\\\/www.zst.suwalki.pl\\\/www\\\/wp-content\\\/uploads\\\/2019\\\/06\\\/ose_logo.jpg\",\"keywords\":[\"elektronika\",\"Informatyka, grafika\",\"kursy i szkolenia\",\"projekty\",\"szko\u0142a\",\"wydarzenia\"],\"articleSection\":[\"Informatyka, grafika, elektronika\",\"Projekty\",\"Szkolenia\",\"Szko\u0142a\",\"Wydarzenia\"],\"inLanguage\":\"pl-PL\"},{\"@type\":\"WebPage\",\"@id\":\"https:\\\/\\\/www.zst.suwalki.pl\\\/www\\\/nasz-nauczyciel-w-elitarnym-gronie-it\\\/\",\"url\":\"https:\\\/\\\/www.zst.suwalki.pl\\\/www\\\/nasz-nauczyciel-w-elitarnym-gronie-it\\\/\",\"name\":\"Nasz nauczyciel w elitarnym gronie IT - Zesp\u00f3\u0142 Szk\u00f3\u0142 Technicznych w Suwa\u0142kach\",\"isPartOf\":{\"@id\":\"https:\\\/\\\/www.zst.suwalki.pl\\\/www\\\/#website\"},\"primaryImageOfPage\":{\"@id\":\"https:\\\/\\\/www.zst.suwalki.pl\\\/www\\\/nasz-nauczyciel-w-elitarnym-gronie-it\\\/#primaryimage\"},\"image\":{\"@id\":\"https:\\\/\\\/www.zst.suwalki.pl\\\/www\\\/nasz-nauczyciel-w-elitarnym-gronie-it\\\/#primaryimage\"},\"thumbnailUrl\":\"https:\\\/\\\/www.zst.suwalki.pl\\\/www\\\/wp-content\\\/uploads\\\/2019\\\/06\\\/ose_logo.jpg\",\"datePublished\":\"2019-06-12T05:26:00+00:00\",\"dateModified\":\"2019-06-14T06:52:01+00:00\",\"breadcrumb\":{\"@id\":\"https:\\\/\\\/www.zst.suwalki.pl\\\/www\\\/nasz-nauczyciel-w-elitarnym-gronie-it\\\/#breadcrumb\"},\"inLanguage\":\"pl-PL\",\"potentialAction\":[{\"@type\":\"ReadAction\",\"target\":[\"https:\\\/\\\/www.zst.suwalki.pl\\\/www\\\/nasz-nauczyciel-w-elitarnym-gronie-it\\\/\"]}]},{\"@type\":\"ImageObject\",\"inLanguage\":\"pl-PL\",\"@id\":\"https:\\\/\\\/www.zst.suwalki.pl\\\/www\\\/nasz-nauczyciel-w-elitarnym-gronie-it\\\/#primaryimage\",\"url\":\"https:\\\/\\\/www.zst.suwalki.pl\\\/www\\\/wp-content\\\/uploads\\\/2019\\\/06\\\/ose_logo.jpg\",\"contentUrl\":\"https:\\\/\\\/www.zst.suwalki.pl\\\/www\\\/wp-content\\\/uploads\\\/2019\\\/06\\\/ose_logo.jpg\",\"width\":540,\"height\":281},{\"@type\":\"BreadcrumbList\",\"@id\":\"https:\\\/\\\/www.zst.suwalki.pl\\\/www\\\/nasz-nauczyciel-w-elitarnym-gronie-it\\\/#breadcrumb\",\"itemListElement\":[{\"@type\":\"ListItem\",\"position\":1,\"name\":\"Strona g\u0142\u00f3wna\",\"item\":\"https:\\\/\\\/www.zst.suwalki.pl\\\/www\\\/\"},{\"@type\":\"ListItem\",\"position\":2,\"name\":\"Nasz nauczyciel w elitarnym gronie IT\"}]},{\"@type\":\"WebSite\",\"@id\":\"https:\\\/\\\/www.zst.suwalki.pl\\\/www\\\/#website\",\"url\":\"https:\\\/\\\/www.zst.suwalki.pl\\\/www\\\/\",\"name\":\"Zesp\u00f3\u0142 Szk\u00f3\u0142 Technicznych w Suwa\u0142kach\",\"description\":\"technikum, suwa\u0142ki, mechatronik, informatyk, teleinformatyk, budownictwo, elektryk, mechanik, monter, fryzjer, cukiernik, grafik,\",\"publisher\":{\"@id\":\"https:\\\/\\\/www.zst.suwalki.pl\\\/www\\\/#organization\"},\"potentialAction\":[{\"@type\":\"SearchAction\",\"target\":{\"@type\":\"EntryPoint\",\"urlTemplate\":\"https:\\\/\\\/www.zst.suwalki.pl\\\/www\\\/?s={search_term_string}\"},\"query-input\":{\"@type\":\"PropertyValueSpecification\",\"valueRequired\":true,\"valueName\":\"search_term_string\"}}],\"inLanguage\":\"pl-PL\"},{\"@type\":\"Organization\",\"@id\":\"https:\\\/\\\/www.zst.suwalki.pl\\\/www\\\/#organization\",\"name\":\"Zesp\u00f3\u0142 Szk\u00f3\u0142 Technicznych w Suwa\u0142kach\",\"url\":\"https:\\\/\\\/www.zst.suwalki.pl\\\/www\\\/\",\"logo\":{\"@type\":\"ImageObject\",\"inLanguage\":\"pl-PL\",\"@id\":\"https:\\\/\\\/www.zst.suwalki.pl\\\/www\\\/#\\\/schema\\\/logo\\\/image\\\/\",\"url\":\"https:\\\/\\\/www.zst.suwalki.pl\\\/www\\\/wp-content\\\/uploads\\\/2019\\\/01\\\/cropped-banner_logo_zst.png\",\"contentUrl\":\"https:\\\/\\\/www.zst.suwalki.pl\\\/www\\\/wp-content\\\/uploads\\\/2019\\\/01\\\/cropped-banner_logo_zst.png\",\"width\":290,\"height\":70,\"caption\":\"Zesp\u00f3\u0142 Szk\u00f3\u0142 Technicznych w Suwa\u0142kach\"},\"image\":{\"@id\":\"https:\\\/\\\/www.zst.suwalki.pl\\\/www\\\/#\\\/schema\\\/logo\\\/image\\\/\"},\"sameAs\":[\"https:\\\/\\\/www.facebook.com\\\/zstwsuwalkach\"]},{\"@type\":\"Person\",\"@id\":\"https:\\\/\\\/www.zst.suwalki.pl\\\/www\\\/#\\\/schema\\\/person\\\/9c1ecb0da789c885b1a48aa69d0e203a\",\"name\":\"Dorota Kossa-Szoch\",\"image\":{\"@type\":\"ImageObject\",\"inLanguage\":\"pl-PL\",\"@id\":\"https:\\\/\\\/secure.gravatar.com\\\/avatar\\\/847ca9c0a868072bb874736557565c01e564305fea8debb9025f8068ed6b818f?s=96&d=mm&r=g\",\"url\":\"https:\\\/\\\/secure.gravatar.com\\\/avatar\\\/847ca9c0a868072bb874736557565c01e564305fea8debb9025f8068ed6b818f?s=96&d=mm&r=g\",\"contentUrl\":\"https:\\\/\\\/secure.gravatar.com\\\/avatar\\\/847ca9c0a868072bb874736557565c01e564305fea8debb9025f8068ed6b818f?s=96&d=mm&r=g\",\"caption\":\"Dorota Kossa-Szoch\"},\"url\":\"https:\\\/\\\/www.zst.suwalki.pl\\\/www\\\/author\\\/dorota\\\/\"}]}<\/script>\n<!-- \/ Yoast SEO plugin. -->","yoast_head_json":{"title":"Nasz nauczyciel w elitarnym gronie IT - Zesp\u00f3\u0142 Szk\u00f3\u0142 Technicznych w Suwa\u0142kach","robots":{"index":"index","follow":"follow","max-snippet":"max-snippet:-1","max-image-preview":"max-image-preview:large","max-video-preview":"max-video-preview:-1"},"canonical":"https:\/\/www.zst.suwalki.pl\/www\/nasz-nauczyciel-w-elitarnym-gronie-it\/","og_locale":"pl_PL","og_type":"article","og_title":"Nasz nauczyciel w elitarnym gronie IT - Zesp\u00f3\u0142 Szk\u00f3\u0142 Technicznych w Suwa\u0142kach","og_description":"Mi\u0142o nam poinformowa\u0107, \u017ce nasz nauczyciel Tomasz Deresz zosta\u0142 doceniony przez ekspert\u00f3w IT z Naukowej Akademickiej Sieci Komputerowej i zosta\u0142 zaproszony do elitarnego grona nauczycieli z bran\u017cy IT pn. #OSEHero.","og_url":"https:\/\/www.zst.suwalki.pl\/www\/nasz-nauczyciel-w-elitarnym-gronie-it\/","og_site_name":"Zesp\u00f3\u0142 Szk\u00f3\u0142 Technicznych w Suwa\u0142kach","article_publisher":"https:\/\/www.facebook.com\/zstwsuwalkach","article_published_time":"2019-06-12T05:26:00+00:00","article_modified_time":"2019-06-14T06:52:01+00:00","og_image":[{"width":540,"height":281,"url":"https:\/\/www.zst.suwalki.pl\/www\/wp-content\/uploads\/2019\/06\/ose_logo.jpg","type":"image\/jpeg"}],"author":"Dorota Kossa-Szoch","twitter_card":"summary_large_image","twitter_misc":{"Napisane przez":"Dorota Kossa-Szoch"},"schema":{"@context":"https:\/\/schema.org","@graph":[{"@type":"Article","@id":"https:\/\/www.zst.suwalki.pl\/www\/nasz-nauczyciel-w-elitarnym-gronie-it\/#article","isPartOf":{"@id":"https:\/\/www.zst.suwalki.pl\/www\/nasz-nauczyciel-w-elitarnym-gronie-it\/"},"author":{"name":"Dorota Kossa-Szoch","@id":"https:\/\/www.zst.suwalki.pl\/www\/#\/schema\/person\/9c1ecb0da789c885b1a48aa69d0e203a"},"headline":"Nasz nauczyciel w elitarnym gronie IT","datePublished":"2019-06-12T05:26:00+00:00","dateModified":"2019-06-14T06:52:01+00:00","mainEntityOfPage":{"@id":"https:\/\/www.zst.suwalki.pl\/www\/nasz-nauczyciel-w-elitarnym-gronie-it\/"},"wordCount":91,"publisher":{"@id":"https:\/\/www.zst.suwalki.pl\/www\/#organization"},"image":{"@id":"https:\/\/www.zst.suwalki.pl\/www\/nasz-nauczyciel-w-elitarnym-gronie-it\/#primaryimage"},"thumbnailUrl":"https:\/\/www.zst.suwalki.pl\/www\/wp-content\/uploads\/2019\/06\/ose_logo.jpg","keywords":["elektronika","Informatyka, grafika","kursy i szkolenia","projekty","szko\u0142a","wydarzenia"],"articleSection":["Informatyka, grafika, elektronika","Projekty","Szkolenia","Szko\u0142a","Wydarzenia"],"inLanguage":"pl-PL"},{"@type":"WebPage","@id":"https:\/\/www.zst.suwalki.pl\/www\/nasz-nauczyciel-w-elitarnym-gronie-it\/","url":"https:\/\/www.zst.suwalki.pl\/www\/nasz-nauczyciel-w-elitarnym-gronie-it\/","name":"Nasz nauczyciel w elitarnym gronie IT - Zesp\u00f3\u0142 Szk\u00f3\u0142 Technicznych w Suwa\u0142kach","isPartOf":{"@id":"https:\/\/www.zst.suwalki.pl\/www\/#website"},"primaryImageOfPage":{"@id":"https:\/\/www.zst.suwalki.pl\/www\/nasz-nauczyciel-w-elitarnym-gronie-it\/#primaryimage"},"image":{"@id":"https:\/\/www.zst.suwalki.pl\/www\/nasz-nauczyciel-w-elitarnym-gronie-it\/#primaryimage"},"thumbnailUrl":"https:\/\/www.zst.suwalki.pl\/www\/wp-content\/uploads\/2019\/06\/ose_logo.jpg","datePublished":"2019-06-12T05:26:00+00:00","dateModified":"2019-06-14T06:52:01+00:00","breadcrumb":{"@id":"https:\/\/www.zst.suwalki.pl\/www\/nasz-nauczyciel-w-elitarnym-gronie-it\/#breadcrumb"},"inLanguage":"pl-PL","potentialAction":[{"@type":"ReadAction","target":["https:\/\/www.zst.suwalki.pl\/www\/nasz-nauczyciel-w-elitarnym-gronie-it\/"]}]},{"@type":"ImageObject","inLanguage":"pl-PL","@id":"https:\/\/www.zst.suwalki.pl\/www\/nasz-nauczyciel-w-elitarnym-gronie-it\/#primaryimage","url":"https:\/\/www.zst.suwalki.pl\/www\/wp-content\/uploads\/2019\/06\/ose_logo.jpg","contentUrl":"https:\/\/www.zst.suwalki.pl\/www\/wp-content\/uploads\/2019\/06\/ose_logo.jpg","width":540,"height":281},{"@type":"BreadcrumbList","@id":"https:\/\/www.zst.suwalki.pl\/www\/nasz-nauczyciel-w-elitarnym-gronie-it\/#breadcrumb","itemListElement":[{"@type":"ListItem","position":1,"name":"Strona g\u0142\u00f3wna","item":"https:\/\/www.zst.suwalki.pl\/www\/"},{"@type":"ListItem","position":2,"name":"Nasz nauczyciel w elitarnym gronie IT"}]},{"@type":"WebSite","@id":"https:\/\/www.zst.suwalki.pl\/www\/#website","url":"https:\/\/www.zst.suwalki.pl\/www\/","name":"Zesp\u00f3\u0142 Szk\u00f3\u0142 Technicznych w Suwa\u0142kach","description":"technikum, suwa\u0142ki, mechatronik, informatyk, teleinformatyk, budownictwo, elektryk, mechanik, monter, fryzjer, cukiernik, grafik,","publisher":{"@id":"https:\/\/www.zst.suwalki.pl\/www\/#organization"},"potentialAction":[{"@type":"SearchAction","target":{"@type":"EntryPoint","urlTemplate":"https:\/\/www.zst.suwalki.pl\/www\/?s={search_term_string}"},"query-input":{"@type":"PropertyValueSpecification","valueRequired":true,"valueName":"search_term_string"}}],"inLanguage":"pl-PL"},{"@type":"Organization","@id":"https:\/\/www.zst.suwalki.pl\/www\/#organization","name":"Zesp\u00f3\u0142 Szk\u00f3\u0142 Technicznych w Suwa\u0142kach","url":"https:\/\/www.zst.suwalki.pl\/www\/","logo":{"@type":"ImageObject","inLanguage":"pl-PL","@id":"https:\/\/www.zst.suwalki.pl\/www\/#\/schema\/logo\/image\/","url":"https:\/\/www.zst.suwalki.pl\/www\/wp-content\/uploads\/2019\/01\/cropped-banner_logo_zst.png","contentUrl":"https:\/\/www.zst.suwalki.pl\/www\/wp-content\/uploads\/2019\/01\/cropped-banner_logo_zst.png","width":290,"height":70,"caption":"Zesp\u00f3\u0142 Szk\u00f3\u0142 Technicznych w Suwa\u0142kach"},"image":{"@id":"https:\/\/www.zst.suwalki.pl\/www\/#\/schema\/logo\/image\/"},"sameAs":["https:\/\/www.facebook.com\/zstwsuwalkach"]},{"@type":"Person","@id":"https:\/\/www.zst.suwalki.pl\/www\/#\/schema\/person\/9c1ecb0da789c885b1a48aa69d0e203a","name":"Dorota Kossa-Szoch","image":{"@type":"ImageObject","inLanguage":"pl-PL","@id":"https:\/\/secure.gravatar.com\/avatar\/847ca9c0a868072bb874736557565c01e564305fea8debb9025f8068ed6b818f?s=96&d=mm&r=g","url":"https:\/\/secure.gravatar.com\/avatar\/847ca9c0a868072bb874736557565c01e564305fea8debb9025f8068ed6b818f?s=96&d=mm&r=g","contentUrl":"https:\/\/secure.gravatar.com\/avatar\/847ca9c0a868072bb874736557565c01e564305fea8debb9025f8068ed6b818f?s=96&d=mm&r=g","caption":"Dorota Kossa-Szoch"},"url":"https:\/\/www.zst.suwalki.pl\/www\/author\/dorota\/"}]}},"_links":{"self":[{"href":"https:\/\/www.zst.suwalki.pl\/www\/wp-json\/wp\/v2\/posts\/4294","targetHints":{"allow":["GET"]}}],"collection":[{"href":"https:\/\/www.zst.suwalki.pl\/www\/wp-json\/wp\/v2\/posts"}],"about":[{"href":"https:\/\/www.zst.suwalki.pl\/www\/wp-json\/wp\/v2\/types\/post"}],"author":[{"embeddable":true,"href":"https:\/\/www.zst.suwalki.pl\/www\/wp-json\/wp\/v2\/users\/8"}],"replies":[{"embeddable":true,"href":"https:\/\/www.zst.suwalki.pl\/www\/wp-json\/wp\/v2\/comments?post=4294"}],"version-history":[{"count":3,"href":"https:\/\/www.zst.suwalki.pl\/www\/wp-json\/wp\/v2\/posts\/4294\/revisions"}],"predecessor-version":[{"id":4314,"href":"https:\/\/www.zst.suwalki.pl\/www\/wp-json\/wp\/v2\/posts\/4294\/revisions\/4314"}],"wp:featuredmedia":[{"embeddable":true,"href":"https:\/\/www.zst.suwalki.pl\/www\/wp-json\/wp\/v2\/media\/4297"}],"wp:attachment":[{"href":"https:\/\/www.zst.suwalki.pl\/www\/wp-json\/wp\/v2\/media?parent=4294"}],"wp:term":[{"taxonomy":"category","embeddable":true,"href":"https:\/\/www.zst.suwalki.pl\/www\/wp-json\/wp\/v2\/categories?post=4294"},{"taxonomy":"post_tag","embeddable":true,"href":"https:\/\/www.zst.suwalki.pl\/www\/wp-json\/wp\/v2\/tags?post=4294"}],"curies":[{"name":"wp","href":"https:\/\/api.w.org\/{rel}","templated":true}]}}