{"id":4350,"date":"2019-06-25T09:24:05","date_gmt":"2019-06-25T07:24:05","guid":{"rendered":"https:\/\/www.zst.suwalki.pl\/www\/?p=4350"},"modified":"2019-06-25T19:38:11","modified_gmt":"2019-06-25T17:38:11","slug":"final-akcji-zbiorki-odziezy-dla-dzieci-w-nepalu","status":"publish","type":"post","link":"https:\/\/www.zst.suwalki.pl\/www\/final-akcji-zbiorki-odziezy-dla-dzieci-w-nepalu\/","title":{"rendered":"Fina\u0142 akcji zbi\u00f3rki odzie\u017cy dla dzieci w Nepalu"},"content":{"rendered":"<p>Og\u00f3lnopolska akcja pomocy dla dzieci Nepalu narodzi\u0142a si\u0119 w trakcie wyprawy alpinistycznej, kt\u00f3rej uczestnikiem by\u0142 Polak &#8211; Marcin Tomaszewski. Podczas wspinaczki zobaczy\u0142 dzieci chodz\u0105ce w klapkach przy ujemnych temperaturach. Dzieci przemierzaj\u0105 w ten spos\u00f3b d\u0142ugie kilometry aby dotrze\u0107 do szko\u0142y. W zimie temperatury spadaj\u0105 tam do minus kilkudziesi\u0119ciu stopni.<\/p>\n<p><!--more--><\/p>\n<p>Samorz\u0105d 2 TGP wraz z wychowawc\u0105 Ann\u0105 Boguck\u0105, nie zastanawiaj\u0105c si\u0119 d\u0142ugo, wyrazi\u0142 ch\u0119\u0107 wzi\u0119cia udzia\u0142u w tej akcji. Za zgod\u0105 dyrekcji zosta\u0142a przeprowadzona zbi\u00f3rka, kt\u00f3ra trwa\u0142a w naszej szkole od 17 maja do 14 czerwca bie\u017c\u0105cego roku. Uda\u0142o si\u0119 nam zgromadzi\u0107 2 kartony ubra\u0144 i obuwia, kt\u00f3re zosta\u0142y wys\u0142ane dzi\u015b (18 czerwca) do Juraty &#8211; miejsce og\u00f3lnopolskiej zbi\u00f3rki.<\/p>\n<p>Spo\u0142eczno\u015b\u0107 ZST po raz kolejny okaza\u0142a swoje dobre i wra\u017cliwe serca. Jeste\u015bmy bardzo wdzi\u0119czni ka\u017cdemu, kto w\u0142\u0105czy\u0142 si\u0119 do akcji. Wielkie dzi\u0119ki!<\/p>\n<p>&nbsp;<\/p>\n","protected":false},"excerpt":{"rendered":"<p>Og\u00f3lnopolska akcja pomocy dla dzieci Nepalu narodzi\u0142a si\u0119 w trakcie wyprawy alpinistycznej, kt\u00f3rej uczestnikiem by\u0142 Polak &#8211; Marcin Tomaszewski. Podczas wspinaczki zobaczy\u0142 dzieci chodz\u0105ce w klapkach przy ujemnych temperaturach. Dzieci&hellip;<\/p>\n","protected":false},"author":1,"featured_media":4351,"comment_status":"closed","ping_status":"open","sticky":false,"template":"","format":"standard","meta":{"_crdt_document":"","footnotes":""},"categories":[28,38,3,31],"tags":[29,6,32,17],"class_list":["post-4350","post","type-post","status-publish","format-standard","has-post-thumbnail","hentry","category-akcje-i-pomoc","category-ogloszenia-i-komunikaty","category-szkola","category-wycieczki-i-wizyty","tag-akcje-i-pomoc","tag-szkola","tag-wycieczki-i-wizyty","tag-wydarzenia"],"yoast_head":"<!-- This site is optimized with the Yoast SEO plugin v27.5 - https:\/\/yoast.com\/product\/yoast-seo-wordpress\/ -->\n<title>Fina\u0142 akcji zbi\u00f3rki odzie\u017cy dla dzieci w Nepalu - Zesp\u00f3\u0142 Szk\u00f3\u0142 Technicznych w Suwa\u0142kach<\/title>\n<meta name=\"robots\" content=\"index, follow, max-snippet:-1, max-image-preview:large, max-video-preview:-1\" \/>\n<link rel=\"canonical\" href=\"https:\/\/www.zst.suwalki.pl\/www\/final-akcji-zbiorki-odziezy-dla-dzieci-w-nepalu\/\" \/>\n<meta property=\"og:locale\" content=\"pl_PL\" \/>\n<meta property=\"og:type\" content=\"article\" \/>\n<meta property=\"og:title\" content=\"Fina\u0142 akcji zbi\u00f3rki odzie\u017cy dla dzieci w Nepalu - Zesp\u00f3\u0142 Szk\u00f3\u0142 Technicznych w Suwa\u0142kach\" \/>\n<meta property=\"og:description\" content=\"Og\u00f3lnopolska akcja pomocy dla dzieci Nepalu narodzi\u0142a si\u0119 w trakcie wyprawy alpinistycznej, kt\u00f3rej uczestnikiem by\u0142 Polak &#8211; Marcin Tomaszewski. Podczas wspinaczki zobaczy\u0142 dzieci chodz\u0105ce w klapkach przy ujemnych temperaturach. Dzieci&hellip;\" \/>\n<meta property=\"og:url\" content=\"https:\/\/www.zst.suwalki.pl\/www\/final-akcji-zbiorki-odziezy-dla-dzieci-w-nepalu\/\" \/>\n<meta property=\"og:site_name\" content=\"Zesp\u00f3\u0142 Szk\u00f3\u0142 Technicznych w Suwa\u0142kach\" \/>\n<meta property=\"article:publisher\" content=\"https:\/\/www.facebook.com\/zstwsuwalkach\" \/>\n<meta property=\"article:published_time\" content=\"2019-06-25T07:24:05+00:00\" \/>\n<meta property=\"article:modified_time\" content=\"2019-06-25T17:38:11+00:00\" \/>\n<meta property=\"og:image\" content=\"https:\/\/www.zst.suwalki.pl\/www\/wp-content\/uploads\/2019\/06\/FB_IMG_1560777977948.jpg\" \/>\n\t<meta property=\"og:image:width\" content=\"1280\" \/>\n\t<meta property=\"og:image:height\" content=\"960\" \/>\n\t<meta property=\"og:image:type\" content=\"image\/jpeg\" \/>\n<meta name=\"author\" content=\"Tomasz Deresz\" \/>\n<meta name=\"twitter:card\" content=\"summary_large_image\" \/>\n<meta name=\"twitter:label1\" content=\"Napisane przez\" \/>\n\t<meta name=\"twitter:data1\" content=\"Tomasz Deresz\" \/>\n\t<meta name=\"twitter:label2\" content=\"Szacowany czas czytania\" \/>\n\t<meta name=\"twitter:data2\" content=\"1 minuta\" \/>\n<script type=\"application\/ld+json\" class=\"yoast-schema-graph\">{\"@context\":\"https:\\\/\\\/schema.org\",\"@graph\":[{\"@type\":\"Article\",\"@id\":\"https:\\\/\\\/www.zst.suwalki.pl\\\/www\\\/final-akcji-zbiorki-odziezy-dla-dzieci-w-nepalu\\\/#article\",\"isPartOf\":{\"@id\":\"https:\\\/\\\/www.zst.suwalki.pl\\\/www\\\/final-akcji-zbiorki-odziezy-dla-dzieci-w-nepalu\\\/\"},\"author\":{\"name\":\"Tomasz Deresz\",\"@id\":\"https:\\\/\\\/www.zst.suwalki.pl\\\/www\\\/#\\\/schema\\\/person\\\/a693916fbc90629c6c30effca66fe605\"},\"headline\":\"Fina\u0142 akcji zbi\u00f3rki odzie\u017cy dla dzieci w Nepalu\",\"datePublished\":\"2019-06-25T07:24:05+00:00\",\"dateModified\":\"2019-06-25T17:38:11+00:00\",\"mainEntityOfPage\":{\"@id\":\"https:\\\/\\\/www.zst.suwalki.pl\\\/www\\\/final-akcji-zbiorki-odziezy-dla-dzieci-w-nepalu\\\/\"},\"wordCount\":168,\"publisher\":{\"@id\":\"https:\\\/\\\/www.zst.suwalki.pl\\\/www\\\/#organization\"},\"image\":{\"@id\":\"https:\\\/\\\/www.zst.suwalki.pl\\\/www\\\/final-akcji-zbiorki-odziezy-dla-dzieci-w-nepalu\\\/#primaryimage\"},\"thumbnailUrl\":\"https:\\\/\\\/www.zst.suwalki.pl\\\/www\\\/wp-content\\\/uploads\\\/2019\\\/06\\\/FB_IMG_1560777977948.jpg\",\"keywords\":[\"akcje i pomoc\",\"szko\u0142a\",\"wycieczki i wizyty\",\"wydarzenia\"],\"articleSection\":[\"Akcje i pomoc\",\"Og\u0142oszenia i komunikaty\",\"Szko\u0142a\",\"Wycieczki i wizyty\"],\"inLanguage\":\"pl-PL\"},{\"@type\":\"WebPage\",\"@id\":\"https:\\\/\\\/www.zst.suwalki.pl\\\/www\\\/final-akcji-zbiorki-odziezy-dla-dzieci-w-nepalu\\\/\",\"url\":\"https:\\\/\\\/www.zst.suwalki.pl\\\/www\\\/final-akcji-zbiorki-odziezy-dla-dzieci-w-nepalu\\\/\",\"name\":\"Fina\u0142 akcji zbi\u00f3rki odzie\u017cy dla dzieci w Nepalu - Zesp\u00f3\u0142 Szk\u00f3\u0142 Technicznych w Suwa\u0142kach\",\"isPartOf\":{\"@id\":\"https:\\\/\\\/www.zst.suwalki.pl\\\/www\\\/#website\"},\"primaryImageOfPage\":{\"@id\":\"https:\\\/\\\/www.zst.suwalki.pl\\\/www\\\/final-akcji-zbiorki-odziezy-dla-dzieci-w-nepalu\\\/#primaryimage\"},\"image\":{\"@id\":\"https:\\\/\\\/www.zst.suwalki.pl\\\/www\\\/final-akcji-zbiorki-odziezy-dla-dzieci-w-nepalu\\\/#primaryimage\"},\"thumbnailUrl\":\"https:\\\/\\\/www.zst.suwalki.pl\\\/www\\\/wp-content\\\/uploads\\\/2019\\\/06\\\/FB_IMG_1560777977948.jpg\",\"datePublished\":\"2019-06-25T07:24:05+00:00\",\"dateModified\":\"2019-06-25T17:38:11+00:00\",\"breadcrumb\":{\"@id\":\"https:\\\/\\\/www.zst.suwalki.pl\\\/www\\\/final-akcji-zbiorki-odziezy-dla-dzieci-w-nepalu\\\/#breadcrumb\"},\"inLanguage\":\"pl-PL\",\"potentialAction\":[{\"@type\":\"ReadAction\",\"target\":[\"https:\\\/\\\/www.zst.suwalki.pl\\\/www\\\/final-akcji-zbiorki-odziezy-dla-dzieci-w-nepalu\\\/\"]}]},{\"@type\":\"ImageObject\",\"inLanguage\":\"pl-PL\",\"@id\":\"https:\\\/\\\/www.zst.suwalki.pl\\\/www\\\/final-akcji-zbiorki-odziezy-dla-dzieci-w-nepalu\\\/#primaryimage\",\"url\":\"https:\\\/\\\/www.zst.suwalki.pl\\\/www\\\/wp-content\\\/uploads\\\/2019\\\/06\\\/FB_IMG_1560777977948.jpg\",\"contentUrl\":\"https:\\\/\\\/www.zst.suwalki.pl\\\/www\\\/wp-content\\\/uploads\\\/2019\\\/06\\\/FB_IMG_1560777977948.jpg\",\"width\":1280,\"height\":960},{\"@type\":\"BreadcrumbList\",\"@id\":\"https:\\\/\\\/www.zst.suwalki.pl\\\/www\\\/final-akcji-zbiorki-odziezy-dla-dzieci-w-nepalu\\\/#breadcrumb\",\"itemListElement\":[{\"@type\":\"ListItem\",\"position\":1,\"name\":\"Strona g\u0142\u00f3wna\",\"item\":\"https:\\\/\\\/www.zst.suwalki.pl\\\/www\\\/\"},{\"@type\":\"ListItem\",\"position\":2,\"name\":\"Fina\u0142 akcji zbi\u00f3rki odzie\u017cy dla dzieci w Nepalu\"}]},{\"@type\":\"WebSite\",\"@id\":\"https:\\\/\\\/www.zst.suwalki.pl\\\/www\\\/#website\",\"url\":\"https:\\\/\\\/www.zst.suwalki.pl\\\/www\\\/\",\"name\":\"Zesp\u00f3\u0142 Szk\u00f3\u0142 Technicznych w Suwa\u0142kach\",\"description\":\"technikum, suwa\u0142ki, mechatronik, informatyk, teleinformatyk, budownictwo, elektryk, mechanik, monter, fryzjer, cukiernik, grafik,\",\"publisher\":{\"@id\":\"https:\\\/\\\/www.zst.suwalki.pl\\\/www\\\/#organization\"},\"potentialAction\":[{\"@type\":\"SearchAction\",\"target\":{\"@type\":\"EntryPoint\",\"urlTemplate\":\"https:\\\/\\\/www.zst.suwalki.pl\\\/www\\\/?s={search_term_string}\"},\"query-input\":{\"@type\":\"PropertyValueSpecification\",\"valueRequired\":true,\"valueName\":\"search_term_string\"}}],\"inLanguage\":\"pl-PL\"},{\"@type\":\"Organization\",\"@id\":\"https:\\\/\\\/www.zst.suwalki.pl\\\/www\\\/#organization\",\"name\":\"Zesp\u00f3\u0142 Szk\u00f3\u0142 Technicznych w Suwa\u0142kach\",\"url\":\"https:\\\/\\\/www.zst.suwalki.pl\\\/www\\\/\",\"logo\":{\"@type\":\"ImageObject\",\"inLanguage\":\"pl-PL\",\"@id\":\"https:\\\/\\\/www.zst.suwalki.pl\\\/www\\\/#\\\/schema\\\/logo\\\/image\\\/\",\"url\":\"https:\\\/\\\/www.zst.suwalki.pl\\\/www\\\/wp-content\\\/uploads\\\/2019\\\/01\\\/cropped-banner_logo_zst.png\",\"contentUrl\":\"https:\\\/\\\/www.zst.suwalki.pl\\\/www\\\/wp-content\\\/uploads\\\/2019\\\/01\\\/cropped-banner_logo_zst.png\",\"width\":290,\"height\":70,\"caption\":\"Zesp\u00f3\u0142 Szk\u00f3\u0142 Technicznych w Suwa\u0142kach\"},\"image\":{\"@id\":\"https:\\\/\\\/www.zst.suwalki.pl\\\/www\\\/#\\\/schema\\\/logo\\\/image\\\/\"},\"sameAs\":[\"https:\\\/\\\/www.facebook.com\\\/zstwsuwalkach\"]},{\"@type\":\"Person\",\"@id\":\"https:\\\/\\\/www.zst.suwalki.pl\\\/www\\\/#\\\/schema\\\/person\\\/a693916fbc90629c6c30effca66fe605\",\"name\":\"Tomasz Deresz\",\"image\":{\"@type\":\"ImageObject\",\"inLanguage\":\"pl-PL\",\"@id\":\"https:\\\/\\\/secure.gravatar.com\\\/avatar\\\/ca6c0c988daa8a591856abfc4246eb9a06085f661c1370f2187d4efb3ccc4604?s=96&d=mm&r=g\",\"url\":\"https:\\\/\\\/secure.gravatar.com\\\/avatar\\\/ca6c0c988daa8a591856abfc4246eb9a06085f661c1370f2187d4efb3ccc4604?s=96&d=mm&r=g\",\"contentUrl\":\"https:\\\/\\\/secure.gravatar.com\\\/avatar\\\/ca6c0c988daa8a591856abfc4246eb9a06085f661c1370f2187d4efb3ccc4604?s=96&d=mm&r=g\",\"caption\":\"Tomasz Deresz\"},\"url\":\"https:\\\/\\\/www.zst.suwalki.pl\\\/www\\\/author\\\/tomy\\\/\"}]}<\/script>\n<!-- \/ Yoast SEO plugin. -->","yoast_head_json":{"title":"Fina\u0142 akcji zbi\u00f3rki odzie\u017cy dla dzieci w Nepalu - Zesp\u00f3\u0142 Szk\u00f3\u0142 Technicznych w Suwa\u0142kach","robots":{"index":"index","follow":"follow","max-snippet":"max-snippet:-1","max-image-preview":"max-image-preview:large","max-video-preview":"max-video-preview:-1"},"canonical":"https:\/\/www.zst.suwalki.pl\/www\/final-akcji-zbiorki-odziezy-dla-dzieci-w-nepalu\/","og_locale":"pl_PL","og_type":"article","og_title":"Fina\u0142 akcji zbi\u00f3rki odzie\u017cy dla dzieci w Nepalu - Zesp\u00f3\u0142 Szk\u00f3\u0142 Technicznych w Suwa\u0142kach","og_description":"Og\u00f3lnopolska akcja pomocy dla dzieci Nepalu narodzi\u0142a si\u0119 w trakcie wyprawy alpinistycznej, kt\u00f3rej uczestnikiem by\u0142 Polak &#8211; Marcin Tomaszewski. Podczas wspinaczki zobaczy\u0142 dzieci chodz\u0105ce w klapkach przy ujemnych temperaturach. Dzieci&hellip;","og_url":"https:\/\/www.zst.suwalki.pl\/www\/final-akcji-zbiorki-odziezy-dla-dzieci-w-nepalu\/","og_site_name":"Zesp\u00f3\u0142 Szk\u00f3\u0142 Technicznych w Suwa\u0142kach","article_publisher":"https:\/\/www.facebook.com\/zstwsuwalkach","article_published_time":"2019-06-25T07:24:05+00:00","article_modified_time":"2019-06-25T17:38:11+00:00","og_image":[{"width":1280,"height":960,"url":"https:\/\/www.zst.suwalki.pl\/www\/wp-content\/uploads\/2019\/06\/FB_IMG_1560777977948.jpg","type":"image\/jpeg"}],"author":"Tomasz Deresz","twitter_card":"summary_large_image","twitter_misc":{"Napisane przez":"Tomasz Deresz","Szacowany czas czytania":"1 minuta"},"schema":{"@context":"https:\/\/schema.org","@graph":[{"@type":"Article","@id":"https:\/\/www.zst.suwalki.pl\/www\/final-akcji-zbiorki-odziezy-dla-dzieci-w-nepalu\/#article","isPartOf":{"@id":"https:\/\/www.zst.suwalki.pl\/www\/final-akcji-zbiorki-odziezy-dla-dzieci-w-nepalu\/"},"author":{"name":"Tomasz Deresz","@id":"https:\/\/www.zst.suwalki.pl\/www\/#\/schema\/person\/a693916fbc90629c6c30effca66fe605"},"headline":"Fina\u0142 akcji zbi\u00f3rki odzie\u017cy dla dzieci w Nepalu","datePublished":"2019-06-25T07:24:05+00:00","dateModified":"2019-06-25T17:38:11+00:00","mainEntityOfPage":{"@id":"https:\/\/www.zst.suwalki.pl\/www\/final-akcji-zbiorki-odziezy-dla-dzieci-w-nepalu\/"},"wordCount":168,"publisher":{"@id":"https:\/\/www.zst.suwalki.pl\/www\/#organization"},"image":{"@id":"https:\/\/www.zst.suwalki.pl\/www\/final-akcji-zbiorki-odziezy-dla-dzieci-w-nepalu\/#primaryimage"},"thumbnailUrl":"https:\/\/www.zst.suwalki.pl\/www\/wp-content\/uploads\/2019\/06\/FB_IMG_1560777977948.jpg","keywords":["akcje i pomoc","szko\u0142a","wycieczki i wizyty","wydarzenia"],"articleSection":["Akcje i pomoc","Og\u0142oszenia i komunikaty","Szko\u0142a","Wycieczki i wizyty"],"inLanguage":"pl-PL"},{"@type":"WebPage","@id":"https:\/\/www.zst.suwalki.pl\/www\/final-akcji-zbiorki-odziezy-dla-dzieci-w-nepalu\/","url":"https:\/\/www.zst.suwalki.pl\/www\/final-akcji-zbiorki-odziezy-dla-dzieci-w-nepalu\/","name":"Fina\u0142 akcji zbi\u00f3rki odzie\u017cy dla dzieci w Nepalu - Zesp\u00f3\u0142 Szk\u00f3\u0142 Technicznych w Suwa\u0142kach","isPartOf":{"@id":"https:\/\/www.zst.suwalki.pl\/www\/#website"},"primaryImageOfPage":{"@id":"https:\/\/www.zst.suwalki.pl\/www\/final-akcji-zbiorki-odziezy-dla-dzieci-w-nepalu\/#primaryimage"},"image":{"@id":"https:\/\/www.zst.suwalki.pl\/www\/final-akcji-zbiorki-odziezy-dla-dzieci-w-nepalu\/#primaryimage"},"thumbnailUrl":"https:\/\/www.zst.suwalki.pl\/www\/wp-content\/uploads\/2019\/06\/FB_IMG_1560777977948.jpg","datePublished":"2019-06-25T07:24:05+00:00","dateModified":"2019-06-25T17:38:11+00:00","breadcrumb":{"@id":"https:\/\/www.zst.suwalki.pl\/www\/final-akcji-zbiorki-odziezy-dla-dzieci-w-nepalu\/#breadcrumb"},"inLanguage":"pl-PL","potentialAction":[{"@type":"ReadAction","target":["https:\/\/www.zst.suwalki.pl\/www\/final-akcji-zbiorki-odziezy-dla-dzieci-w-nepalu\/"]}]},{"@type":"ImageObject","inLanguage":"pl-PL","@id":"https:\/\/www.zst.suwalki.pl\/www\/final-akcji-zbiorki-odziezy-dla-dzieci-w-nepalu\/#primaryimage","url":"https:\/\/www.zst.suwalki.pl\/www\/wp-content\/uploads\/2019\/06\/FB_IMG_1560777977948.jpg","contentUrl":"https:\/\/www.zst.suwalki.pl\/www\/wp-content\/uploads\/2019\/06\/FB_IMG_1560777977948.jpg","width":1280,"height":960},{"@type":"BreadcrumbList","@id":"https:\/\/www.zst.suwalki.pl\/www\/final-akcji-zbiorki-odziezy-dla-dzieci-w-nepalu\/#breadcrumb","itemListElement":[{"@type":"ListItem","position":1,"name":"Strona g\u0142\u00f3wna","item":"https:\/\/www.zst.suwalki.pl\/www\/"},{"@type":"ListItem","position":2,"name":"Fina\u0142 akcji zbi\u00f3rki odzie\u017cy dla dzieci w Nepalu"}]},{"@type":"WebSite","@id":"https:\/\/www.zst.suwalki.pl\/www\/#website","url":"https:\/\/www.zst.suwalki.pl\/www\/","name":"Zesp\u00f3\u0142 Szk\u00f3\u0142 Technicznych w Suwa\u0142kach","description":"technikum, suwa\u0142ki, mechatronik, informatyk, teleinformatyk, budownictwo, elektryk, mechanik, monter, fryzjer, cukiernik, grafik,","publisher":{"@id":"https:\/\/www.zst.suwalki.pl\/www\/#organization"},"potentialAction":[{"@type":"SearchAction","target":{"@type":"EntryPoint","urlTemplate":"https:\/\/www.zst.suwalki.pl\/www\/?s={search_term_string}"},"query-input":{"@type":"PropertyValueSpecification","valueRequired":true,"valueName":"search_term_string"}}],"inLanguage":"pl-PL"},{"@type":"Organization","@id":"https:\/\/www.zst.suwalki.pl\/www\/#organization","name":"Zesp\u00f3\u0142 Szk\u00f3\u0142 Technicznych w Suwa\u0142kach","url":"https:\/\/www.zst.suwalki.pl\/www\/","logo":{"@type":"ImageObject","inLanguage":"pl-PL","@id":"https:\/\/www.zst.suwalki.pl\/www\/#\/schema\/logo\/image\/","url":"https:\/\/www.zst.suwalki.pl\/www\/wp-content\/uploads\/2019\/01\/cropped-banner_logo_zst.png","contentUrl":"https:\/\/www.zst.suwalki.pl\/www\/wp-content\/uploads\/2019\/01\/cropped-banner_logo_zst.png","width":290,"height":70,"caption":"Zesp\u00f3\u0142 Szk\u00f3\u0142 Technicznych w Suwa\u0142kach"},"image":{"@id":"https:\/\/www.zst.suwalki.pl\/www\/#\/schema\/logo\/image\/"},"sameAs":["https:\/\/www.facebook.com\/zstwsuwalkach"]},{"@type":"Person","@id":"https:\/\/www.zst.suwalki.pl\/www\/#\/schema\/person\/a693916fbc90629c6c30effca66fe605","name":"Tomasz Deresz","image":{"@type":"ImageObject","inLanguage":"pl-PL","@id":"https:\/\/secure.gravatar.com\/avatar\/ca6c0c988daa8a591856abfc4246eb9a06085f661c1370f2187d4efb3ccc4604?s=96&d=mm&r=g","url":"https:\/\/secure.gravatar.com\/avatar\/ca6c0c988daa8a591856abfc4246eb9a06085f661c1370f2187d4efb3ccc4604?s=96&d=mm&r=g","contentUrl":"https:\/\/secure.gravatar.com\/avatar\/ca6c0c988daa8a591856abfc4246eb9a06085f661c1370f2187d4efb3ccc4604?s=96&d=mm&r=g","caption":"Tomasz Deresz"},"url":"https:\/\/www.zst.suwalki.pl\/www\/author\/tomy\/"}]}},"_links":{"self":[{"href":"https:\/\/www.zst.suwalki.pl\/www\/wp-json\/wp\/v2\/posts\/4350","targetHints":{"allow":["GET"]}}],"collection":[{"href":"https:\/\/www.zst.suwalki.pl\/www\/wp-json\/wp\/v2\/posts"}],"about":[{"href":"https:\/\/www.zst.suwalki.pl\/www\/wp-json\/wp\/v2\/types\/post"}],"author":[{"embeddable":true,"href":"https:\/\/www.zst.suwalki.pl\/www\/wp-json\/wp\/v2\/users\/1"}],"replies":[{"embeddable":true,"href":"https:\/\/www.zst.suwalki.pl\/www\/wp-json\/wp\/v2\/comments?post=4350"}],"version-history":[{"count":2,"href":"https:\/\/www.zst.suwalki.pl\/www\/wp-json\/wp\/v2\/posts\/4350\/revisions"}],"predecessor-version":[{"id":4354,"href":"https:\/\/www.zst.suwalki.pl\/www\/wp-json\/wp\/v2\/posts\/4350\/revisions\/4354"}],"wp:featuredmedia":[{"embeddable":true,"href":"https:\/\/www.zst.suwalki.pl\/www\/wp-json\/wp\/v2\/media\/4351"}],"wp:attachment":[{"href":"https:\/\/www.zst.suwalki.pl\/www\/wp-json\/wp\/v2\/media?parent=4350"}],"wp:term":[{"taxonomy":"category","embeddable":true,"href":"https:\/\/www.zst.suwalki.pl\/www\/wp-json\/wp\/v2\/categories?post=4350"},{"taxonomy":"post_tag","embeddable":true,"href":"https:\/\/www.zst.suwalki.pl\/www\/wp-json\/wp\/v2\/tags?post=4350"}],"curies":[{"name":"wp","href":"https:\/\/api.w.org\/{rel}","templated":true}]}}