{"id":4492,"date":"2019-09-20T08:35:07","date_gmt":"2019-09-20T06:35:07","guid":{"rendered":"https:\/\/www.zst.suwalki.pl\/www\/?p=4492"},"modified":"2019-09-20T08:35:07","modified_gmt":"2019-09-20T06:35:07","slug":"zajecia-pedagogiczne-z-uczestnikami-projektu-eurostazysta-grupa-4","status":"publish","type":"post","link":"https:\/\/www.zst.suwalki.pl\/www\/zajecia-pedagogiczne-z-uczestnikami-projektu-eurostazysta-grupa-4\/","title":{"rendered":"Zaj\u0119cia pedagogiczne z uczestnikami projektu \u201eEurosta\u017cysta\u201d &#8211; grupa 4"},"content":{"rendered":"<div>12 wrze\u015bnia 2019 roku uczniowie wyje\u017cd\u017caj\u0105cy na kolejny sta\u017c do Pragi zapoznali si\u0119 z zasadami skutecznego komunikowania si\u0119 z czeskimi r\u00f3wie\u015bnikami.<\/div>\n<p><!--more--><\/p>\n<div>Obecna na spotkaniu Dyrektor Szko\u0142y Pani Anna Musia\u0142owicz przekaza\u0142a cenne wskaz\u00f3wki dotycz\u0105ce bezpiecznego i efektywnego wykorzystania czasu sp\u0119dzanego za granic\u0105 pa\u0144stwa. Uczestnicy z zaanga\u017cowaniem wymieniali si\u0119 wa\u017cnymi faktami z historii Czech i ich relacji z Polsk\u0105. Z uwag\u0105 analizowali list\u0119 niezb\u0119dnych dokument\u00f3w i rzeczy u\u0142atwiaj\u0105cych pobyt w Pradze.<\/div>\n<div><\/div>\n","protected":false},"excerpt":{"rendered":"<p>12 wrze\u015bnia 2019 roku uczniowie wyje\u017cd\u017caj\u0105cy na kolejny sta\u017c do Pragi zapoznali si\u0119 z zasadami skutecznego komunikowania si\u0119 z czeskimi r\u00f3wie\u015bnikami.<\/p>\n","protected":false},"author":1,"featured_media":4493,"comment_status":"closed","ping_status":"open","sticky":false,"template":"","format":"standard","meta":{"_crdt_document":"","footnotes":""},"categories":[52,24,3,31],"tags":[18,53,6,32],"class_list":["post-4492","post","type-post","status-publish","format-standard","has-post-thumbnail","hentry","category-eurostazysta","category-kultura-i-sztuka","category-szkola","category-wycieczki-i-wizyty","tag-kultura-i-sztuka","tag-projekt-eurostazysta","tag-szkola","tag-wycieczki-i-wizyty"],"yoast_head":"<!-- This site is optimized with the Yoast SEO plugin v27.5 - https:\/\/yoast.com\/product\/yoast-seo-wordpress\/ -->\n<title>Zaj\u0119cia pedagogiczne z uczestnikami projektu \u201eEurosta\u017cysta\u201d - grupa 4 - Zesp\u00f3\u0142 Szk\u00f3\u0142 Technicznych w Suwa\u0142kach<\/title>\n<meta name=\"robots\" content=\"index, follow, max-snippet:-1, max-image-preview:large, max-video-preview:-1\" \/>\n<link rel=\"canonical\" href=\"https:\/\/www.zst.suwalki.pl\/www\/zajecia-pedagogiczne-z-uczestnikami-projektu-eurostazysta-grupa-4\/\" \/>\n<meta property=\"og:locale\" content=\"pl_PL\" \/>\n<meta property=\"og:type\" content=\"article\" \/>\n<meta property=\"og:title\" content=\"Zaj\u0119cia pedagogiczne z uczestnikami projektu \u201eEurosta\u017cysta\u201d - grupa 4 - Zesp\u00f3\u0142 Szk\u00f3\u0142 Technicznych w Suwa\u0142kach\" \/>\n<meta property=\"og:description\" content=\"12 wrze\u015bnia 2019 roku uczniowie wyje\u017cd\u017caj\u0105cy na kolejny sta\u017c do Pragi zapoznali si\u0119 z zasadami skutecznego komunikowania si\u0119 z czeskimi r\u00f3wie\u015bnikami.\" \/>\n<meta property=\"og:url\" content=\"https:\/\/www.zst.suwalki.pl\/www\/zajecia-pedagogiczne-z-uczestnikami-projektu-eurostazysta-grupa-4\/\" \/>\n<meta property=\"og:site_name\" content=\"Zesp\u00f3\u0142 Szk\u00f3\u0142 Technicznych w Suwa\u0142kach\" \/>\n<meta property=\"article:publisher\" content=\"https:\/\/www.facebook.com\/zstwsuwalkach\" \/>\n<meta property=\"article:published_time\" content=\"2019-09-20T06:35:07+00:00\" \/>\n<meta property=\"og:image\" content=\"https:\/\/www.zst.suwalki.pl\/www\/wp-content\/uploads\/2019\/09\/popularyzacja_20_09_2019.jpg\" \/>\n\t<meta property=\"og:image:width\" content=\"2125\" \/>\n\t<meta property=\"og:image:height\" content=\"1384\" \/>\n\t<meta property=\"og:image:type\" content=\"image\/jpeg\" \/>\n<meta name=\"author\" content=\"Tomasz Deresz\" \/>\n<meta name=\"twitter:card\" content=\"summary_large_image\" \/>\n<meta name=\"twitter:label1\" content=\"Napisane przez\" \/>\n\t<meta name=\"twitter:data1\" content=\"Tomasz Deresz\" \/>\n<script type=\"application\/ld+json\" class=\"yoast-schema-graph\">{\"@context\":\"https:\\\/\\\/schema.org\",\"@graph\":[{\"@type\":\"Article\",\"@id\":\"https:\\\/\\\/www.zst.suwalki.pl\\\/www\\\/zajecia-pedagogiczne-z-uczestnikami-projektu-eurostazysta-grupa-4\\\/#article\",\"isPartOf\":{\"@id\":\"https:\\\/\\\/www.zst.suwalki.pl\\\/www\\\/zajecia-pedagogiczne-z-uczestnikami-projektu-eurostazysta-grupa-4\\\/\"},\"author\":{\"name\":\"Tomasz Deresz\",\"@id\":\"https:\\\/\\\/www.zst.suwalki.pl\\\/www\\\/#\\\/schema\\\/person\\\/a693916fbc90629c6c30effca66fe605\"},\"headline\":\"Zaj\u0119cia pedagogiczne z uczestnikami projektu \u201eEurosta\u017cysta\u201d &#8211; grupa 4\",\"datePublished\":\"2019-09-20T06:35:07+00:00\",\"mainEntityOfPage\":{\"@id\":\"https:\\\/\\\/www.zst.suwalki.pl\\\/www\\\/zajecia-pedagogiczne-z-uczestnikami-projektu-eurostazysta-grupa-4\\\/\"},\"wordCount\":96,\"publisher\":{\"@id\":\"https:\\\/\\\/www.zst.suwalki.pl\\\/www\\\/#organization\"},\"image\":{\"@id\":\"https:\\\/\\\/www.zst.suwalki.pl\\\/www\\\/zajecia-pedagogiczne-z-uczestnikami-projektu-eurostazysta-grupa-4\\\/#primaryimage\"},\"thumbnailUrl\":\"https:\\\/\\\/www.zst.suwalki.pl\\\/www\\\/wp-content\\\/uploads\\\/2019\\\/09\\\/popularyzacja_20_09_2019.jpg\",\"keywords\":[\"kultura i sztuka\",\"projekt - eurosta\u017cysta\",\"szko\u0142a\",\"wycieczki i wizyty\"],\"articleSection\":[\"Eurosta\u017cysta\",\"Kultura i sztuka\",\"Szko\u0142a\",\"Wycieczki i wizyty\"],\"inLanguage\":\"pl-PL\"},{\"@type\":\"WebPage\",\"@id\":\"https:\\\/\\\/www.zst.suwalki.pl\\\/www\\\/zajecia-pedagogiczne-z-uczestnikami-projektu-eurostazysta-grupa-4\\\/\",\"url\":\"https:\\\/\\\/www.zst.suwalki.pl\\\/www\\\/zajecia-pedagogiczne-z-uczestnikami-projektu-eurostazysta-grupa-4\\\/\",\"name\":\"Zaj\u0119cia pedagogiczne z uczestnikami projektu \u201eEurosta\u017cysta\u201d - grupa 4 - Zesp\u00f3\u0142 Szk\u00f3\u0142 Technicznych w Suwa\u0142kach\",\"isPartOf\":{\"@id\":\"https:\\\/\\\/www.zst.suwalki.pl\\\/www\\\/#website\"},\"primaryImageOfPage\":{\"@id\":\"https:\\\/\\\/www.zst.suwalki.pl\\\/www\\\/zajecia-pedagogiczne-z-uczestnikami-projektu-eurostazysta-grupa-4\\\/#primaryimage\"},\"image\":{\"@id\":\"https:\\\/\\\/www.zst.suwalki.pl\\\/www\\\/zajecia-pedagogiczne-z-uczestnikami-projektu-eurostazysta-grupa-4\\\/#primaryimage\"},\"thumbnailUrl\":\"https:\\\/\\\/www.zst.suwalki.pl\\\/www\\\/wp-content\\\/uploads\\\/2019\\\/09\\\/popularyzacja_20_09_2019.jpg\",\"datePublished\":\"2019-09-20T06:35:07+00:00\",\"breadcrumb\":{\"@id\":\"https:\\\/\\\/www.zst.suwalki.pl\\\/www\\\/zajecia-pedagogiczne-z-uczestnikami-projektu-eurostazysta-grupa-4\\\/#breadcrumb\"},\"inLanguage\":\"pl-PL\",\"potentialAction\":[{\"@type\":\"ReadAction\",\"target\":[\"https:\\\/\\\/www.zst.suwalki.pl\\\/www\\\/zajecia-pedagogiczne-z-uczestnikami-projektu-eurostazysta-grupa-4\\\/\"]}]},{\"@type\":\"ImageObject\",\"inLanguage\":\"pl-PL\",\"@id\":\"https:\\\/\\\/www.zst.suwalki.pl\\\/www\\\/zajecia-pedagogiczne-z-uczestnikami-projektu-eurostazysta-grupa-4\\\/#primaryimage\",\"url\":\"https:\\\/\\\/www.zst.suwalki.pl\\\/www\\\/wp-content\\\/uploads\\\/2019\\\/09\\\/popularyzacja_20_09_2019.jpg\",\"contentUrl\":\"https:\\\/\\\/www.zst.suwalki.pl\\\/www\\\/wp-content\\\/uploads\\\/2019\\\/09\\\/popularyzacja_20_09_2019.jpg\",\"width\":2125,\"height\":1384},{\"@type\":\"BreadcrumbList\",\"@id\":\"https:\\\/\\\/www.zst.suwalki.pl\\\/www\\\/zajecia-pedagogiczne-z-uczestnikami-projektu-eurostazysta-grupa-4\\\/#breadcrumb\",\"itemListElement\":[{\"@type\":\"ListItem\",\"position\":1,\"name\":\"Strona g\u0142\u00f3wna\",\"item\":\"https:\\\/\\\/www.zst.suwalki.pl\\\/www\\\/\"},{\"@type\":\"ListItem\",\"position\":2,\"name\":\"Zaj\u0119cia pedagogiczne z uczestnikami projektu \u201eEurosta\u017cysta\u201d &#8211; grupa 4\"}]},{\"@type\":\"WebSite\",\"@id\":\"https:\\\/\\\/www.zst.suwalki.pl\\\/www\\\/#website\",\"url\":\"https:\\\/\\\/www.zst.suwalki.pl\\\/www\\\/\",\"name\":\"Zesp\u00f3\u0142 Szk\u00f3\u0142 Technicznych w Suwa\u0142kach\",\"description\":\"technikum, suwa\u0142ki, mechatronik, informatyk, teleinformatyk, budownictwo, elektryk, mechanik, monter, fryzjer, cukiernik, grafik,\",\"publisher\":{\"@id\":\"https:\\\/\\\/www.zst.suwalki.pl\\\/www\\\/#organization\"},\"potentialAction\":[{\"@type\":\"SearchAction\",\"target\":{\"@type\":\"EntryPoint\",\"urlTemplate\":\"https:\\\/\\\/www.zst.suwalki.pl\\\/www\\\/?s={search_term_string}\"},\"query-input\":{\"@type\":\"PropertyValueSpecification\",\"valueRequired\":true,\"valueName\":\"search_term_string\"}}],\"inLanguage\":\"pl-PL\"},{\"@type\":\"Organization\",\"@id\":\"https:\\\/\\\/www.zst.suwalki.pl\\\/www\\\/#organization\",\"name\":\"Zesp\u00f3\u0142 Szk\u00f3\u0142 Technicznych w Suwa\u0142kach\",\"url\":\"https:\\\/\\\/www.zst.suwalki.pl\\\/www\\\/\",\"logo\":{\"@type\":\"ImageObject\",\"inLanguage\":\"pl-PL\",\"@id\":\"https:\\\/\\\/www.zst.suwalki.pl\\\/www\\\/#\\\/schema\\\/logo\\\/image\\\/\",\"url\":\"https:\\\/\\\/www.zst.suwalki.pl\\\/www\\\/wp-content\\\/uploads\\\/2019\\\/01\\\/cropped-banner_logo_zst.png\",\"contentUrl\":\"https:\\\/\\\/www.zst.suwalki.pl\\\/www\\\/wp-content\\\/uploads\\\/2019\\\/01\\\/cropped-banner_logo_zst.png\",\"width\":290,\"height\":70,\"caption\":\"Zesp\u00f3\u0142 Szk\u00f3\u0142 Technicznych w Suwa\u0142kach\"},\"image\":{\"@id\":\"https:\\\/\\\/www.zst.suwalki.pl\\\/www\\\/#\\\/schema\\\/logo\\\/image\\\/\"},\"sameAs\":[\"https:\\\/\\\/www.facebook.com\\\/zstwsuwalkach\"]},{\"@type\":\"Person\",\"@id\":\"https:\\\/\\\/www.zst.suwalki.pl\\\/www\\\/#\\\/schema\\\/person\\\/a693916fbc90629c6c30effca66fe605\",\"name\":\"Tomasz Deresz\",\"image\":{\"@type\":\"ImageObject\",\"inLanguage\":\"pl-PL\",\"@id\":\"https:\\\/\\\/secure.gravatar.com\\\/avatar\\\/ca6c0c988daa8a591856abfc4246eb9a06085f661c1370f2187d4efb3ccc4604?s=96&d=mm&r=g\",\"url\":\"https:\\\/\\\/secure.gravatar.com\\\/avatar\\\/ca6c0c988daa8a591856abfc4246eb9a06085f661c1370f2187d4efb3ccc4604?s=96&d=mm&r=g\",\"contentUrl\":\"https:\\\/\\\/secure.gravatar.com\\\/avatar\\\/ca6c0c988daa8a591856abfc4246eb9a06085f661c1370f2187d4efb3ccc4604?s=96&d=mm&r=g\",\"caption\":\"Tomasz Deresz\"},\"url\":\"https:\\\/\\\/www.zst.suwalki.pl\\\/www\\\/author\\\/tomy\\\/\"}]}<\/script>\n<!-- \/ Yoast SEO plugin. -->","yoast_head_json":{"title":"Zaj\u0119cia pedagogiczne z uczestnikami projektu \u201eEurosta\u017cysta\u201d - grupa 4 - Zesp\u00f3\u0142 Szk\u00f3\u0142 Technicznych w Suwa\u0142kach","robots":{"index":"index","follow":"follow","max-snippet":"max-snippet:-1","max-image-preview":"max-image-preview:large","max-video-preview":"max-video-preview:-1"},"canonical":"https:\/\/www.zst.suwalki.pl\/www\/zajecia-pedagogiczne-z-uczestnikami-projektu-eurostazysta-grupa-4\/","og_locale":"pl_PL","og_type":"article","og_title":"Zaj\u0119cia pedagogiczne z uczestnikami projektu \u201eEurosta\u017cysta\u201d - grupa 4 - Zesp\u00f3\u0142 Szk\u00f3\u0142 Technicznych w Suwa\u0142kach","og_description":"12 wrze\u015bnia 2019 roku uczniowie wyje\u017cd\u017caj\u0105cy na kolejny sta\u017c do Pragi zapoznali si\u0119 z zasadami skutecznego komunikowania si\u0119 z czeskimi r\u00f3wie\u015bnikami.","og_url":"https:\/\/www.zst.suwalki.pl\/www\/zajecia-pedagogiczne-z-uczestnikami-projektu-eurostazysta-grupa-4\/","og_site_name":"Zesp\u00f3\u0142 Szk\u00f3\u0142 Technicznych w Suwa\u0142kach","article_publisher":"https:\/\/www.facebook.com\/zstwsuwalkach","article_published_time":"2019-09-20T06:35:07+00:00","og_image":[{"width":2125,"height":1384,"url":"https:\/\/www.zst.suwalki.pl\/www\/wp-content\/uploads\/2019\/09\/popularyzacja_20_09_2019.jpg","type":"image\/jpeg"}],"author":"Tomasz Deresz","twitter_card":"summary_large_image","twitter_misc":{"Napisane przez":"Tomasz Deresz"},"schema":{"@context":"https:\/\/schema.org","@graph":[{"@type":"Article","@id":"https:\/\/www.zst.suwalki.pl\/www\/zajecia-pedagogiczne-z-uczestnikami-projektu-eurostazysta-grupa-4\/#article","isPartOf":{"@id":"https:\/\/www.zst.suwalki.pl\/www\/zajecia-pedagogiczne-z-uczestnikami-projektu-eurostazysta-grupa-4\/"},"author":{"name":"Tomasz Deresz","@id":"https:\/\/www.zst.suwalki.pl\/www\/#\/schema\/person\/a693916fbc90629c6c30effca66fe605"},"headline":"Zaj\u0119cia pedagogiczne z uczestnikami projektu \u201eEurosta\u017cysta\u201d &#8211; grupa 4","datePublished":"2019-09-20T06:35:07+00:00","mainEntityOfPage":{"@id":"https:\/\/www.zst.suwalki.pl\/www\/zajecia-pedagogiczne-z-uczestnikami-projektu-eurostazysta-grupa-4\/"},"wordCount":96,"publisher":{"@id":"https:\/\/www.zst.suwalki.pl\/www\/#organization"},"image":{"@id":"https:\/\/www.zst.suwalki.pl\/www\/zajecia-pedagogiczne-z-uczestnikami-projektu-eurostazysta-grupa-4\/#primaryimage"},"thumbnailUrl":"https:\/\/www.zst.suwalki.pl\/www\/wp-content\/uploads\/2019\/09\/popularyzacja_20_09_2019.jpg","keywords":["kultura i sztuka","projekt - eurosta\u017cysta","szko\u0142a","wycieczki i wizyty"],"articleSection":["Eurosta\u017cysta","Kultura i sztuka","Szko\u0142a","Wycieczki i wizyty"],"inLanguage":"pl-PL"},{"@type":"WebPage","@id":"https:\/\/www.zst.suwalki.pl\/www\/zajecia-pedagogiczne-z-uczestnikami-projektu-eurostazysta-grupa-4\/","url":"https:\/\/www.zst.suwalki.pl\/www\/zajecia-pedagogiczne-z-uczestnikami-projektu-eurostazysta-grupa-4\/","name":"Zaj\u0119cia pedagogiczne z uczestnikami projektu \u201eEurosta\u017cysta\u201d - grupa 4 - Zesp\u00f3\u0142 Szk\u00f3\u0142 Technicznych w Suwa\u0142kach","isPartOf":{"@id":"https:\/\/www.zst.suwalki.pl\/www\/#website"},"primaryImageOfPage":{"@id":"https:\/\/www.zst.suwalki.pl\/www\/zajecia-pedagogiczne-z-uczestnikami-projektu-eurostazysta-grupa-4\/#primaryimage"},"image":{"@id":"https:\/\/www.zst.suwalki.pl\/www\/zajecia-pedagogiczne-z-uczestnikami-projektu-eurostazysta-grupa-4\/#primaryimage"},"thumbnailUrl":"https:\/\/www.zst.suwalki.pl\/www\/wp-content\/uploads\/2019\/09\/popularyzacja_20_09_2019.jpg","datePublished":"2019-09-20T06:35:07+00:00","breadcrumb":{"@id":"https:\/\/www.zst.suwalki.pl\/www\/zajecia-pedagogiczne-z-uczestnikami-projektu-eurostazysta-grupa-4\/#breadcrumb"},"inLanguage":"pl-PL","potentialAction":[{"@type":"ReadAction","target":["https:\/\/www.zst.suwalki.pl\/www\/zajecia-pedagogiczne-z-uczestnikami-projektu-eurostazysta-grupa-4\/"]}]},{"@type":"ImageObject","inLanguage":"pl-PL","@id":"https:\/\/www.zst.suwalki.pl\/www\/zajecia-pedagogiczne-z-uczestnikami-projektu-eurostazysta-grupa-4\/#primaryimage","url":"https:\/\/www.zst.suwalki.pl\/www\/wp-content\/uploads\/2019\/09\/popularyzacja_20_09_2019.jpg","contentUrl":"https:\/\/www.zst.suwalki.pl\/www\/wp-content\/uploads\/2019\/09\/popularyzacja_20_09_2019.jpg","width":2125,"height":1384},{"@type":"BreadcrumbList","@id":"https:\/\/www.zst.suwalki.pl\/www\/zajecia-pedagogiczne-z-uczestnikami-projektu-eurostazysta-grupa-4\/#breadcrumb","itemListElement":[{"@type":"ListItem","position":1,"name":"Strona g\u0142\u00f3wna","item":"https:\/\/www.zst.suwalki.pl\/www\/"},{"@type":"ListItem","position":2,"name":"Zaj\u0119cia pedagogiczne z uczestnikami projektu \u201eEurosta\u017cysta\u201d &#8211; grupa 4"}]},{"@type":"WebSite","@id":"https:\/\/www.zst.suwalki.pl\/www\/#website","url":"https:\/\/www.zst.suwalki.pl\/www\/","name":"Zesp\u00f3\u0142 Szk\u00f3\u0142 Technicznych w Suwa\u0142kach","description":"technikum, suwa\u0142ki, mechatronik, informatyk, teleinformatyk, budownictwo, elektryk, mechanik, monter, fryzjer, cukiernik, grafik,","publisher":{"@id":"https:\/\/www.zst.suwalki.pl\/www\/#organization"},"potentialAction":[{"@type":"SearchAction","target":{"@type":"EntryPoint","urlTemplate":"https:\/\/www.zst.suwalki.pl\/www\/?s={search_term_string}"},"query-input":{"@type":"PropertyValueSpecification","valueRequired":true,"valueName":"search_term_string"}}],"inLanguage":"pl-PL"},{"@type":"Organization","@id":"https:\/\/www.zst.suwalki.pl\/www\/#organization","name":"Zesp\u00f3\u0142 Szk\u00f3\u0142 Technicznych w Suwa\u0142kach","url":"https:\/\/www.zst.suwalki.pl\/www\/","logo":{"@type":"ImageObject","inLanguage":"pl-PL","@id":"https:\/\/www.zst.suwalki.pl\/www\/#\/schema\/logo\/image\/","url":"https:\/\/www.zst.suwalki.pl\/www\/wp-content\/uploads\/2019\/01\/cropped-banner_logo_zst.png","contentUrl":"https:\/\/www.zst.suwalki.pl\/www\/wp-content\/uploads\/2019\/01\/cropped-banner_logo_zst.png","width":290,"height":70,"caption":"Zesp\u00f3\u0142 Szk\u00f3\u0142 Technicznych w Suwa\u0142kach"},"image":{"@id":"https:\/\/www.zst.suwalki.pl\/www\/#\/schema\/logo\/image\/"},"sameAs":["https:\/\/www.facebook.com\/zstwsuwalkach"]},{"@type":"Person","@id":"https:\/\/www.zst.suwalki.pl\/www\/#\/schema\/person\/a693916fbc90629c6c30effca66fe605","name":"Tomasz Deresz","image":{"@type":"ImageObject","inLanguage":"pl-PL","@id":"https:\/\/secure.gravatar.com\/avatar\/ca6c0c988daa8a591856abfc4246eb9a06085f661c1370f2187d4efb3ccc4604?s=96&d=mm&r=g","url":"https:\/\/secure.gravatar.com\/avatar\/ca6c0c988daa8a591856abfc4246eb9a06085f661c1370f2187d4efb3ccc4604?s=96&d=mm&r=g","contentUrl":"https:\/\/secure.gravatar.com\/avatar\/ca6c0c988daa8a591856abfc4246eb9a06085f661c1370f2187d4efb3ccc4604?s=96&d=mm&r=g","caption":"Tomasz Deresz"},"url":"https:\/\/www.zst.suwalki.pl\/www\/author\/tomy\/"}]}},"_links":{"self":[{"href":"https:\/\/www.zst.suwalki.pl\/www\/wp-json\/wp\/v2\/posts\/4492","targetHints":{"allow":["GET"]}}],"collection":[{"href":"https:\/\/www.zst.suwalki.pl\/www\/wp-json\/wp\/v2\/posts"}],"about":[{"href":"https:\/\/www.zst.suwalki.pl\/www\/wp-json\/wp\/v2\/types\/post"}],"author":[{"embeddable":true,"href":"https:\/\/www.zst.suwalki.pl\/www\/wp-json\/wp\/v2\/users\/1"}],"replies":[{"embeddable":true,"href":"https:\/\/www.zst.suwalki.pl\/www\/wp-json\/wp\/v2\/comments?post=4492"}],"version-history":[{"count":1,"href":"https:\/\/www.zst.suwalki.pl\/www\/wp-json\/wp\/v2\/posts\/4492\/revisions"}],"predecessor-version":[{"id":4494,"href":"https:\/\/www.zst.suwalki.pl\/www\/wp-json\/wp\/v2\/posts\/4492\/revisions\/4494"}],"wp:featuredmedia":[{"embeddable":true,"href":"https:\/\/www.zst.suwalki.pl\/www\/wp-json\/wp\/v2\/media\/4493"}],"wp:attachment":[{"href":"https:\/\/www.zst.suwalki.pl\/www\/wp-json\/wp\/v2\/media?parent=4492"}],"wp:term":[{"taxonomy":"category","embeddable":true,"href":"https:\/\/www.zst.suwalki.pl\/www\/wp-json\/wp\/v2\/categories?post=4492"},{"taxonomy":"post_tag","embeddable":true,"href":"https:\/\/www.zst.suwalki.pl\/www\/wp-json\/wp\/v2\/tags?post=4492"}],"curies":[{"name":"wp","href":"https:\/\/api.w.org\/{rel}","templated":true}]}}