{"id":5643,"date":"2020-08-19T09:37:39","date_gmt":"2020-08-19T07:37:39","guid":{"rendered":"https:\/\/www.zst.suwalki.pl\/www\/?p=5643"},"modified":"2020-08-19T09:40:27","modified_gmt":"2020-08-19T07:40:27","slug":"lista-przyjetych-do-szkoly-na-rok-szkolny-2020-2021","status":"publish","type":"post","link":"https:\/\/www.zst.suwalki.pl\/www\/lista-przyjetych-do-szkoly-na-rok-szkolny-2020-2021\/","title":{"rendered":"Lista przyj\u0119tych do szko\u0142y na rok szkolny 2020\/2021"},"content":{"rendered":"<p><strong>Lista przyj\u0119tych<br \/>\n<\/strong><\/p>\n<p><!--more--><\/p>\n<p><strong>klasa: 1TAU Technik automatyk<\/strong><\/p>\n<table border=\"0\" cellspacing=\"0\" cellpadding=\"0\" align=\"center\">\n<tbody>\n<tr>\n<td>Nazwisko, Imi\u0119<\/td>\n<\/tr>\n<tr class=\"w0\">\n<td class=\"k0\">Brodowski, Micha\u0142<\/td>\n<\/tr>\n<tr class=\"w0\">\n<td class=\"k0\">D\u0105browski, Bartosz<\/td>\n<\/tr>\n<tr class=\"w0\">\n<td class=\"k0\">D\u0105browski, Piotr<\/td>\n<\/tr>\n<tr class=\"w0\">\n<td class=\"k0\">Jasionowski, Jakub<\/td>\n<\/tr>\n<tr class=\"w0\">\n<td class=\"k0\">Kar\u0142owicz, Kacper<\/td>\n<\/tr>\n<tr class=\"w0\">\n<td class=\"k0\">Kondracki, Kacper Wojciech<\/td>\n<\/tr>\n<tr class=\"w0\">\n<td class=\"k0\">Koty\u0144ski, Jakub<\/td>\n<\/tr>\n<tr class=\"w0\">\n<td class=\"k0\">Lipnicki, Bartosz<\/td>\n<\/tr>\n<tr class=\"w0\">\n<td class=\"k0\">Paruch, Bartosz<\/td>\n<\/tr>\n<tr class=\"w0\">\n<td class=\"k0\">Perlejewski, Micha\u0142 Stefan<\/td>\n<\/tr>\n<tr class=\"w0\">\n<td class=\"k0\">Rant, Rafa\u0142<\/td>\n<\/tr>\n<tr class=\"w0\">\n<td class=\"k0\">Sesko, Jakub Krzysztof<\/td>\n<\/tr>\n<tr class=\"w0\">\n<td class=\"k0\">Szerel, Patryk<\/td>\n<\/tr>\n<tr class=\"w0\">\n<td class=\"k0\">Szupie\u0144, Kacper<\/td>\n<\/tr>\n<\/tbody>\n<\/table>\n<p><strong>klasa: 1TB Technik budownictwa<\/strong><\/p>\n<table border=\"0\" cellspacing=\"0\" cellpadding=\"0\" align=\"center\">\n<tbody>\n<tr>\n<td>Nazwisko, Imi\u0119<\/td>\n<\/tr>\n<tr class=\"w0\">\n<td class=\"k0\">Barszczewski, Mateusz<\/td>\n<\/tr>\n<tr class=\"w0\">\n<td class=\"k0\">Borysewicz, Kacper<\/td>\n<\/tr>\n<tr class=\"w0\">\n<td class=\"k0\">Chmielewski, Tymoteusz<\/td>\n<\/tr>\n<tr class=\"w0\">\n<td class=\"k0\">Cichocka, Oliwia<\/td>\n<\/tr>\n<tr class=\"w0\">\n<td class=\"k0\">Domel, Krystian<\/td>\n<\/tr>\n<tr class=\"w0\">\n<td class=\"k0\">FA\u0141TYNOWICZ, DOMINIK<\/td>\n<\/tr>\n<tr class=\"w0\">\n<td class=\"k0\">Go\u015bci\u0144ski, Jakub<\/td>\n<\/tr>\n<tr class=\"w0\">\n<td class=\"k0\">Grabowska, Klaudia<\/td>\n<\/tr>\n<tr class=\"w0\">\n<td class=\"k0\">Grabowski, Mateusz<\/td>\n<\/tr>\n<tr class=\"w0\">\n<td class=\"k0\">Graj\u017cul, Mateusz<\/td>\n<\/tr>\n<tr class=\"w0\">\n<td class=\"k0\">Ho\u015bcik, Klaudia<\/td>\n<\/tr>\n<tr class=\"w0\">\n<td class=\"k0\">Kalinowski, Bartosz<\/td>\n<\/tr>\n<tr class=\"w0\">\n<td class=\"k0\">Kisiel, Jakub<\/td>\n<\/tr>\n<tr class=\"w0\">\n<td class=\"k0\">Kowalewski, Bartosz<\/td>\n<\/tr>\n<tr class=\"w0\">\n<td class=\"k0\">Kowalski, Bartosz<\/td>\n<\/tr>\n<tr class=\"w0\">\n<td class=\"k0\">Lenczewski, Dawid<\/td>\n<\/tr>\n<tr class=\"w0\">\n<td class=\"k0\">Luty\u0144ski, Patryk<\/td>\n<\/tr>\n<tr class=\"w0\">\n<td class=\"k0\">\u0141ebska, Karolina<\/td>\n<\/tr>\n<tr class=\"w0\">\n<td class=\"k0\">Margiewicz, Maksymilian<\/td>\n<\/tr>\n<tr class=\"w0\">\n<td class=\"k0\">Mentel, Damian<\/td>\n<\/tr>\n<tr class=\"w0\">\n<td class=\"k0\">Mentel, Julita<\/td>\n<\/tr>\n<tr class=\"w0\">\n<td class=\"k0\">Nowik, Tadeusz<\/td>\n<\/tr>\n<tr class=\"w0\">\n<td class=\"k0\">Orzechowska, Amelia<\/td>\n<\/tr>\n<tr class=\"w0\">\n<td class=\"k0\">Paulakowski, Jakub<\/td>\n<\/tr>\n<tr class=\"w0\">\n<td class=\"k0\">Waszkiewicz, Jakub<\/td>\n<\/tr>\n<tr class=\"w0\">\n<td class=\"k0\">Wojczulis, Jakub<\/td>\n<\/tr>\n<tr class=\"w0\">\n<td class=\"k0\">Zachar, Adam<\/td>\n<\/tr>\n<\/tbody>\n<\/table>\n<p><strong>klasa: 1TG Technik grafiki i poligrafii cyfrowej<\/strong><\/p>\n<table border=\"0\" cellspacing=\"0\" cellpadding=\"0\" align=\"center\">\n<tbody>\n<tr>\n<td>Nazwisko, Imi\u0119<\/td>\n<\/tr>\n<tr class=\"w0\">\n<td class=\"k0\">Barszczewska, Natalia<\/td>\n<\/tr>\n<tr class=\"w0\">\n<td class=\"k0\">Bogdanowicz, Danuta<\/td>\n<\/tr>\n<tr class=\"w0\">\n<td class=\"k0\">Galewski, Filip<\/td>\n<\/tr>\n<tr class=\"w0\">\n<td class=\"k0\">Mi\u0142owicki, Adam<\/td>\n<\/tr>\n<tr class=\"w0\">\n<td class=\"k0\">Palacz, Karolina Dominika<\/td>\n<\/tr>\n<tr class=\"w0\">\n<td class=\"k0\">Rudziewicz, Nikola<\/td>\n<\/tr>\n<tr class=\"w0\">\n<td class=\"k0\">Sapieha, Marlena<\/td>\n<\/tr>\n<tr class=\"w0\">\n<td class=\"k0\">Skibowska, Zuzanna<\/td>\n<\/tr>\n<tr class=\"w0\">\n<td class=\"k0\">Statkiewicz, Piotr<\/td>\n<\/tr>\n<tr class=\"w0\">\n<td class=\"k0\">Stawiecka, Magdalena<\/td>\n<\/tr>\n<tr class=\"w0\">\n<td class=\"k0\">Wiszniewska, Dominika<\/td>\n<\/tr>\n<tr class=\"w0\">\n<td class=\"k0\">Ziembal, Kamil<\/td>\n<\/tr>\n<tr class=\"w0\">\n<td class=\"k0\">\u017bUK, SYLWIA<\/td>\n<\/tr>\n<\/tbody>\n<\/table>\n<p><strong>klasa: 1TI Technik teleinformatyk<\/strong><\/p>\n<table border=\"0\" cellspacing=\"0\" cellpadding=\"0\" align=\"center\">\n<tbody>\n<tr>\n<td>Nazwisko, Imi\u0119<\/td>\n<\/tr>\n<tr class=\"w0\">\n<td class=\"k0\">Bernecki, Jakub<\/td>\n<\/tr>\n<tr class=\"w0\">\n<td class=\"k0\">Dorochowicz, Przemys\u0142aw<\/td>\n<\/tr>\n<tr class=\"w0\">\n<td class=\"k0\">Jakubowska, Weronika<\/td>\n<\/tr>\n<tr class=\"w0\">\n<td class=\"k0\">Kropiewnicki, Dawid<\/td>\n<\/tr>\n<tr class=\"w0\">\n<td class=\"k0\">Kwa\u015bniewski, Szymon<\/td>\n<\/tr>\n<tr class=\"w0\">\n<td class=\"k0\">Luty\u0144ski, Mateusz<\/td>\n<\/tr>\n<tr class=\"w0\">\n<td class=\"k0\">Radzewicz, Jerzy<\/td>\n<\/tr>\n<tr class=\"w0\">\n<td class=\"k0\">Rakowski, Krzysztof<\/td>\n<\/tr>\n<tr class=\"w0\">\n<td class=\"k0\">Sadowski, Filip<\/td>\n<\/tr>\n<tr class=\"w0\">\n<td class=\"k0\">S\u0142abi\u0144ski, Antoni<\/td>\n<\/tr>\n<tr class=\"w0\">\n<td class=\"k0\">Stasi\u0144ski, Dawid<\/td>\n<\/tr>\n<tr class=\"w0\">\n<td class=\"k0\">Stempski, Mateusz<\/td>\n<\/tr>\n<tr class=\"w0\">\n<td class=\"k0\">Tasior, Maciek<\/td>\n<\/tr>\n<\/tbody>\n<\/table>\n<p><strong>klasa: 1TM Technik mechanik<\/strong><\/p>\n<table border=\"0\" cellspacing=\"0\" cellpadding=\"0\" align=\"center\">\n<tbody>\n<tr>\n<td>Nazwisko, Imi\u0119<\/td>\n<\/tr>\n<tr class=\"w0\">\n<td class=\"k0\">Anuszkiewicz, Pawe\u0142<\/td>\n<\/tr>\n<tr class=\"w0\">\n<td class=\"k0\">Dani\u0142o, Kamil<\/td>\n<\/tr>\n<tr class=\"w0\">\n<td class=\"k0\">Doroszczyk, Bartosz<\/td>\n<\/tr>\n<tr class=\"w0\">\n<td class=\"k0\">D\u017awilewski, Bart\u0142omiej<\/td>\n<\/tr>\n<tr class=\"w0\">\n<td class=\"k0\">Falko, \u0141ukasz<\/td>\n<\/tr>\n<tr class=\"w0\">\n<td class=\"k0\">Jab\u0142o\u0144ski, Eryk<\/td>\n<\/tr>\n<tr class=\"w0\">\n<td class=\"k0\">Konopko, Kacper<\/td>\n<\/tr>\n<tr class=\"w0\">\n<td class=\"k0\">LADRA, GABRIEL<\/td>\n<\/tr>\n<tr class=\"w0\">\n<td class=\"k0\">Redzi\u0144ski, Tomasz<\/td>\n<\/tr>\n<tr class=\"w0\">\n<td class=\"k0\">Rosiak, Dominik<\/td>\n<\/tr>\n<tr class=\"w0\">\n<td class=\"k0\">Sadowski, Jakub<\/td>\n<\/tr>\n<tr class=\"w0\">\n<td class=\"k0\">U\u0142anowicz, Mateusz<\/td>\n<\/tr>\n<\/tbody>\n<\/table>\n<p><strong>klasa: 1TMR Technik mechatronik<\/strong><\/p>\n<table border=\"0\" cellspacing=\"0\" cellpadding=\"0\" align=\"center\">\n<tbody>\n<tr>\n<td>Nazwisko, Imi\u0119<\/td>\n<\/tr>\n<tr class=\"w0\">\n<td class=\"k0\">Bednarski, Pawe\u0142<\/td>\n<\/tr>\n<tr class=\"w0\">\n<td class=\"k0\">Bielecki, Gracjan Stefan<\/td>\n<\/tr>\n<tr class=\"w0\">\n<td class=\"k0\">Brzozowksi, Sebastian<\/td>\n<\/tr>\n<tr class=\"w0\">\n<td class=\"k0\">Butkiewicz, Nikodem<\/td>\n<\/tr>\n<tr class=\"w0\">\n<td class=\"k0\">Czokaj\u0142o, Micha\u0142<\/td>\n<\/tr>\n<tr class=\"w0\">\n<td class=\"k0\">D\u0105browski, Damian<\/td>\n<\/tr>\n<tr class=\"w0\">\n<td class=\"k0\">Gibas, Kacper<\/td>\n<\/tr>\n<tr class=\"w0\">\n<td class=\"k0\">Gref, J\u0119drzej<\/td>\n<\/tr>\n<tr class=\"w0\">\n<td class=\"k0\">Jaworowski, Filip<\/td>\n<\/tr>\n<tr class=\"w0\">\n<td class=\"k0\">Kalinowski, Hubert<\/td>\n<\/tr>\n<tr class=\"w0\">\n<td class=\"k0\">KImszal, Karol<\/td>\n<\/tr>\n<tr class=\"w0\">\n<td class=\"k0\">Kozielski, Marcin<\/td>\n<\/tr>\n<tr class=\"w0\">\n<td class=\"k0\">Macianis, Oskar<\/td>\n<\/tr>\n<tr class=\"w0\">\n<td class=\"k0\">Marcinkiewicz, Pawe\u0142<\/td>\n<\/tr>\n<tr class=\"w0\">\n<td class=\"k0\">O\u0142\u00f3w, Jakub Jan<\/td>\n<\/tr>\n<tr class=\"w0\">\n<td class=\"k0\">Omilian, Patryk<\/td>\n<\/tr>\n<tr class=\"w0\">\n<td class=\"k0\">Przeborowski, Piotr<\/td>\n<\/tr>\n<tr class=\"w0\">\n<td class=\"k0\">Rutkowski, Szymon<\/td>\n<\/tr>\n<tr class=\"w0\">\n<td class=\"k0\">Rutowicz, Pawe\u0142<\/td>\n<\/tr>\n<tr class=\"w0\">\n<td class=\"k0\">Sadowski, Bartosz<\/td>\n<\/tr>\n<tr class=\"w0\">\n<td class=\"k0\">Sofinowski, Patryk<\/td>\n<\/tr>\n<tr class=\"w0\">\n<td class=\"k0\">Sowulewski, Piotr<\/td>\n<\/tr>\n<tr class=\"w0\">\n<td class=\"k0\">Stabi\u0144ski, Kacper<\/td>\n<\/tr>\n<tr class=\"w0\">\n<td class=\"k0\">Tomaszewski, Hubert<\/td>\n<\/tr>\n<tr class=\"w0\">\n<td class=\"k0\">Wi\u0119cko, Hubert<\/td>\n<\/tr>\n<tr class=\"w0\">\n<td class=\"k0\">\u017bukowski, Mateusz<\/td>\n<\/tr>\n<\/tbody>\n<\/table>\n<p><strong>klasa: 1EL Elektryk<\/strong><\/p>\n<table border=\"0\" cellspacing=\"0\" cellpadding=\"0\" align=\"center\">\n<tbody>\n<tr>\n<td>Nazwisko, Imi\u0119<\/td>\n<\/tr>\n<tr class=\"w0\">\n<td class=\"k0\">Buczy\u0144ski, Krzysztof<\/td>\n<\/tr>\n<tr class=\"w0\">\n<td class=\"k0\">Burzy\u0144ski, Artur<\/td>\n<\/tr>\n<tr class=\"w0\">\n<td class=\"k0\">Czarniawski, Gracjan<\/td>\n<\/tr>\n<tr class=\"w0\">\n<td class=\"k0\">Gli\u0144ski, Przemys\u0142aw<\/td>\n<\/tr>\n<tr class=\"w0\">\n<td class=\"k0\">G\u00f3rski, Konrad<\/td>\n<\/tr>\n<tr class=\"w0\">\n<td class=\"k0\">Kubrak, Micha\u0142<\/td>\n<\/tr>\n<tr class=\"w0\">\n<td class=\"k0\">Luty\u0144ski, Mateusz<\/td>\n<\/tr>\n<tr class=\"w0\">\n<td class=\"k0\">Makowski, Rafa\u0142<\/td>\n<\/tr>\n<tr class=\"w0\">\n<td class=\"k0\">Mia\u0142kowski, Alan<\/td>\n<\/tr>\n<tr class=\"w0\">\n<td class=\"k0\">Olszewski, Piotr<\/td>\n<\/tr>\n<tr class=\"w0\">\n<td class=\"k0\">Str\u00f3zik, Marcin<\/td>\n<\/tr>\n<tr class=\"w0\">\n<td class=\"k0\">Szeraszewicz, Rafa\u0142<\/td>\n<\/tr>\n<\/tbody>\n<\/table>\n<p><strong>klasa: 1MMMIU Mechanik-monter maszyn i urz\u0105dze\u0144<\/strong><\/p>\n<table border=\"0\" cellspacing=\"0\" cellpadding=\"0\" align=\"center\">\n<tbody>\n<tr>\n<td>Nazwisko, Imi\u0119<\/td>\n<\/tr>\n<tr class=\"w0\">\n<td class=\"k0\">\u0106wikowski, Adrian<\/td>\n<\/tr>\n<tr class=\"w0\">\n<td class=\"k0\">Jankowski, Bartosz<\/td>\n<\/tr>\n<tr class=\"w0\">\n<td class=\"k0\">Makowski, Sebastian<\/td>\n<\/tr>\n<tr class=\"w0\">\n<td class=\"k0\">Niewiadomski, Adam<\/td>\n<\/tr>\n<tr class=\"w0\">\n<td class=\"k0\">Nizio\u0142ek, Filip<\/td>\n<\/tr>\n<tr class=\"w0\">\n<td class=\"k0\">Ostapowicz, Dawid<\/td>\n<\/tr>\n<tr class=\"w0\">\n<td class=\"k0\">Perkowski, Maciej<\/td>\n<\/tr>\n<tr class=\"w0\">\n<td class=\"k0\">Sowa, Sebastian<\/td>\n<\/tr>\n<tr class=\"w0\">\n<td class=\"k0\">Sta\u015bkiewicz, Kacper<\/td>\n<\/tr>\n<tr class=\"w0\">\n<td class=\"k0\">Wojciechowski, Mateusz<\/td>\n<\/tr>\n<tr class=\"w0\">\n<td class=\"k0\">Wojdat, Mateusz Dominik<\/td>\n<\/tr>\n<tr class=\"w0\">\n<td class=\"k0\">Zawadzki, Kacper<\/td>\n<\/tr>\n<tr class=\"w0\">\n<td class=\"k0\">\u017bukowski, Mi\u0142osz<\/td>\n<\/tr>\n<\/tbody>\n<\/table>\n<p><strong>klasa: 1MZiRWB Monter zabudowy i rob\u00f3t wyko\u0144czeniowych w budownictwie<\/strong><\/p>\n<table border=\"0\" cellspacing=\"0\" cellpadding=\"0\" align=\"center\">\n<tbody>\n<tr>\n<td>Nazwisko, Imi\u0119<\/td>\n<\/tr>\n<tr class=\"w0\">\n<td class=\"k0\">G\u00f3ral, Mateusz<\/td>\n<\/tr>\n<tr class=\"w0\">\n<td class=\"k0\">Jarmo\u0142owicz, Kamil<\/td>\n<\/tr>\n<tr class=\"w0\">\n<td class=\"k0\">Jurewicz, Szymon<\/td>\n<\/tr>\n<tr class=\"w0\">\n<td class=\"k0\">Kuja\u0142owicz, Pawe\u0142<\/td>\n<\/tr>\n<tr class=\"w0\">\n<td class=\"k0\">Ludorf, Adrian<\/td>\n<\/tr>\n<tr class=\"w0\">\n<td class=\"k0\">Murawski, Patryk<\/td>\n<\/tr>\n<tr class=\"w0\">\n<td class=\"k0\">Ostaszewski, Pawe\u0142<\/td>\n<\/tr>\n<tr class=\"w0\">\n<td class=\"k0\">Przechowiecki, Mateusz<\/td>\n<\/tr>\n<tr class=\"w0\">\n<td class=\"k0\">Siemiaszko, Karol<\/td>\n<\/tr>\n<tr class=\"w0\">\n<td class=\"k0\">Turowski, Cezary<\/td>\n<\/tr>\n<tr class=\"w0\">\n<td class=\"k0\">Urynowicz, Julia<\/td>\n<\/tr>\n<tr class=\"w0\">\n<td class=\"k0\">Wojciechowski, Filip<\/td>\n<\/tr>\n<tr class=\"w0\">\n<td class=\"k0\">Zapolski, Marcin<\/td>\n<\/tr>\n<tr class=\"w0\">\n<td class=\"k0\">\u017byli\u0144ski, Gabriel<\/td>\n<\/tr>\n<\/tbody>\n<\/table>\n<p><strong>klasa: 1WZ Klasa wielozawodowa<\/strong><\/p>\n<table style=\"width: 100%; height: 822px;\" border=\"0\" cellspacing=\"0\" cellpadding=\"0\" align=\"center\">\n<tbody>\n<tr style=\"height: 24px;\">\n<td style=\"height: 24px;\">Nazwisko, Imi\u0119<\/td>\n<\/tr>\n<tr style=\"height: 24px;\">\n<td style=\"height: 24px;\">Bulkowska Patrycja \u2013 fryzjer<\/td>\n<\/tr>\n<tr style=\"height: 24px;\">\n<td style=\"height: 24px;\">Barszczewska Natalia \u2013 fryzjer<\/td>\n<\/tr>\n<tr style=\"height: 24px;\">\n<td style=\"height: 24px;\">Bielecka Natalia \u2013 fryzjer<\/td>\n<\/tr>\n<tr style=\"height: 24px;\">\n<td style=\"height: 24px;\">Bomber Krystian Wojciech \u2013 kucharz<\/td>\n<\/tr>\n<tr style=\"height: 24px;\">\n<td style=\"height: 24px;\">Brzozowska Natalia \u2013 fryzjer<\/td>\n<\/tr>\n<tr style=\"height: 24px;\">\n<td style=\"height: 24px;\">Cwalina Natalia \u2013 fryzjer<\/td>\n<\/tr>\n<tr style=\"height: 24px;\">\n<td style=\"height: 24px;\">Domel Wiktor \u2013 monter sieci, instalacji i urz\u0105dze\u0144 sanitarnych<\/td>\n<\/tr>\n<tr style=\"height: 24px;\">\n<td style=\"height: 24px;\">Gref Dominika \u2013 kucharz<\/td>\n<\/tr>\n<tr style=\"height: 24px;\">\n<td style=\"height: 24px;\">Haponik Sebastian \u2013 cukiernik<\/td>\n<\/tr>\n<tr style=\"height: 24px;\">\n<td style=\"height: 24px;\">Kami\u0144ska Nikola Inez \u2013 fryzjer<\/td>\n<\/tr>\n<tr style=\"height: 24px;\">\n<td style=\"height: 24px;\">Kapu\u015bci\u0144ska Wiktoria \u2013 fryzjer<\/td>\n<\/tr>\n<tr style=\"height: 24px;\">\n<td style=\"height: 24px;\">Klaus Kinga \u2013 fryzjer<\/td>\n<\/tr>\n<tr style=\"height: 24px;\">\n<td style=\"height: 24px;\">Letkiewicz Natalia \u2013 sprzedawca<\/td>\n<\/tr>\n<tr style=\"height: 24px;\">\n<td style=\"height: 24px;\">Milewska Monika \u2013 kucharz<\/td>\n<\/tr>\n<tr style=\"height: 24px;\">\n<td style=\"height: 24px;\">Orzechowska Karolina \u2013 fryzjer<\/td>\n<\/tr>\n<tr style=\"height: 24px;\">\n<td style=\"height: 24px;\">Piotrowska Katarzyna \u2013 kucharz<\/td>\n<\/tr>\n<tr style=\"height: 24px;\">\n<td style=\"height: 24px;\">Pochylska Aleksandra \u2013 fryzjer<\/td>\n<\/tr>\n<tr style=\"height: 24px;\">\n<td style=\"height: 24px;\">Pomian Diana &#8211; fryzjer<\/td>\n<\/tr>\n<tr style=\"height: 24px;\">\n<td style=\"height: 24px;\">Rodziewicz Anastazja \u2013 kucharz<\/td>\n<\/tr>\n<tr style=\"height: 24px;\">\n<td style=\"height: 24px;\">Safinowski Dawid \u2013 kucharz<\/td>\n<\/tr>\n<tr style=\"height: 24px;\">\n<td style=\"height: 24px;\">Sawicki Dawid &#8211; monter sieci, instalacji i urz\u0105dze\u0144 sanitarnych<\/td>\n<\/tr>\n<tr style=\"height: 24px;\">\n<td style=\"height: 24px;\">Sienkieicz Edyta \u2013 fryzjer<\/td>\n<\/tr>\n<tr style=\"height: 24px;\">\n<td style=\"height: 24px;\">Szczecina Aleksander \u2013 elektryk<\/td>\n<\/tr>\n<tr style=\"height: 24px;\">\n<td style=\"height: 24px;\">Wilczewska Aleksandra \u2013 fryzjer<\/td>\n<\/tr>\n<tr style=\"height: 24px;\">\n<td style=\"height: 24px;\">Zdancewicz Wiktoria \u2013 fryzjer<\/td>\n<\/tr>\n<tr style=\"height: 24px;\">\n<td style=\"height: 24px;\">Zimnicka Oliwia \u2013 kucharz<\/td>\n<\/tr>\n<tr style=\"height: 24px;\">\n<td style=\"height: 24px;\">Choroszko Ewelina &#8211; kucharz<\/td>\n<\/tr>\n<tr style=\"height: 24px;\">\n<td style=\"height: 24px;\">Urynowicz Diana- kucharz<\/td>\n<\/tr>\n<tr style=\"height: 24px;\">\n<td style=\"height: 24px;\">Truchan Norbert Alan \u2013 kucharz<\/td>\n<\/tr>\n<tr style=\"height: 24px;\">\n<td style=\"height: 24px;\">Piasecka Anna \u2013 cukiernik<\/td>\n<\/tr>\n<\/tbody>\n<\/table>\n","protected":false},"excerpt":{"rendered":"<p>Lista przyj\u0119tych<\/p>\n","protected":false},"author":1,"featured_media":0,"comment_status":"closed","ping_status":"open","sticky":false,"template":"","format":"standard","meta":{"_crdt_document":"","footnotes":""},"categories":[38,59,3],"tags":[39,60,6],"class_list":["post-5643","post","type-post","status-publish","format-standard","hentry","category-ogloszenia-i-komunikaty","category-rekrutacja","category-szkola","tag-ogloszenia-i-komunikaty","tag-rekrutacja","tag-szkola"],"yoast_head":"<!-- This site is optimized with the Yoast SEO plugin v27.5 - https:\/\/yoast.com\/product\/yoast-seo-wordpress\/ -->\n<title>Lista przyj\u0119tych do szko\u0142y na rok szkolny 2020\/2021 - Zesp\u00f3\u0142 Szk\u00f3\u0142 Technicznych w Suwa\u0142kach<\/title>\n<meta name=\"robots\" content=\"index, follow, max-snippet:-1, max-image-preview:large, max-video-preview:-1\" \/>\n<link rel=\"canonical\" href=\"https:\/\/www.zst.suwalki.pl\/www\/lista-przyjetych-do-szkoly-na-rok-szkolny-2020-2021\/\" \/>\n<meta property=\"og:locale\" content=\"pl_PL\" \/>\n<meta property=\"og:type\" content=\"article\" \/>\n<meta property=\"og:title\" content=\"Lista przyj\u0119tych do szko\u0142y na rok szkolny 2020\/2021 - Zesp\u00f3\u0142 Szk\u00f3\u0142 Technicznych w Suwa\u0142kach\" \/>\n<meta property=\"og:description\" content=\"Lista przyj\u0119tych\" \/>\n<meta property=\"og:url\" content=\"https:\/\/www.zst.suwalki.pl\/www\/lista-przyjetych-do-szkoly-na-rok-szkolny-2020-2021\/\" \/>\n<meta property=\"og:site_name\" content=\"Zesp\u00f3\u0142 Szk\u00f3\u0142 Technicznych w Suwa\u0142kach\" \/>\n<meta property=\"article:publisher\" content=\"https:\/\/www.facebook.com\/zstwsuwalkach\" \/>\n<meta property=\"article:published_time\" content=\"2020-08-19T07:37:39+00:00\" \/>\n<meta property=\"article:modified_time\" content=\"2020-08-19T07:40:27+00:00\" \/>\n<meta name=\"author\" content=\"Tomasz Deresz\" \/>\n<meta name=\"twitter:card\" content=\"summary_large_image\" \/>\n<meta name=\"twitter:label1\" content=\"Napisane przez\" \/>\n\t<meta name=\"twitter:data1\" content=\"Tomasz Deresz\" \/>\n\t<meta name=\"twitter:label2\" content=\"Szacowany czas czytania\" \/>\n\t<meta name=\"twitter:data2\" content=\"3 minuty\" \/>\n<script type=\"application\/ld+json\" class=\"yoast-schema-graph\">{\"@context\":\"https:\\\/\\\/schema.org\",\"@graph\":[{\"@type\":\"Article\",\"@id\":\"https:\\\/\\\/www.zst.suwalki.pl\\\/www\\\/lista-przyjetych-do-szkoly-na-rok-szkolny-2020-2021\\\/#article\",\"isPartOf\":{\"@id\":\"https:\\\/\\\/www.zst.suwalki.pl\\\/www\\\/lista-przyjetych-do-szkoly-na-rok-szkolny-2020-2021\\\/\"},\"author\":{\"name\":\"Tomasz Deresz\",\"@id\":\"https:\\\/\\\/www.zst.suwalki.pl\\\/www\\\/#\\\/schema\\\/person\\\/a693916fbc90629c6c30effca66fe605\"},\"headline\":\"Lista przyj\u0119tych do szko\u0142y na rok szkolny 2020\\\/2021\",\"datePublished\":\"2020-08-19T07:37:39+00:00\",\"dateModified\":\"2020-08-19T07:40:27+00:00\",\"mainEntityOfPage\":{\"@id\":\"https:\\\/\\\/www.zst.suwalki.pl\\\/www\\\/lista-przyjetych-do-szkoly-na-rok-szkolny-2020-2021\\\/\"},\"wordCount\":535,\"publisher\":{\"@id\":\"https:\\\/\\\/www.zst.suwalki.pl\\\/www\\\/#organization\"},\"keywords\":[\"og\u0142oszenia i komunikaty\",\"rekrutacja\",\"szko\u0142a\"],\"articleSection\":[\"Og\u0142oszenia i komunikaty\",\"Rekrutacja\",\"Szko\u0142a\"],\"inLanguage\":\"pl-PL\"},{\"@type\":\"WebPage\",\"@id\":\"https:\\\/\\\/www.zst.suwalki.pl\\\/www\\\/lista-przyjetych-do-szkoly-na-rok-szkolny-2020-2021\\\/\",\"url\":\"https:\\\/\\\/www.zst.suwalki.pl\\\/www\\\/lista-przyjetych-do-szkoly-na-rok-szkolny-2020-2021\\\/\",\"name\":\"Lista przyj\u0119tych do szko\u0142y na rok szkolny 2020\\\/2021 - Zesp\u00f3\u0142 Szk\u00f3\u0142 Technicznych w Suwa\u0142kach\",\"isPartOf\":{\"@id\":\"https:\\\/\\\/www.zst.suwalki.pl\\\/www\\\/#website\"},\"datePublished\":\"2020-08-19T07:37:39+00:00\",\"dateModified\":\"2020-08-19T07:40:27+00:00\",\"breadcrumb\":{\"@id\":\"https:\\\/\\\/www.zst.suwalki.pl\\\/www\\\/lista-przyjetych-do-szkoly-na-rok-szkolny-2020-2021\\\/#breadcrumb\"},\"inLanguage\":\"pl-PL\",\"potentialAction\":[{\"@type\":\"ReadAction\",\"target\":[\"https:\\\/\\\/www.zst.suwalki.pl\\\/www\\\/lista-przyjetych-do-szkoly-na-rok-szkolny-2020-2021\\\/\"]}]},{\"@type\":\"BreadcrumbList\",\"@id\":\"https:\\\/\\\/www.zst.suwalki.pl\\\/www\\\/lista-przyjetych-do-szkoly-na-rok-szkolny-2020-2021\\\/#breadcrumb\",\"itemListElement\":[{\"@type\":\"ListItem\",\"position\":1,\"name\":\"Strona g\u0142\u00f3wna\",\"item\":\"https:\\\/\\\/www.zst.suwalki.pl\\\/www\\\/\"},{\"@type\":\"ListItem\",\"position\":2,\"name\":\"Lista przyj\u0119tych do szko\u0142y na rok szkolny 2020\\\/2021\"}]},{\"@type\":\"WebSite\",\"@id\":\"https:\\\/\\\/www.zst.suwalki.pl\\\/www\\\/#website\",\"url\":\"https:\\\/\\\/www.zst.suwalki.pl\\\/www\\\/\",\"name\":\"Zesp\u00f3\u0142 Szk\u00f3\u0142 Technicznych w Suwa\u0142kach\",\"description\":\"technikum, suwa\u0142ki, mechatronik, informatyk, teleinformatyk, budownictwo, elektryk, mechanik, monter, fryzjer, cukiernik, grafik,\",\"publisher\":{\"@id\":\"https:\\\/\\\/www.zst.suwalki.pl\\\/www\\\/#organization\"},\"potentialAction\":[{\"@type\":\"SearchAction\",\"target\":{\"@type\":\"EntryPoint\",\"urlTemplate\":\"https:\\\/\\\/www.zst.suwalki.pl\\\/www\\\/?s={search_term_string}\"},\"query-input\":{\"@type\":\"PropertyValueSpecification\",\"valueRequired\":true,\"valueName\":\"search_term_string\"}}],\"inLanguage\":\"pl-PL\"},{\"@type\":\"Organization\",\"@id\":\"https:\\\/\\\/www.zst.suwalki.pl\\\/www\\\/#organization\",\"name\":\"Zesp\u00f3\u0142 Szk\u00f3\u0142 Technicznych w Suwa\u0142kach\",\"url\":\"https:\\\/\\\/www.zst.suwalki.pl\\\/www\\\/\",\"logo\":{\"@type\":\"ImageObject\",\"inLanguage\":\"pl-PL\",\"@id\":\"https:\\\/\\\/www.zst.suwalki.pl\\\/www\\\/#\\\/schema\\\/logo\\\/image\\\/\",\"url\":\"https:\\\/\\\/www.zst.suwalki.pl\\\/www\\\/wp-content\\\/uploads\\\/2019\\\/01\\\/cropped-banner_logo_zst.png\",\"contentUrl\":\"https:\\\/\\\/www.zst.suwalki.pl\\\/www\\\/wp-content\\\/uploads\\\/2019\\\/01\\\/cropped-banner_logo_zst.png\",\"width\":290,\"height\":70,\"caption\":\"Zesp\u00f3\u0142 Szk\u00f3\u0142 Technicznych w Suwa\u0142kach\"},\"image\":{\"@id\":\"https:\\\/\\\/www.zst.suwalki.pl\\\/www\\\/#\\\/schema\\\/logo\\\/image\\\/\"},\"sameAs\":[\"https:\\\/\\\/www.facebook.com\\\/zstwsuwalkach\"]},{\"@type\":\"Person\",\"@id\":\"https:\\\/\\\/www.zst.suwalki.pl\\\/www\\\/#\\\/schema\\\/person\\\/a693916fbc90629c6c30effca66fe605\",\"name\":\"Tomasz Deresz\",\"image\":{\"@type\":\"ImageObject\",\"inLanguage\":\"pl-PL\",\"@id\":\"https:\\\/\\\/secure.gravatar.com\\\/avatar\\\/ca6c0c988daa8a591856abfc4246eb9a06085f661c1370f2187d4efb3ccc4604?s=96&d=mm&r=g\",\"url\":\"https:\\\/\\\/secure.gravatar.com\\\/avatar\\\/ca6c0c988daa8a591856abfc4246eb9a06085f661c1370f2187d4efb3ccc4604?s=96&d=mm&r=g\",\"contentUrl\":\"https:\\\/\\\/secure.gravatar.com\\\/avatar\\\/ca6c0c988daa8a591856abfc4246eb9a06085f661c1370f2187d4efb3ccc4604?s=96&d=mm&r=g\",\"caption\":\"Tomasz Deresz\"},\"url\":\"https:\\\/\\\/www.zst.suwalki.pl\\\/www\\\/author\\\/tomy\\\/\"}]}<\/script>\n<!-- \/ Yoast SEO plugin. -->","yoast_head_json":{"title":"Lista przyj\u0119tych do szko\u0142y na rok szkolny 2020\/2021 - Zesp\u00f3\u0142 Szk\u00f3\u0142 Technicznych w Suwa\u0142kach","robots":{"index":"index","follow":"follow","max-snippet":"max-snippet:-1","max-image-preview":"max-image-preview:large","max-video-preview":"max-video-preview:-1"},"canonical":"https:\/\/www.zst.suwalki.pl\/www\/lista-przyjetych-do-szkoly-na-rok-szkolny-2020-2021\/","og_locale":"pl_PL","og_type":"article","og_title":"Lista przyj\u0119tych do szko\u0142y na rok szkolny 2020\/2021 - Zesp\u00f3\u0142 Szk\u00f3\u0142 Technicznych w Suwa\u0142kach","og_description":"Lista przyj\u0119tych","og_url":"https:\/\/www.zst.suwalki.pl\/www\/lista-przyjetych-do-szkoly-na-rok-szkolny-2020-2021\/","og_site_name":"Zesp\u00f3\u0142 Szk\u00f3\u0142 Technicznych w Suwa\u0142kach","article_publisher":"https:\/\/www.facebook.com\/zstwsuwalkach","article_published_time":"2020-08-19T07:37:39+00:00","article_modified_time":"2020-08-19T07:40:27+00:00","author":"Tomasz Deresz","twitter_card":"summary_large_image","twitter_misc":{"Napisane przez":"Tomasz Deresz","Szacowany czas czytania":"3 minuty"},"schema":{"@context":"https:\/\/schema.org","@graph":[{"@type":"Article","@id":"https:\/\/www.zst.suwalki.pl\/www\/lista-przyjetych-do-szkoly-na-rok-szkolny-2020-2021\/#article","isPartOf":{"@id":"https:\/\/www.zst.suwalki.pl\/www\/lista-przyjetych-do-szkoly-na-rok-szkolny-2020-2021\/"},"author":{"name":"Tomasz Deresz","@id":"https:\/\/www.zst.suwalki.pl\/www\/#\/schema\/person\/a693916fbc90629c6c30effca66fe605"},"headline":"Lista przyj\u0119tych do szko\u0142y na rok szkolny 2020\/2021","datePublished":"2020-08-19T07:37:39+00:00","dateModified":"2020-08-19T07:40:27+00:00","mainEntityOfPage":{"@id":"https:\/\/www.zst.suwalki.pl\/www\/lista-przyjetych-do-szkoly-na-rok-szkolny-2020-2021\/"},"wordCount":535,"publisher":{"@id":"https:\/\/www.zst.suwalki.pl\/www\/#organization"},"keywords":["og\u0142oszenia i komunikaty","rekrutacja","szko\u0142a"],"articleSection":["Og\u0142oszenia i komunikaty","Rekrutacja","Szko\u0142a"],"inLanguage":"pl-PL"},{"@type":"WebPage","@id":"https:\/\/www.zst.suwalki.pl\/www\/lista-przyjetych-do-szkoly-na-rok-szkolny-2020-2021\/","url":"https:\/\/www.zst.suwalki.pl\/www\/lista-przyjetych-do-szkoly-na-rok-szkolny-2020-2021\/","name":"Lista przyj\u0119tych do szko\u0142y na rok szkolny 2020\/2021 - Zesp\u00f3\u0142 Szk\u00f3\u0142 Technicznych w Suwa\u0142kach","isPartOf":{"@id":"https:\/\/www.zst.suwalki.pl\/www\/#website"},"datePublished":"2020-08-19T07:37:39+00:00","dateModified":"2020-08-19T07:40:27+00:00","breadcrumb":{"@id":"https:\/\/www.zst.suwalki.pl\/www\/lista-przyjetych-do-szkoly-na-rok-szkolny-2020-2021\/#breadcrumb"},"inLanguage":"pl-PL","potentialAction":[{"@type":"ReadAction","target":["https:\/\/www.zst.suwalki.pl\/www\/lista-przyjetych-do-szkoly-na-rok-szkolny-2020-2021\/"]}]},{"@type":"BreadcrumbList","@id":"https:\/\/www.zst.suwalki.pl\/www\/lista-przyjetych-do-szkoly-na-rok-szkolny-2020-2021\/#breadcrumb","itemListElement":[{"@type":"ListItem","position":1,"name":"Strona g\u0142\u00f3wna","item":"https:\/\/www.zst.suwalki.pl\/www\/"},{"@type":"ListItem","position":2,"name":"Lista przyj\u0119tych do szko\u0142y na rok szkolny 2020\/2021"}]},{"@type":"WebSite","@id":"https:\/\/www.zst.suwalki.pl\/www\/#website","url":"https:\/\/www.zst.suwalki.pl\/www\/","name":"Zesp\u00f3\u0142 Szk\u00f3\u0142 Technicznych w Suwa\u0142kach","description":"technikum, suwa\u0142ki, mechatronik, informatyk, teleinformatyk, budownictwo, elektryk, mechanik, monter, fryzjer, cukiernik, grafik,","publisher":{"@id":"https:\/\/www.zst.suwalki.pl\/www\/#organization"},"potentialAction":[{"@type":"SearchAction","target":{"@type":"EntryPoint","urlTemplate":"https:\/\/www.zst.suwalki.pl\/www\/?s={search_term_string}"},"query-input":{"@type":"PropertyValueSpecification","valueRequired":true,"valueName":"search_term_string"}}],"inLanguage":"pl-PL"},{"@type":"Organization","@id":"https:\/\/www.zst.suwalki.pl\/www\/#organization","name":"Zesp\u00f3\u0142 Szk\u00f3\u0142 Technicznych w Suwa\u0142kach","url":"https:\/\/www.zst.suwalki.pl\/www\/","logo":{"@type":"ImageObject","inLanguage":"pl-PL","@id":"https:\/\/www.zst.suwalki.pl\/www\/#\/schema\/logo\/image\/","url":"https:\/\/www.zst.suwalki.pl\/www\/wp-content\/uploads\/2019\/01\/cropped-banner_logo_zst.png","contentUrl":"https:\/\/www.zst.suwalki.pl\/www\/wp-content\/uploads\/2019\/01\/cropped-banner_logo_zst.png","width":290,"height":70,"caption":"Zesp\u00f3\u0142 Szk\u00f3\u0142 Technicznych w Suwa\u0142kach"},"image":{"@id":"https:\/\/www.zst.suwalki.pl\/www\/#\/schema\/logo\/image\/"},"sameAs":["https:\/\/www.facebook.com\/zstwsuwalkach"]},{"@type":"Person","@id":"https:\/\/www.zst.suwalki.pl\/www\/#\/schema\/person\/a693916fbc90629c6c30effca66fe605","name":"Tomasz Deresz","image":{"@type":"ImageObject","inLanguage":"pl-PL","@id":"https:\/\/secure.gravatar.com\/avatar\/ca6c0c988daa8a591856abfc4246eb9a06085f661c1370f2187d4efb3ccc4604?s=96&d=mm&r=g","url":"https:\/\/secure.gravatar.com\/avatar\/ca6c0c988daa8a591856abfc4246eb9a06085f661c1370f2187d4efb3ccc4604?s=96&d=mm&r=g","contentUrl":"https:\/\/secure.gravatar.com\/avatar\/ca6c0c988daa8a591856abfc4246eb9a06085f661c1370f2187d4efb3ccc4604?s=96&d=mm&r=g","caption":"Tomasz Deresz"},"url":"https:\/\/www.zst.suwalki.pl\/www\/author\/tomy\/"}]}},"_links":{"self":[{"href":"https:\/\/www.zst.suwalki.pl\/www\/wp-json\/wp\/v2\/posts\/5643","targetHints":{"allow":["GET"]}}],"collection":[{"href":"https:\/\/www.zst.suwalki.pl\/www\/wp-json\/wp\/v2\/posts"}],"about":[{"href":"https:\/\/www.zst.suwalki.pl\/www\/wp-json\/wp\/v2\/types\/post"}],"author":[{"embeddable":true,"href":"https:\/\/www.zst.suwalki.pl\/www\/wp-json\/wp\/v2\/users\/1"}],"replies":[{"embeddable":true,"href":"https:\/\/www.zst.suwalki.pl\/www\/wp-json\/wp\/v2\/comments?post=5643"}],"version-history":[{"count":10,"href":"https:\/\/www.zst.suwalki.pl\/www\/wp-json\/wp\/v2\/posts\/5643\/revisions"}],"predecessor-version":[{"id":5655,"href":"https:\/\/www.zst.suwalki.pl\/www\/wp-json\/wp\/v2\/posts\/5643\/revisions\/5655"}],"wp:attachment":[{"href":"https:\/\/www.zst.suwalki.pl\/www\/wp-json\/wp\/v2\/media?parent=5643"}],"wp:term":[{"taxonomy":"category","embeddable":true,"href":"https:\/\/www.zst.suwalki.pl\/www\/wp-json\/wp\/v2\/categories?post=5643"},{"taxonomy":"post_tag","embeddable":true,"href":"https:\/\/www.zst.suwalki.pl\/www\/wp-json\/wp\/v2\/tags?post=5643"}],"curies":[{"name":"wp","href":"https:\/\/api.w.org\/{rel}","templated":true}]}}