{"id":5657,"date":"2020-08-27T10:08:45","date_gmt":"2020-08-27T08:08:45","guid":{"rendered":"https:\/\/www.zst.suwalki.pl\/www\/?p=5657"},"modified":"2020-08-27T10:11:23","modified_gmt":"2020-08-27T08:11:23","slug":"ubezpieczenie-na-rok-szkolny-2020-2021","status":"publish","type":"post","link":"https:\/\/www.zst.suwalki.pl\/www\/ubezpieczenie-na-rok-szkolny-2020-2021\/","title":{"rendered":"Ubezpieczenie na rok szkolny 2020\/2021"},"content":{"rendered":"<p>W porozumieniu z Rad\u0105 Rodzic\u00f3w ZST ubezpieczy\u0107 swoje dziecko mo\u017cecie Pa\u0144stwo w dwojaki spos\u00f3b:<\/p>\n<p><!--more--><\/p>\n<p>&nbsp;<\/p>\n<p><strong>1. <\/strong>Got\u00f3wka w szkole. Sk\u0142adka wynosi 39 z\u0142. (suma ubezpieczenia 15 000 z\u0142)<\/p>\n<p>Dla klas maturalnych 43 z\u0142. &#8211; okres ubezpieczenia 13 miesi\u0119cy (suma ubezpieczenia 15 000 z\u0142)<\/p>\n<p>Sk\u0142adk\u0119 do 15.10.2020 wp\u0142acamy w kancelarii uczniowskiej u Pani Beaty Dojnikowskiej.<\/p>\n<p>&nbsp;<\/p>\n<p><strong>2.<\/strong> P\u0142atno\u015b\u0107 online. Ka\u017cdy z Pa\u0144stwa wybiera sk\u0142adk\u0119 sam. Wchodzimy na <a href=\"http:\/\/ubezpieczenia.nau.pl\" target=\"_blank\" rel=\"noopener noreferrer\"><b>ubezpieczenia.nau.p<\/b>l<\/a> i post\u0119pujemy tak jak prowadzi nas program. Wpisujemy kod rabatowy <b>NAU85. Po wp\u0142acie otrzymacie <\/b><b>Pa\u0144stwo polis\u0119 indywidualn\u0105 (prosz\u0119 j\u0105 sobie wydrukowa\u0107). <\/b>Szkolny koordynator ze strony Nau: Andrzej Toorski, tel: 693 279 679, <a href=\"mailto:andrzej.todorski@nau.pl\">andrzej.todorski@nau.pl<\/a><\/p>\n<p><a href=\"https:\/\/www.zst.suwalki.pl\/www\/wp-content\/uploads\/2020\/08\/zakres_ubezpiczenia_2020_2021.pdf\">Zakres ubezpieczenia<\/a><\/p>\n","protected":false},"excerpt":{"rendered":"<p>W porozumieniu z Rad\u0105 Rodzic\u00f3w ZST ubezpieczy\u0107 swoje dziecko mo\u017cecie Pa\u0144stwo w dwojaki spos\u00f3b:<\/p>\n","protected":false},"author":1,"featured_media":5659,"comment_status":"closed","ping_status":"open","sticky":false,"template":"","format":"standard","meta":{"_crdt_document":"","footnotes":""},"categories":[38,3],"tags":[39,6],"class_list":["post-5657","post","type-post","status-publish","format-standard","has-post-thumbnail","hentry","category-ogloszenia-i-komunikaty","category-szkola","tag-ogloszenia-i-komunikaty","tag-szkola"],"yoast_head":"<!-- This site is optimized with the Yoast SEO plugin v27.5 - https:\/\/yoast.com\/product\/yoast-seo-wordpress\/ -->\n<title>Ubezpieczenie na rok szkolny 2020\/2021 - Zesp\u00f3\u0142 Szk\u00f3\u0142 Technicznych w Suwa\u0142kach<\/title>\n<meta name=\"robots\" content=\"index, follow, max-snippet:-1, max-image-preview:large, max-video-preview:-1\" \/>\n<link rel=\"canonical\" href=\"https:\/\/www.zst.suwalki.pl\/www\/ubezpieczenie-na-rok-szkolny-2020-2021\/\" \/>\n<meta property=\"og:locale\" content=\"pl_PL\" \/>\n<meta property=\"og:type\" content=\"article\" \/>\n<meta property=\"og:title\" content=\"Ubezpieczenie na rok szkolny 2020\/2021 - Zesp\u00f3\u0142 Szk\u00f3\u0142 Technicznych w Suwa\u0142kach\" \/>\n<meta property=\"og:description\" content=\"W porozumieniu z Rad\u0105 Rodzic\u00f3w ZST ubezpieczy\u0107 swoje dziecko mo\u017cecie Pa\u0144stwo w dwojaki spos\u00f3b:\" \/>\n<meta property=\"og:url\" content=\"https:\/\/www.zst.suwalki.pl\/www\/ubezpieczenie-na-rok-szkolny-2020-2021\/\" \/>\n<meta property=\"og:site_name\" content=\"Zesp\u00f3\u0142 Szk\u00f3\u0142 Technicznych w Suwa\u0142kach\" \/>\n<meta property=\"article:publisher\" content=\"https:\/\/www.facebook.com\/zstwsuwalkach\" \/>\n<meta property=\"article:published_time\" content=\"2020-08-27T08:08:45+00:00\" \/>\n<meta property=\"article:modified_time\" content=\"2020-08-27T08:11:23+00:00\" \/>\n<meta property=\"og:image\" content=\"https:\/\/www.zst.suwalki.pl\/www\/wp-content\/uploads\/2020\/08\/ubez_nau_2020_2021.jpg\" \/>\n\t<meta property=\"og:image:width\" content=\"1491\" \/>\n\t<meta property=\"og:image:height\" content=\"873\" \/>\n\t<meta property=\"og:image:type\" content=\"image\/jpeg\" \/>\n<meta name=\"author\" content=\"Tomasz Deresz\" \/>\n<meta name=\"twitter:card\" content=\"summary_large_image\" \/>\n<meta name=\"twitter:label1\" content=\"Napisane przez\" \/>\n\t<meta name=\"twitter:data1\" content=\"Tomasz Deresz\" \/>\n\t<meta name=\"twitter:label2\" content=\"Szacowany czas czytania\" \/>\n\t<meta name=\"twitter:data2\" content=\"1 minuta\" \/>\n<script type=\"application\/ld+json\" class=\"yoast-schema-graph\">{\"@context\":\"https:\\\/\\\/schema.org\",\"@graph\":[{\"@type\":\"Article\",\"@id\":\"https:\\\/\\\/www.zst.suwalki.pl\\\/www\\\/ubezpieczenie-na-rok-szkolny-2020-2021\\\/#article\",\"isPartOf\":{\"@id\":\"https:\\\/\\\/www.zst.suwalki.pl\\\/www\\\/ubezpieczenie-na-rok-szkolny-2020-2021\\\/\"},\"author\":{\"name\":\"Tomasz Deresz\",\"@id\":\"https:\\\/\\\/www.zst.suwalki.pl\\\/www\\\/#\\\/schema\\\/person\\\/a693916fbc90629c6c30effca66fe605\"},\"headline\":\"Ubezpieczenie na rok szkolny 2020\\\/2021\",\"datePublished\":\"2020-08-27T08:08:45+00:00\",\"dateModified\":\"2020-08-27T08:11:23+00:00\",\"mainEntityOfPage\":{\"@id\":\"https:\\\/\\\/www.zst.suwalki.pl\\\/www\\\/ubezpieczenie-na-rok-szkolny-2020-2021\\\/\"},\"wordCount\":114,\"publisher\":{\"@id\":\"https:\\\/\\\/www.zst.suwalki.pl\\\/www\\\/#organization\"},\"image\":{\"@id\":\"https:\\\/\\\/www.zst.suwalki.pl\\\/www\\\/ubezpieczenie-na-rok-szkolny-2020-2021\\\/#primaryimage\"},\"thumbnailUrl\":\"https:\\\/\\\/www.zst.suwalki.pl\\\/www\\\/wp-content\\\/uploads\\\/2020\\\/08\\\/ubez_nau_2020_2021.jpg\",\"keywords\":[\"og\u0142oszenia i komunikaty\",\"szko\u0142a\"],\"articleSection\":[\"Og\u0142oszenia i komunikaty\",\"Szko\u0142a\"],\"inLanguage\":\"pl-PL\"},{\"@type\":\"WebPage\",\"@id\":\"https:\\\/\\\/www.zst.suwalki.pl\\\/www\\\/ubezpieczenie-na-rok-szkolny-2020-2021\\\/\",\"url\":\"https:\\\/\\\/www.zst.suwalki.pl\\\/www\\\/ubezpieczenie-na-rok-szkolny-2020-2021\\\/\",\"name\":\"Ubezpieczenie na rok szkolny 2020\\\/2021 - Zesp\u00f3\u0142 Szk\u00f3\u0142 Technicznych w Suwa\u0142kach\",\"isPartOf\":{\"@id\":\"https:\\\/\\\/www.zst.suwalki.pl\\\/www\\\/#website\"},\"primaryImageOfPage\":{\"@id\":\"https:\\\/\\\/www.zst.suwalki.pl\\\/www\\\/ubezpieczenie-na-rok-szkolny-2020-2021\\\/#primaryimage\"},\"image\":{\"@id\":\"https:\\\/\\\/www.zst.suwalki.pl\\\/www\\\/ubezpieczenie-na-rok-szkolny-2020-2021\\\/#primaryimage\"},\"thumbnailUrl\":\"https:\\\/\\\/www.zst.suwalki.pl\\\/www\\\/wp-content\\\/uploads\\\/2020\\\/08\\\/ubez_nau_2020_2021.jpg\",\"datePublished\":\"2020-08-27T08:08:45+00:00\",\"dateModified\":\"2020-08-27T08:11:23+00:00\",\"breadcrumb\":{\"@id\":\"https:\\\/\\\/www.zst.suwalki.pl\\\/www\\\/ubezpieczenie-na-rok-szkolny-2020-2021\\\/#breadcrumb\"},\"inLanguage\":\"pl-PL\",\"potentialAction\":[{\"@type\":\"ReadAction\",\"target\":[\"https:\\\/\\\/www.zst.suwalki.pl\\\/www\\\/ubezpieczenie-na-rok-szkolny-2020-2021\\\/\"]}]},{\"@type\":\"ImageObject\",\"inLanguage\":\"pl-PL\",\"@id\":\"https:\\\/\\\/www.zst.suwalki.pl\\\/www\\\/ubezpieczenie-na-rok-szkolny-2020-2021\\\/#primaryimage\",\"url\":\"https:\\\/\\\/www.zst.suwalki.pl\\\/www\\\/wp-content\\\/uploads\\\/2020\\\/08\\\/ubez_nau_2020_2021.jpg\",\"contentUrl\":\"https:\\\/\\\/www.zst.suwalki.pl\\\/www\\\/wp-content\\\/uploads\\\/2020\\\/08\\\/ubez_nau_2020_2021.jpg\",\"width\":1491,\"height\":873},{\"@type\":\"BreadcrumbList\",\"@id\":\"https:\\\/\\\/www.zst.suwalki.pl\\\/www\\\/ubezpieczenie-na-rok-szkolny-2020-2021\\\/#breadcrumb\",\"itemListElement\":[{\"@type\":\"ListItem\",\"position\":1,\"name\":\"Strona g\u0142\u00f3wna\",\"item\":\"https:\\\/\\\/www.zst.suwalki.pl\\\/www\\\/\"},{\"@type\":\"ListItem\",\"position\":2,\"name\":\"Ubezpieczenie na rok szkolny 2020\\\/2021\"}]},{\"@type\":\"WebSite\",\"@id\":\"https:\\\/\\\/www.zst.suwalki.pl\\\/www\\\/#website\",\"url\":\"https:\\\/\\\/www.zst.suwalki.pl\\\/www\\\/\",\"name\":\"Zesp\u00f3\u0142 Szk\u00f3\u0142 Technicznych w Suwa\u0142kach\",\"description\":\"technikum, suwa\u0142ki, mechatronik, informatyk, teleinformatyk, budownictwo, elektryk, mechanik, monter, fryzjer, cukiernik, grafik,\",\"publisher\":{\"@id\":\"https:\\\/\\\/www.zst.suwalki.pl\\\/www\\\/#organization\"},\"potentialAction\":[{\"@type\":\"SearchAction\",\"target\":{\"@type\":\"EntryPoint\",\"urlTemplate\":\"https:\\\/\\\/www.zst.suwalki.pl\\\/www\\\/?s={search_term_string}\"},\"query-input\":{\"@type\":\"PropertyValueSpecification\",\"valueRequired\":true,\"valueName\":\"search_term_string\"}}],\"inLanguage\":\"pl-PL\"},{\"@type\":\"Organization\",\"@id\":\"https:\\\/\\\/www.zst.suwalki.pl\\\/www\\\/#organization\",\"name\":\"Zesp\u00f3\u0142 Szk\u00f3\u0142 Technicznych w Suwa\u0142kach\",\"url\":\"https:\\\/\\\/www.zst.suwalki.pl\\\/www\\\/\",\"logo\":{\"@type\":\"ImageObject\",\"inLanguage\":\"pl-PL\",\"@id\":\"https:\\\/\\\/www.zst.suwalki.pl\\\/www\\\/#\\\/schema\\\/logo\\\/image\\\/\",\"url\":\"https:\\\/\\\/www.zst.suwalki.pl\\\/www\\\/wp-content\\\/uploads\\\/2019\\\/01\\\/cropped-banner_logo_zst.png\",\"contentUrl\":\"https:\\\/\\\/www.zst.suwalki.pl\\\/www\\\/wp-content\\\/uploads\\\/2019\\\/01\\\/cropped-banner_logo_zst.png\",\"width\":290,\"height\":70,\"caption\":\"Zesp\u00f3\u0142 Szk\u00f3\u0142 Technicznych w Suwa\u0142kach\"},\"image\":{\"@id\":\"https:\\\/\\\/www.zst.suwalki.pl\\\/www\\\/#\\\/schema\\\/logo\\\/image\\\/\"},\"sameAs\":[\"https:\\\/\\\/www.facebook.com\\\/zstwsuwalkach\"]},{\"@type\":\"Person\",\"@id\":\"https:\\\/\\\/www.zst.suwalki.pl\\\/www\\\/#\\\/schema\\\/person\\\/a693916fbc90629c6c30effca66fe605\",\"name\":\"Tomasz Deresz\",\"image\":{\"@type\":\"ImageObject\",\"inLanguage\":\"pl-PL\",\"@id\":\"https:\\\/\\\/secure.gravatar.com\\\/avatar\\\/ca6c0c988daa8a591856abfc4246eb9a06085f661c1370f2187d4efb3ccc4604?s=96&d=mm&r=g\",\"url\":\"https:\\\/\\\/secure.gravatar.com\\\/avatar\\\/ca6c0c988daa8a591856abfc4246eb9a06085f661c1370f2187d4efb3ccc4604?s=96&d=mm&r=g\",\"contentUrl\":\"https:\\\/\\\/secure.gravatar.com\\\/avatar\\\/ca6c0c988daa8a591856abfc4246eb9a06085f661c1370f2187d4efb3ccc4604?s=96&d=mm&r=g\",\"caption\":\"Tomasz Deresz\"},\"url\":\"https:\\\/\\\/www.zst.suwalki.pl\\\/www\\\/author\\\/tomy\\\/\"}]}<\/script>\n<!-- \/ Yoast SEO plugin. -->","yoast_head_json":{"title":"Ubezpieczenie na rok szkolny 2020\/2021 - Zesp\u00f3\u0142 Szk\u00f3\u0142 Technicznych w Suwa\u0142kach","robots":{"index":"index","follow":"follow","max-snippet":"max-snippet:-1","max-image-preview":"max-image-preview:large","max-video-preview":"max-video-preview:-1"},"canonical":"https:\/\/www.zst.suwalki.pl\/www\/ubezpieczenie-na-rok-szkolny-2020-2021\/","og_locale":"pl_PL","og_type":"article","og_title":"Ubezpieczenie na rok szkolny 2020\/2021 - Zesp\u00f3\u0142 Szk\u00f3\u0142 Technicznych w Suwa\u0142kach","og_description":"W porozumieniu z Rad\u0105 Rodzic\u00f3w ZST ubezpieczy\u0107 swoje dziecko mo\u017cecie Pa\u0144stwo w dwojaki spos\u00f3b:","og_url":"https:\/\/www.zst.suwalki.pl\/www\/ubezpieczenie-na-rok-szkolny-2020-2021\/","og_site_name":"Zesp\u00f3\u0142 Szk\u00f3\u0142 Technicznych w Suwa\u0142kach","article_publisher":"https:\/\/www.facebook.com\/zstwsuwalkach","article_published_time":"2020-08-27T08:08:45+00:00","article_modified_time":"2020-08-27T08:11:23+00:00","og_image":[{"width":1491,"height":873,"url":"https:\/\/www.zst.suwalki.pl\/www\/wp-content\/uploads\/2020\/08\/ubez_nau_2020_2021.jpg","type":"image\/jpeg"}],"author":"Tomasz Deresz","twitter_card":"summary_large_image","twitter_misc":{"Napisane przez":"Tomasz Deresz","Szacowany czas czytania":"1 minuta"},"schema":{"@context":"https:\/\/schema.org","@graph":[{"@type":"Article","@id":"https:\/\/www.zst.suwalki.pl\/www\/ubezpieczenie-na-rok-szkolny-2020-2021\/#article","isPartOf":{"@id":"https:\/\/www.zst.suwalki.pl\/www\/ubezpieczenie-na-rok-szkolny-2020-2021\/"},"author":{"name":"Tomasz Deresz","@id":"https:\/\/www.zst.suwalki.pl\/www\/#\/schema\/person\/a693916fbc90629c6c30effca66fe605"},"headline":"Ubezpieczenie na rok szkolny 2020\/2021","datePublished":"2020-08-27T08:08:45+00:00","dateModified":"2020-08-27T08:11:23+00:00","mainEntityOfPage":{"@id":"https:\/\/www.zst.suwalki.pl\/www\/ubezpieczenie-na-rok-szkolny-2020-2021\/"},"wordCount":114,"publisher":{"@id":"https:\/\/www.zst.suwalki.pl\/www\/#organization"},"image":{"@id":"https:\/\/www.zst.suwalki.pl\/www\/ubezpieczenie-na-rok-szkolny-2020-2021\/#primaryimage"},"thumbnailUrl":"https:\/\/www.zst.suwalki.pl\/www\/wp-content\/uploads\/2020\/08\/ubez_nau_2020_2021.jpg","keywords":["og\u0142oszenia i komunikaty","szko\u0142a"],"articleSection":["Og\u0142oszenia i komunikaty","Szko\u0142a"],"inLanguage":"pl-PL"},{"@type":"WebPage","@id":"https:\/\/www.zst.suwalki.pl\/www\/ubezpieczenie-na-rok-szkolny-2020-2021\/","url":"https:\/\/www.zst.suwalki.pl\/www\/ubezpieczenie-na-rok-szkolny-2020-2021\/","name":"Ubezpieczenie na rok szkolny 2020\/2021 - Zesp\u00f3\u0142 Szk\u00f3\u0142 Technicznych w Suwa\u0142kach","isPartOf":{"@id":"https:\/\/www.zst.suwalki.pl\/www\/#website"},"primaryImageOfPage":{"@id":"https:\/\/www.zst.suwalki.pl\/www\/ubezpieczenie-na-rok-szkolny-2020-2021\/#primaryimage"},"image":{"@id":"https:\/\/www.zst.suwalki.pl\/www\/ubezpieczenie-na-rok-szkolny-2020-2021\/#primaryimage"},"thumbnailUrl":"https:\/\/www.zst.suwalki.pl\/www\/wp-content\/uploads\/2020\/08\/ubez_nau_2020_2021.jpg","datePublished":"2020-08-27T08:08:45+00:00","dateModified":"2020-08-27T08:11:23+00:00","breadcrumb":{"@id":"https:\/\/www.zst.suwalki.pl\/www\/ubezpieczenie-na-rok-szkolny-2020-2021\/#breadcrumb"},"inLanguage":"pl-PL","potentialAction":[{"@type":"ReadAction","target":["https:\/\/www.zst.suwalki.pl\/www\/ubezpieczenie-na-rok-szkolny-2020-2021\/"]}]},{"@type":"ImageObject","inLanguage":"pl-PL","@id":"https:\/\/www.zst.suwalki.pl\/www\/ubezpieczenie-na-rok-szkolny-2020-2021\/#primaryimage","url":"https:\/\/www.zst.suwalki.pl\/www\/wp-content\/uploads\/2020\/08\/ubez_nau_2020_2021.jpg","contentUrl":"https:\/\/www.zst.suwalki.pl\/www\/wp-content\/uploads\/2020\/08\/ubez_nau_2020_2021.jpg","width":1491,"height":873},{"@type":"BreadcrumbList","@id":"https:\/\/www.zst.suwalki.pl\/www\/ubezpieczenie-na-rok-szkolny-2020-2021\/#breadcrumb","itemListElement":[{"@type":"ListItem","position":1,"name":"Strona g\u0142\u00f3wna","item":"https:\/\/www.zst.suwalki.pl\/www\/"},{"@type":"ListItem","position":2,"name":"Ubezpieczenie na rok szkolny 2020\/2021"}]},{"@type":"WebSite","@id":"https:\/\/www.zst.suwalki.pl\/www\/#website","url":"https:\/\/www.zst.suwalki.pl\/www\/","name":"Zesp\u00f3\u0142 Szk\u00f3\u0142 Technicznych w Suwa\u0142kach","description":"technikum, suwa\u0142ki, mechatronik, informatyk, teleinformatyk, budownictwo, elektryk, mechanik, monter, fryzjer, cukiernik, grafik,","publisher":{"@id":"https:\/\/www.zst.suwalki.pl\/www\/#organization"},"potentialAction":[{"@type":"SearchAction","target":{"@type":"EntryPoint","urlTemplate":"https:\/\/www.zst.suwalki.pl\/www\/?s={search_term_string}"},"query-input":{"@type":"PropertyValueSpecification","valueRequired":true,"valueName":"search_term_string"}}],"inLanguage":"pl-PL"},{"@type":"Organization","@id":"https:\/\/www.zst.suwalki.pl\/www\/#organization","name":"Zesp\u00f3\u0142 Szk\u00f3\u0142 Technicznych w Suwa\u0142kach","url":"https:\/\/www.zst.suwalki.pl\/www\/","logo":{"@type":"ImageObject","inLanguage":"pl-PL","@id":"https:\/\/www.zst.suwalki.pl\/www\/#\/schema\/logo\/image\/","url":"https:\/\/www.zst.suwalki.pl\/www\/wp-content\/uploads\/2019\/01\/cropped-banner_logo_zst.png","contentUrl":"https:\/\/www.zst.suwalki.pl\/www\/wp-content\/uploads\/2019\/01\/cropped-banner_logo_zst.png","width":290,"height":70,"caption":"Zesp\u00f3\u0142 Szk\u00f3\u0142 Technicznych w Suwa\u0142kach"},"image":{"@id":"https:\/\/www.zst.suwalki.pl\/www\/#\/schema\/logo\/image\/"},"sameAs":["https:\/\/www.facebook.com\/zstwsuwalkach"]},{"@type":"Person","@id":"https:\/\/www.zst.suwalki.pl\/www\/#\/schema\/person\/a693916fbc90629c6c30effca66fe605","name":"Tomasz Deresz","image":{"@type":"ImageObject","inLanguage":"pl-PL","@id":"https:\/\/secure.gravatar.com\/avatar\/ca6c0c988daa8a591856abfc4246eb9a06085f661c1370f2187d4efb3ccc4604?s=96&d=mm&r=g","url":"https:\/\/secure.gravatar.com\/avatar\/ca6c0c988daa8a591856abfc4246eb9a06085f661c1370f2187d4efb3ccc4604?s=96&d=mm&r=g","contentUrl":"https:\/\/secure.gravatar.com\/avatar\/ca6c0c988daa8a591856abfc4246eb9a06085f661c1370f2187d4efb3ccc4604?s=96&d=mm&r=g","caption":"Tomasz Deresz"},"url":"https:\/\/www.zst.suwalki.pl\/www\/author\/tomy\/"}]}},"_links":{"self":[{"href":"https:\/\/www.zst.suwalki.pl\/www\/wp-json\/wp\/v2\/posts\/5657","targetHints":{"allow":["GET"]}}],"collection":[{"href":"https:\/\/www.zst.suwalki.pl\/www\/wp-json\/wp\/v2\/posts"}],"about":[{"href":"https:\/\/www.zst.suwalki.pl\/www\/wp-json\/wp\/v2\/types\/post"}],"author":[{"embeddable":true,"href":"https:\/\/www.zst.suwalki.pl\/www\/wp-json\/wp\/v2\/users\/1"}],"replies":[{"embeddable":true,"href":"https:\/\/www.zst.suwalki.pl\/www\/wp-json\/wp\/v2\/comments?post=5657"}],"version-history":[{"count":3,"href":"https:\/\/www.zst.suwalki.pl\/www\/wp-json\/wp\/v2\/posts\/5657\/revisions"}],"predecessor-version":[{"id":5663,"href":"https:\/\/www.zst.suwalki.pl\/www\/wp-json\/wp\/v2\/posts\/5657\/revisions\/5663"}],"wp:featuredmedia":[{"embeddable":true,"href":"https:\/\/www.zst.suwalki.pl\/www\/wp-json\/wp\/v2\/media\/5659"}],"wp:attachment":[{"href":"https:\/\/www.zst.suwalki.pl\/www\/wp-json\/wp\/v2\/media?parent=5657"}],"wp:term":[{"taxonomy":"category","embeddable":true,"href":"https:\/\/www.zst.suwalki.pl\/www\/wp-json\/wp\/v2\/categories?post=5657"},{"taxonomy":"post_tag","embeddable":true,"href":"https:\/\/www.zst.suwalki.pl\/www\/wp-json\/wp\/v2\/tags?post=5657"}],"curies":[{"name":"wp","href":"https:\/\/api.w.org\/{rel}","templated":true}]}}