{"id":6438,"date":"2021-08-31T06:48:28","date_gmt":"2021-08-31T04:48:28","guid":{"rendered":"https:\/\/www.zst.suwalki.pl\/www\/?p=6438"},"modified":"2021-09-11T12:45:35","modified_gmt":"2021-09-11T10:45:35","slug":"rozpoczecie-roku-szkolnego-2021-2022","status":"publish","type":"post","link":"https:\/\/www.zst.suwalki.pl\/www\/rozpoczecie-roku-szkolnego-2021-2022\/","title":{"rendered":"Rozpocz\u0119cie roku szkolnego 2021\/2022"},"content":{"rendered":"<p>Rozpocz\u0119cie roku szkolnego 2021\/2022:<\/p>\n<p><!--more--><\/p>\n<table style=\"width: 100%;\" border=\"1\" width=\"1209\">\n<tbody>\n<tr>\n<td style=\"text-align: center; width: 3.74763%;\" width=\"97\"><b>Lp.<\/b><\/td>\n<td style=\"text-align: center; width: 15.1154%;\" width=\"387\"><b>Klasy<\/b><\/td>\n<td style=\"text-align: center; width: 12.5514%;\" width=\"244\"><b>Godzina<\/b><\/td>\n<td style=\"text-align: center; width: 13.355%;\" width=\"481\"><b>Miejsce<\/b><\/td>\n<\/tr>\n<tr>\n<td style=\"text-align: center; width: 3.74763%;\" width=\"97\">1.<\/td>\n<td style=\"text-align: center; width: 15.1154%;\" width=\"387\">Klasy pierwsze<\/td>\n<td style=\"text-align: center; width: 12.5514%;\" width=\"244\">9:00<\/td>\n<td style=\"text-align: center; width: 13.355%;\" width=\"481\">Boisko szkolne<\/p>\n<p>(w przypadku deszczu<br \/>\nsala gimnastyczna)<\/td>\n<\/tr>\n<tr>\n<td style=\"text-align: center; width: 3.74763%;\" width=\"97\">2.<\/td>\n<td style=\"text-align: center; width: 15.1154%;\" width=\"387\">Klasy drugie i czwarte<\/td>\n<td style=\"text-align: center; width: 12.5514%;\" width=\"244\">10:00<\/td>\n<td style=\"text-align: center; width: 13.355%;\" width=\"481\">Brak apelu \u2013 spotkania<br \/>\nz wychowawcami klas<\/td>\n<\/tr>\n<tr>\n<td style=\"text-align: center; width: 3.74763%;\" width=\"97\">3.<\/td>\n<td style=\"text-align: center; width: 15.1154%;\" width=\"387\">Klasy trzecie<\/td>\n<td style=\"text-align: center; width: 12.5514%;\" width=\"244\">11:00<\/td>\n<td style=\"text-align: center; width: 13.355%;\" width=\"481\">Brak apelu \u2013 spotkania<br \/>\nz wychowawcami klas<\/td>\n<\/tr>\n<\/tbody>\n<\/table>\n<p><strong><span class=\"tojvnm2t a6sixzi8 abs2jz4q a8s20v7p t1p8iaqh k5wvi7nf q3lfd5jv pk4s997a bipmatt0 cebpdrjk qowsmv63 owwhemhu dp1hu0rb dhp61c6y iyyx5f41\">Przypominamy o konieczno\u015bci przestrzegania re\u017cimu sanitarnego (dezynfekcja, dystans spo\u0142eczny, maseczki w przestrzeni wsp\u00f3lnej).<\/span><\/strong><\/p>\n<p>Spotkanie w salach z wychowawcami:<\/p>\n<table style=\"width: 49.998%;\" border=\"1\" width=\"876\">\n<tbody>\n<tr>\n<td style=\"text-align: center; width: 8.06818%;\" width=\"71\"><b>Lp.<\/b><\/td>\n<td style=\"text-align: center; width: 31.25%;\" width=\"343\"><b>Nazwisko<\/b><\/td>\n<td style=\"text-align: center; width: 16.2384%;\" width=\"231\"><b>Klasa<\/b><\/td>\n<td style=\"text-align: center; width: 10.6574%;\" width=\"231\"><b>Nr sali<\/b><\/td>\n<\/tr>\n<tr>\n<td style=\"text-align: center; width: 8.06818%;\" width=\"71\"><b>1<\/b><\/td>\n<td style=\"text-align: center; width: 31.25%;\" width=\"343\">Bielecka Marta<\/td>\n<td style=\"text-align: center; width: 16.2384%;\" width=\"231\">1 TB<\/td>\n<td style=\"text-align: center; width: 10.6574%;\" width=\"231\">B312<\/td>\n<\/tr>\n<tr>\n<td style=\"text-align: center; width: 8.06818%;\" width=\"71\"><b>2<\/b><\/td>\n<td style=\"text-align: center; width: 31.25%;\" width=\"343\">Ku\u015b-Tomkiewicz Kamila<\/td>\n<td style=\"text-align: center; width: 16.2384%;\" width=\"231\">1 TMR<\/td>\n<td style=\"text-align: center; width: 10.6574%;\" width=\"231\">B104<\/td>\n<\/tr>\n<tr>\n<td style=\"text-align: center; width: 8.06818%;\" width=\"71\"><b>3<\/b><\/td>\n<td style=\"text-align: center; width: 31.25%;\" width=\"343\">Raczkowski Pawe\u0142<\/td>\n<td style=\"text-align: center; width: 16.2384%;\" width=\"231\">1 TA+TM<\/td>\n<td style=\"text-align: center; width: 10.6574%;\" width=\"231\">201<\/td>\n<\/tr>\n<tr>\n<td style=\"text-align: center; width: 8.06818%;\" width=\"71\"><b>4<\/b><\/td>\n<td style=\"text-align: center; width: 31.25%;\" width=\"343\">Chmielewska Marzena<\/td>\n<td style=\"text-align: center; width: 16.2384%;\" width=\"231\">1 TI<\/td>\n<td style=\"text-align: center; width: 10.6574%;\" width=\"231\">202<\/td>\n<\/tr>\n<tr>\n<td style=\"text-align: center; width: 8.06818%;\" width=\"71\"><b>5<\/b><\/td>\n<td style=\"text-align: center; width: 31.25%;\" width=\"343\">Bogucka Anna<\/td>\n<td style=\"text-align: center; width: 16.2384%;\" width=\"231\">1 TG<\/td>\n<td style=\"text-align: center; width: 10.6574%;\" width=\"231\">B107<\/td>\n<\/tr>\n<tr>\n<td style=\"text-align: center; width: 8.06818%;\" width=\"71\"><b>6<\/b><\/td>\n<td style=\"text-align: center; width: 31.25%;\" width=\"343\">Dudanowicz Andrzej<\/td>\n<td style=\"text-align: center; width: 16.2384%;\" width=\"231\">2 TB<\/td>\n<td style=\"text-align: center; width: 10.6574%;\" width=\"231\">15<\/td>\n<\/tr>\n<tr>\n<td style=\"text-align: center; width: 8.06818%;\" width=\"71\"><b>7<\/b><\/td>\n<td style=\"text-align: center; width: 31.25%;\" width=\"343\">Dani\u0142owicz-Wasilewska Dorota<\/td>\n<td style=\"text-align: center; width: 16.2384%;\" width=\"231\">2 TMR<\/td>\n<td style=\"text-align: center; width: 10.6574%;\" width=\"231\">B103<\/td>\n<\/tr>\n<tr>\n<td style=\"text-align: center; width: 8.06818%;\" width=\"71\"><b>8<\/b><\/td>\n<td style=\"text-align: center; width: 31.25%;\" width=\"343\">Lubbe Lidia<\/td>\n<td style=\"text-align: center; width: 16.2384%;\" width=\"231\">2 TAU+TM<\/td>\n<td style=\"text-align: center; width: 10.6574%;\" width=\"231\">B102<\/td>\n<\/tr>\n<tr>\n<td style=\"text-align: center; width: 8.06818%;\" width=\"71\"><b>9<\/b><\/td>\n<td style=\"text-align: center; width: 31.25%;\" width=\"343\">Z\u0142otorzy\u0144ski Micha\u0142<\/td>\n<td style=\"text-align: center; width: 16.2384%;\" width=\"231\">2 TG + TI<\/td>\n<td style=\"text-align: center; width: 10.6574%;\" width=\"231\">103<\/td>\n<\/tr>\n<tr>\n<td style=\"text-align: center; width: 8.06818%;\" width=\"71\"><b>10<\/b><\/td>\n<td style=\"text-align: center; width: 31.25%;\" width=\"343\">Siwko Magdalena<\/td>\n<td style=\"text-align: center; width: 16.2384%;\" width=\"231\">3 TB<\/td>\n<td style=\"text-align: center; width: 10.6574%;\" width=\"231\">104<\/td>\n<\/tr>\n<tr>\n<td style=\"text-align: center; width: 8.06818%;\" width=\"71\"><b>11<\/b><\/td>\n<td style=\"text-align: center; width: 31.25%;\" width=\"343\">Baranowski Marcin<\/td>\n<td style=\"text-align: center; width: 16.2384%;\" width=\"231\">3 TMR<\/td>\n<td style=\"text-align: center; width: 10.6574%;\" width=\"231\">11<\/td>\n<\/tr>\n<tr>\n<td style=\"text-align: center; width: 8.06818%;\" width=\"71\"><b>12<\/b><\/td>\n<td style=\"text-align: center; width: 31.25%;\" width=\"343\">W\u0119cek Bogumi\u0142<\/td>\n<td style=\"text-align: center; width: 16.2384%;\" width=\"231\">3 TAU<\/td>\n<td style=\"text-align: center; width: 10.6574%;\" width=\"231\">B0<\/td>\n<\/tr>\n<tr>\n<td style=\"text-align: center; width: 8.06818%;\" width=\"71\"><b>13<\/b><\/td>\n<td style=\"text-align: center; width: 31.25%;\" width=\"343\">Kowalewska Sylwia<\/td>\n<td style=\"text-align: center; width: 16.2384%;\" width=\"231\">3 TG+TI<\/td>\n<td style=\"text-align: center; width: 10.6574%;\" width=\"231\">013<\/td>\n<\/tr>\n<tr>\n<td style=\"text-align: center; width: 8.06818%;\" width=\"71\"><b>14<\/b><\/td>\n<td style=\"text-align: center; width: 31.25%;\" width=\"343\">\u015aliwi\u0144ska Edyta<\/td>\n<td style=\"text-align: center; width: 16.2384%;\" width=\"231\">3 TEL + TM<\/td>\n<td style=\"text-align: center; width: 10.6574%;\" width=\"231\">B103<\/td>\n<\/tr>\n<tr>\n<td style=\"text-align: center; width: 8.06818%;\" width=\"71\"><b>15<\/b><\/td>\n<td style=\"text-align: center; width: 31.25%;\" width=\"343\">Zielepuza Daniel<\/td>\n<td style=\"text-align: center; width: 16.2384%;\" width=\"231\">3 TBp<\/td>\n<td style=\"text-align: center; width: 10.6574%;\" width=\"231\">13<\/td>\n<\/tr>\n<tr>\n<td style=\"text-align: center; width: 8.06818%;\" width=\"71\"><b>16<\/b><\/td>\n<td style=\"text-align: center; width: 31.25%;\" width=\"343\">\u015ali\u017cewski Wojciech<\/td>\n<td style=\"text-align: center; width: 16.2384%;\" width=\"231\">3 TMRp<\/td>\n<td style=\"text-align: center; width: 10.6574%;\" width=\"231\">B312<\/td>\n<\/tr>\n<tr>\n<td style=\"text-align: center; width: 8.06818%;\" width=\"71\"><b>17<\/b><\/td>\n<td style=\"text-align: center; width: 31.25%;\" width=\"343\">Kuczy\u0144ska Aneta<\/td>\n<td style=\"text-align: center; width: 16.2384%;\" width=\"231\">3 TAUp<\/td>\n<td style=\"text-align: center; width: 10.6574%;\" width=\"231\">B308<\/td>\n<\/tr>\n<tr>\n<td style=\"text-align: center; width: 8.06818%;\" width=\"71\"><b>18<\/b><\/td>\n<td style=\"text-align: center; width: 31.25%;\" width=\"343\">Piktel Bohdan<\/td>\n<td style=\"text-align: center; width: 16.2384%;\" width=\"231\">3 TGp+Tip<\/td>\n<td style=\"text-align: center; width: 10.6574%;\" width=\"231\">B109<\/td>\n<\/tr>\n<tr>\n<td style=\"text-align: center; width: 8.06818%;\" width=\"71\"><b>19<\/b><\/td>\n<td style=\"text-align: center; width: 31.25%;\" width=\"343\">Kowalewska Ma\u0142gorzata<\/td>\n<td style=\"text-align: center; width: 16.2384%;\" width=\"231\">3 TELp+ TMp<\/td>\n<td style=\"text-align: center; width: 10.6574%;\" width=\"231\">012<\/td>\n<\/tr>\n<tr>\n<td style=\"text-align: center; width: 8.06818%;\" width=\"71\"><b>20<\/b><\/td>\n<td style=\"text-align: center; width: 31.25%;\" width=\"343\">\u017byli\u0144ski Bartosz<\/td>\n<td style=\"text-align: center; width: 16.2384%;\" width=\"231\">4 TB<\/td>\n<td style=\"text-align: center; width: 10.6574%;\" width=\"231\">15<\/td>\n<\/tr>\n<tr>\n<td style=\"text-align: center; width: 8.06818%;\" width=\"71\"><b>21<\/b><\/td>\n<td style=\"text-align: center; width: 31.25%;\" width=\"343\">Ja\u015bkiewicz Magdalena<\/td>\n<td style=\"text-align: center; width: 16.2384%;\" width=\"231\">4 TMR<\/td>\n<td style=\"text-align: center; width: 10.6574%;\" width=\"231\">105<\/td>\n<\/tr>\n<tr>\n<td style=\"text-align: center; width: 8.06818%;\" width=\"71\"><b>22<\/b><\/td>\n<td style=\"text-align: center; width: 31.25%;\" width=\"343\">Stojanowska-Ho\u015bci\u0142owicz Aneta<\/td>\n<td style=\"text-align: center; width: 16.2384%;\" width=\"231\">4 TAU<\/td>\n<td style=\"text-align: center; width: 10.6574%;\" width=\"231\">106<\/td>\n<\/tr>\n<tr>\n<td style=\"text-align: center; width: 8.06818%;\" width=\"71\"><b>23<\/b><\/td>\n<td style=\"text-align: center; width: 31.25%;\" width=\"343\">Spudzis Marta<\/td>\n<td style=\"text-align: center; width: 16.2384%;\" width=\"231\">4 TGP<\/td>\n<td style=\"text-align: center; width: 10.6574%;\" width=\"231\">102<\/td>\n<\/tr>\n<tr>\n<td style=\"text-align: center; width: 8.06818%;\" width=\"71\"><b>24<\/b><\/td>\n<td style=\"text-align: center; width: 31.25%;\" width=\"343\">Deresz Tomasz<\/td>\n<td style=\"text-align: center; width: 16.2384%;\" width=\"231\">4 TI<\/td>\n<td style=\"text-align: center; width: 10.6574%;\" width=\"231\">B110<\/td>\n<\/tr>\n<tr>\n<td style=\"text-align: center; width: 8.06818%;\" width=\"71\"><b>25<\/b><\/td>\n<td style=\"text-align: center; width: 31.25%;\" width=\"343\">Walendzewicz Tomasz<\/td>\n<td style=\"text-align: center; width: 16.2384%;\" width=\"231\">4 TEL+TE<\/td>\n<td style=\"text-align: center; width: 10.6574%;\" width=\"231\">B204<\/td>\n<\/tr>\n<tr>\n<td style=\"text-align: center; width: 8.06818%;\" width=\"71\"><b>26<\/b><\/td>\n<td style=\"text-align: center; width: 31.25%;\" width=\"343\">Kosmowska Jolanta<\/td>\n<td style=\"text-align: center; width: 16.2384%;\" width=\"231\">4 TEO+TM<\/td>\n<td style=\"text-align: center; width: 10.6574%;\" width=\"231\">108<\/td>\n<\/tr>\n<tr>\n<td style=\"text-align: center; width: 8.06818%;\" width=\"71\"><b>27<\/b><\/td>\n<td style=\"text-align: center; width: 31.25%;\" width=\"343\">Pogorzelska Justyna<\/td>\n<td style=\"text-align: center; width: 16.2384%;\" width=\"231\">1 MZiRWB + wzA<\/td>\n<td style=\"text-align: center; width: 10.6574%;\" width=\"231\">101<\/td>\n<\/tr>\n<tr>\n<td style=\"text-align: center; width: 8.06818%;\" width=\"71\"><b>28<\/b><\/td>\n<td style=\"text-align: center; width: 31.25%;\" width=\"343\">Chmielewska Urszula<\/td>\n<td style=\"text-align: center; width: 16.2384%;\" width=\"231\">1 MMMiU + wzB<\/td>\n<td style=\"text-align: center; width: 10.6574%;\" width=\"231\">08<\/td>\n<\/tr>\n<tr>\n<td style=\"text-align: center; width: 8.06818%;\" width=\"71\"><b>29<\/b><\/td>\n<td style=\"text-align: center; width: 31.25%;\" width=\"343\">Rusanowski Szymon<\/td>\n<td style=\"text-align: center; width: 16.2384%;\" width=\"231\">1 EL+ wzC<\/td>\n<td style=\"text-align: center; width: 10.6574%;\" width=\"231\">05<\/td>\n<\/tr>\n<tr>\n<td style=\"text-align: center; width: 8.06818%;\" width=\"71\"><b>30<\/b><\/td>\n<td style=\"text-align: center; width: 31.25%;\" width=\"343\">Mr\u00f3wczy\u0144ska Jolanta<\/td>\n<td style=\"text-align: center; width: 16.2384%;\" width=\"231\">2 MZiRWB + 2 wzA<\/td>\n<td style=\"text-align: center; width: 10.6574%;\" width=\"231\">101<\/td>\n<\/tr>\n<tr>\n<td style=\"text-align: center; width: 8.06818%;\" width=\"71\"><b>31<\/b><\/td>\n<td style=\"text-align: center; width: 31.25%;\" width=\"343\">Radaszkiewicz Edyta<\/td>\n<td style=\"text-align: center; width: 16.2384%;\" width=\"231\">2 MMMiU + 2 wzB<\/td>\n<td style=\"text-align: center; width: 10.6574%;\" width=\"231\">B112<\/td>\n<\/tr>\n<tr>\n<td style=\"text-align: center; width: 8.06818%;\" width=\"71\"><b>32<\/b><\/td>\n<td style=\"text-align: center; width: 31.25%;\" width=\"343\">Rogalska-Balita Beata<\/td>\n<td style=\"text-align: center; width: 16.2384%;\" width=\"231\">2 EL+ 2 wzC<\/td>\n<td style=\"text-align: center; width: 10.6574%;\" width=\"231\">B211<\/td>\n<\/tr>\n<tr>\n<td style=\"text-align: center; width: 8.06818%;\" width=\"71\"><b>33<\/b><\/td>\n<td style=\"text-align: center; width: 31.25%;\" width=\"343\">G\u0142o\u015bny Gerard<\/td>\n<td style=\"text-align: center; width: 16.2384%;\" width=\"231\">3 MZ + WzA<\/td>\n<td style=\"text-align: center; width: 10.6574%;\" width=\"231\">B210<\/td>\n<\/tr>\n<tr>\n<td style=\"text-align: center; width: 8.06818%;\" width=\"71\"><b>34<\/b><\/td>\n<td style=\"text-align: center; width: 31.25%;\" width=\"343\">Kalejta Henryk<\/td>\n<td style=\"text-align: center; width: 16.2384%;\" width=\"231\">3 MM + WzB<\/td>\n<td style=\"text-align: center; width: 10.6574%;\" width=\"231\">202<\/td>\n<\/tr>\n<tr>\n<td style=\"text-align: center; width: 8.06818%;\" width=\"71\"><b>35<\/b><\/td>\n<td style=\"text-align: center; width: 31.25%;\" width=\"343\">Lisowska Anna<\/td>\n<td style=\"text-align: center; width: 16.2384%;\" width=\"231\">3 WzC<\/td>\n<td style=\"text-align: center; width: 10.6574%;\" width=\"231\">B101<\/td>\n<\/tr>\n<tr>\n<td style=\"text-align: center; width: 8.06818%;\" width=\"71\"><b>36<\/b><\/td>\n<td style=\"text-align: center; width: 31.25%;\" width=\"343\">Stefanowska-Jachimowicz Gra\u017cyna<\/td>\n<td style=\"text-align: center; width: 16.2384%;\" width=\"231\">3 MZp+ WzAp<\/td>\n<td style=\"text-align: center; width: 10.6574%;\" width=\"231\">B212<\/td>\n<\/tr>\n<tr>\n<td style=\"text-align: center; width: 8.06818%;\" width=\"71\"><b>37<\/b><\/td>\n<td style=\"text-align: center; width: 31.25%;\" width=\"343\">Wasilewski Leszek<\/td>\n<td style=\"text-align: center; width: 16.2384%;\" width=\"231\">3 MMp + WzBp<\/td>\n<td style=\"text-align: center; width: 10.6574%;\" width=\"231\">206<\/td>\n<\/tr>\n<tr>\n<td style=\"text-align: center; width: 8.06818%;\" width=\"71\"><b>38<\/b><\/td>\n<td style=\"text-align: center; width: 31.25%;\" width=\"343\">Remiszko Lech<\/td>\n<td style=\"text-align: center; width: 16.2384%;\" width=\"231\">3 WzCp<\/td>\n<td style=\"text-align: center; width: 10.6574%;\" width=\"231\">05<\/td>\n<\/tr>\n<\/tbody>\n<\/table>\n<p>&nbsp;<\/p>\n<p>&nbsp;<\/p>\n<p>&nbsp;<\/p>\n","protected":false},"excerpt":{"rendered":"<p>Rozpocz\u0119cie roku szkolnego 2021\/2022:<\/p>\n","protected":false},"author":1,"featured_media":6446,"comment_status":"closed","ping_status":"open","sticky":false,"template":"","format":"standard","meta":{"_crdt_document":"","footnotes":""},"categories":[38,3],"tags":[],"class_list":["post-6438","post","type-post","status-publish","format-standard","has-post-thumbnail","hentry","category-ogloszenia-i-komunikaty","category-szkola"],"yoast_head":"<!-- This site is optimized with the Yoast SEO plugin v27.5 - https:\/\/yoast.com\/product\/yoast-seo-wordpress\/ -->\n<title>Rozpocz\u0119cie roku szkolnego 2021\/2022 - Zesp\u00f3\u0142 Szk\u00f3\u0142 Technicznych w Suwa\u0142kach<\/title>\n<meta name=\"robots\" content=\"index, follow, max-snippet:-1, max-image-preview:large, max-video-preview:-1\" \/>\n<link rel=\"canonical\" href=\"https:\/\/www.zst.suwalki.pl\/www\/rozpoczecie-roku-szkolnego-2021-2022\/\" \/>\n<meta property=\"og:locale\" content=\"pl_PL\" \/>\n<meta property=\"og:type\" content=\"article\" \/>\n<meta property=\"og:title\" content=\"Rozpocz\u0119cie roku szkolnego 2021\/2022 - Zesp\u00f3\u0142 Szk\u00f3\u0142 Technicznych w Suwa\u0142kach\" \/>\n<meta property=\"og:description\" content=\"Rozpocz\u0119cie roku szkolnego 2021\/2022:\" \/>\n<meta property=\"og:url\" content=\"https:\/\/www.zst.suwalki.pl\/www\/rozpoczecie-roku-szkolnego-2021-2022\/\" \/>\n<meta property=\"og:site_name\" content=\"Zesp\u00f3\u0142 Szk\u00f3\u0142 Technicznych w Suwa\u0142kach\" \/>\n<meta property=\"article:publisher\" content=\"https:\/\/www.facebook.com\/zstwsuwalkach\" \/>\n<meta property=\"article:published_time\" content=\"2021-08-31T04:48:28+00:00\" \/>\n<meta property=\"article:modified_time\" content=\"2021-09-11T10:45:35+00:00\" \/>\n<meta property=\"og:image\" content=\"https:\/\/www.zst.suwalki.pl\/www\/wp-content\/uploads\/2021\/09\/Witaj-szkolo.jpg\" \/>\n\t<meta property=\"og:image:width\" content=\"1230\" \/>\n\t<meta property=\"og:image:height\" content=\"300\" \/>\n\t<meta property=\"og:image:type\" content=\"image\/jpeg\" \/>\n<meta name=\"author\" content=\"Tomasz Deresz\" \/>\n<meta name=\"twitter:card\" content=\"summary_large_image\" \/>\n<meta name=\"twitter:label1\" content=\"Napisane przez\" \/>\n\t<meta name=\"twitter:data1\" content=\"Tomasz Deresz\" \/>\n\t<meta name=\"twitter:label2\" content=\"Szacowany czas czytania\" \/>\n\t<meta name=\"twitter:data2\" content=\"2 minuty\" \/>\n<script type=\"application\/ld+json\" class=\"yoast-schema-graph\">{\"@context\":\"https:\\\/\\\/schema.org\",\"@graph\":[{\"@type\":\"Article\",\"@id\":\"https:\\\/\\\/www.zst.suwalki.pl\\\/www\\\/rozpoczecie-roku-szkolnego-2021-2022\\\/#article\",\"isPartOf\":{\"@id\":\"https:\\\/\\\/www.zst.suwalki.pl\\\/www\\\/rozpoczecie-roku-szkolnego-2021-2022\\\/\"},\"author\":{\"name\":\"Tomasz Deresz\",\"@id\":\"https:\\\/\\\/www.zst.suwalki.pl\\\/www\\\/#\\\/schema\\\/person\\\/a693916fbc90629c6c30effca66fe605\"},\"headline\":\"Rozpocz\u0119cie roku szkolnego 2021\\\/2022\",\"datePublished\":\"2021-08-31T04:48:28+00:00\",\"dateModified\":\"2021-09-11T10:45:35+00:00\",\"mainEntityOfPage\":{\"@id\":\"https:\\\/\\\/www.zst.suwalki.pl\\\/www\\\/rozpoczecie-roku-szkolnego-2021-2022\\\/\"},\"wordCount\":237,\"publisher\":{\"@id\":\"https:\\\/\\\/www.zst.suwalki.pl\\\/www\\\/#organization\"},\"image\":{\"@id\":\"https:\\\/\\\/www.zst.suwalki.pl\\\/www\\\/rozpoczecie-roku-szkolnego-2021-2022\\\/#primaryimage\"},\"thumbnailUrl\":\"https:\\\/\\\/www.zst.suwalki.pl\\\/www\\\/wp-content\\\/uploads\\\/2021\\\/09\\\/Witaj-szkolo.jpg\",\"articleSection\":[\"Og\u0142oszenia i komunikaty\",\"Szko\u0142a\"],\"inLanguage\":\"pl-PL\"},{\"@type\":\"WebPage\",\"@id\":\"https:\\\/\\\/www.zst.suwalki.pl\\\/www\\\/rozpoczecie-roku-szkolnego-2021-2022\\\/\",\"url\":\"https:\\\/\\\/www.zst.suwalki.pl\\\/www\\\/rozpoczecie-roku-szkolnego-2021-2022\\\/\",\"name\":\"Rozpocz\u0119cie roku szkolnego 2021\\\/2022 - Zesp\u00f3\u0142 Szk\u00f3\u0142 Technicznych w Suwa\u0142kach\",\"isPartOf\":{\"@id\":\"https:\\\/\\\/www.zst.suwalki.pl\\\/www\\\/#website\"},\"primaryImageOfPage\":{\"@id\":\"https:\\\/\\\/www.zst.suwalki.pl\\\/www\\\/rozpoczecie-roku-szkolnego-2021-2022\\\/#primaryimage\"},\"image\":{\"@id\":\"https:\\\/\\\/www.zst.suwalki.pl\\\/www\\\/rozpoczecie-roku-szkolnego-2021-2022\\\/#primaryimage\"},\"thumbnailUrl\":\"https:\\\/\\\/www.zst.suwalki.pl\\\/www\\\/wp-content\\\/uploads\\\/2021\\\/09\\\/Witaj-szkolo.jpg\",\"datePublished\":\"2021-08-31T04:48:28+00:00\",\"dateModified\":\"2021-09-11T10:45:35+00:00\",\"breadcrumb\":{\"@id\":\"https:\\\/\\\/www.zst.suwalki.pl\\\/www\\\/rozpoczecie-roku-szkolnego-2021-2022\\\/#breadcrumb\"},\"inLanguage\":\"pl-PL\",\"potentialAction\":[{\"@type\":\"ReadAction\",\"target\":[\"https:\\\/\\\/www.zst.suwalki.pl\\\/www\\\/rozpoczecie-roku-szkolnego-2021-2022\\\/\"]}]},{\"@type\":\"ImageObject\",\"inLanguage\":\"pl-PL\",\"@id\":\"https:\\\/\\\/www.zst.suwalki.pl\\\/www\\\/rozpoczecie-roku-szkolnego-2021-2022\\\/#primaryimage\",\"url\":\"https:\\\/\\\/www.zst.suwalki.pl\\\/www\\\/wp-content\\\/uploads\\\/2021\\\/09\\\/Witaj-szkolo.jpg\",\"contentUrl\":\"https:\\\/\\\/www.zst.suwalki.pl\\\/www\\\/wp-content\\\/uploads\\\/2021\\\/09\\\/Witaj-szkolo.jpg\",\"width\":1230,\"height\":300},{\"@type\":\"BreadcrumbList\",\"@id\":\"https:\\\/\\\/www.zst.suwalki.pl\\\/www\\\/rozpoczecie-roku-szkolnego-2021-2022\\\/#breadcrumb\",\"itemListElement\":[{\"@type\":\"ListItem\",\"position\":1,\"name\":\"Strona g\u0142\u00f3wna\",\"item\":\"https:\\\/\\\/www.zst.suwalki.pl\\\/www\\\/\"},{\"@type\":\"ListItem\",\"position\":2,\"name\":\"Rozpocz\u0119cie roku szkolnego 2021\\\/2022\"}]},{\"@type\":\"WebSite\",\"@id\":\"https:\\\/\\\/www.zst.suwalki.pl\\\/www\\\/#website\",\"url\":\"https:\\\/\\\/www.zst.suwalki.pl\\\/www\\\/\",\"name\":\"Zesp\u00f3\u0142 Szk\u00f3\u0142 Technicznych w Suwa\u0142kach\",\"description\":\"technikum, suwa\u0142ki, mechatronik, informatyk, teleinformatyk, budownictwo, elektryk, mechanik, monter, fryzjer, cukiernik, grafik,\",\"publisher\":{\"@id\":\"https:\\\/\\\/www.zst.suwalki.pl\\\/www\\\/#organization\"},\"potentialAction\":[{\"@type\":\"SearchAction\",\"target\":{\"@type\":\"EntryPoint\",\"urlTemplate\":\"https:\\\/\\\/www.zst.suwalki.pl\\\/www\\\/?s={search_term_string}\"},\"query-input\":{\"@type\":\"PropertyValueSpecification\",\"valueRequired\":true,\"valueName\":\"search_term_string\"}}],\"inLanguage\":\"pl-PL\"},{\"@type\":\"Organization\",\"@id\":\"https:\\\/\\\/www.zst.suwalki.pl\\\/www\\\/#organization\",\"name\":\"Zesp\u00f3\u0142 Szk\u00f3\u0142 Technicznych w Suwa\u0142kach\",\"url\":\"https:\\\/\\\/www.zst.suwalki.pl\\\/www\\\/\",\"logo\":{\"@type\":\"ImageObject\",\"inLanguage\":\"pl-PL\",\"@id\":\"https:\\\/\\\/www.zst.suwalki.pl\\\/www\\\/#\\\/schema\\\/logo\\\/image\\\/\",\"url\":\"https:\\\/\\\/www.zst.suwalki.pl\\\/www\\\/wp-content\\\/uploads\\\/2019\\\/01\\\/cropped-banner_logo_zst.png\",\"contentUrl\":\"https:\\\/\\\/www.zst.suwalki.pl\\\/www\\\/wp-content\\\/uploads\\\/2019\\\/01\\\/cropped-banner_logo_zst.png\",\"width\":290,\"height\":70,\"caption\":\"Zesp\u00f3\u0142 Szk\u00f3\u0142 Technicznych w Suwa\u0142kach\"},\"image\":{\"@id\":\"https:\\\/\\\/www.zst.suwalki.pl\\\/www\\\/#\\\/schema\\\/logo\\\/image\\\/\"},\"sameAs\":[\"https:\\\/\\\/www.facebook.com\\\/zstwsuwalkach\"]},{\"@type\":\"Person\",\"@id\":\"https:\\\/\\\/www.zst.suwalki.pl\\\/www\\\/#\\\/schema\\\/person\\\/a693916fbc90629c6c30effca66fe605\",\"name\":\"Tomasz Deresz\",\"image\":{\"@type\":\"ImageObject\",\"inLanguage\":\"pl-PL\",\"@id\":\"https:\\\/\\\/secure.gravatar.com\\\/avatar\\\/ca6c0c988daa8a591856abfc4246eb9a06085f661c1370f2187d4efb3ccc4604?s=96&d=mm&r=g\",\"url\":\"https:\\\/\\\/secure.gravatar.com\\\/avatar\\\/ca6c0c988daa8a591856abfc4246eb9a06085f661c1370f2187d4efb3ccc4604?s=96&d=mm&r=g\",\"contentUrl\":\"https:\\\/\\\/secure.gravatar.com\\\/avatar\\\/ca6c0c988daa8a591856abfc4246eb9a06085f661c1370f2187d4efb3ccc4604?s=96&d=mm&r=g\",\"caption\":\"Tomasz Deresz\"},\"url\":\"https:\\\/\\\/www.zst.suwalki.pl\\\/www\\\/author\\\/tomy\\\/\"}]}<\/script>\n<!-- \/ Yoast SEO plugin. -->","yoast_head_json":{"title":"Rozpocz\u0119cie roku szkolnego 2021\/2022 - Zesp\u00f3\u0142 Szk\u00f3\u0142 Technicznych w Suwa\u0142kach","robots":{"index":"index","follow":"follow","max-snippet":"max-snippet:-1","max-image-preview":"max-image-preview:large","max-video-preview":"max-video-preview:-1"},"canonical":"https:\/\/www.zst.suwalki.pl\/www\/rozpoczecie-roku-szkolnego-2021-2022\/","og_locale":"pl_PL","og_type":"article","og_title":"Rozpocz\u0119cie roku szkolnego 2021\/2022 - Zesp\u00f3\u0142 Szk\u00f3\u0142 Technicznych w Suwa\u0142kach","og_description":"Rozpocz\u0119cie roku szkolnego 2021\/2022:","og_url":"https:\/\/www.zst.suwalki.pl\/www\/rozpoczecie-roku-szkolnego-2021-2022\/","og_site_name":"Zesp\u00f3\u0142 Szk\u00f3\u0142 Technicznych w Suwa\u0142kach","article_publisher":"https:\/\/www.facebook.com\/zstwsuwalkach","article_published_time":"2021-08-31T04:48:28+00:00","article_modified_time":"2021-09-11T10:45:35+00:00","og_image":[{"width":1230,"height":300,"url":"https:\/\/www.zst.suwalki.pl\/www\/wp-content\/uploads\/2021\/09\/Witaj-szkolo.jpg","type":"image\/jpeg"}],"author":"Tomasz Deresz","twitter_card":"summary_large_image","twitter_misc":{"Napisane przez":"Tomasz Deresz","Szacowany czas czytania":"2 minuty"},"schema":{"@context":"https:\/\/schema.org","@graph":[{"@type":"Article","@id":"https:\/\/www.zst.suwalki.pl\/www\/rozpoczecie-roku-szkolnego-2021-2022\/#article","isPartOf":{"@id":"https:\/\/www.zst.suwalki.pl\/www\/rozpoczecie-roku-szkolnego-2021-2022\/"},"author":{"name":"Tomasz Deresz","@id":"https:\/\/www.zst.suwalki.pl\/www\/#\/schema\/person\/a693916fbc90629c6c30effca66fe605"},"headline":"Rozpocz\u0119cie roku szkolnego 2021\/2022","datePublished":"2021-08-31T04:48:28+00:00","dateModified":"2021-09-11T10:45:35+00:00","mainEntityOfPage":{"@id":"https:\/\/www.zst.suwalki.pl\/www\/rozpoczecie-roku-szkolnego-2021-2022\/"},"wordCount":237,"publisher":{"@id":"https:\/\/www.zst.suwalki.pl\/www\/#organization"},"image":{"@id":"https:\/\/www.zst.suwalki.pl\/www\/rozpoczecie-roku-szkolnego-2021-2022\/#primaryimage"},"thumbnailUrl":"https:\/\/www.zst.suwalki.pl\/www\/wp-content\/uploads\/2021\/09\/Witaj-szkolo.jpg","articleSection":["Og\u0142oszenia i komunikaty","Szko\u0142a"],"inLanguage":"pl-PL"},{"@type":"WebPage","@id":"https:\/\/www.zst.suwalki.pl\/www\/rozpoczecie-roku-szkolnego-2021-2022\/","url":"https:\/\/www.zst.suwalki.pl\/www\/rozpoczecie-roku-szkolnego-2021-2022\/","name":"Rozpocz\u0119cie roku szkolnego 2021\/2022 - Zesp\u00f3\u0142 Szk\u00f3\u0142 Technicznych w Suwa\u0142kach","isPartOf":{"@id":"https:\/\/www.zst.suwalki.pl\/www\/#website"},"primaryImageOfPage":{"@id":"https:\/\/www.zst.suwalki.pl\/www\/rozpoczecie-roku-szkolnego-2021-2022\/#primaryimage"},"image":{"@id":"https:\/\/www.zst.suwalki.pl\/www\/rozpoczecie-roku-szkolnego-2021-2022\/#primaryimage"},"thumbnailUrl":"https:\/\/www.zst.suwalki.pl\/www\/wp-content\/uploads\/2021\/09\/Witaj-szkolo.jpg","datePublished":"2021-08-31T04:48:28+00:00","dateModified":"2021-09-11T10:45:35+00:00","breadcrumb":{"@id":"https:\/\/www.zst.suwalki.pl\/www\/rozpoczecie-roku-szkolnego-2021-2022\/#breadcrumb"},"inLanguage":"pl-PL","potentialAction":[{"@type":"ReadAction","target":["https:\/\/www.zst.suwalki.pl\/www\/rozpoczecie-roku-szkolnego-2021-2022\/"]}]},{"@type":"ImageObject","inLanguage":"pl-PL","@id":"https:\/\/www.zst.suwalki.pl\/www\/rozpoczecie-roku-szkolnego-2021-2022\/#primaryimage","url":"https:\/\/www.zst.suwalki.pl\/www\/wp-content\/uploads\/2021\/09\/Witaj-szkolo.jpg","contentUrl":"https:\/\/www.zst.suwalki.pl\/www\/wp-content\/uploads\/2021\/09\/Witaj-szkolo.jpg","width":1230,"height":300},{"@type":"BreadcrumbList","@id":"https:\/\/www.zst.suwalki.pl\/www\/rozpoczecie-roku-szkolnego-2021-2022\/#breadcrumb","itemListElement":[{"@type":"ListItem","position":1,"name":"Strona g\u0142\u00f3wna","item":"https:\/\/www.zst.suwalki.pl\/www\/"},{"@type":"ListItem","position":2,"name":"Rozpocz\u0119cie roku szkolnego 2021\/2022"}]},{"@type":"WebSite","@id":"https:\/\/www.zst.suwalki.pl\/www\/#website","url":"https:\/\/www.zst.suwalki.pl\/www\/","name":"Zesp\u00f3\u0142 Szk\u00f3\u0142 Technicznych w Suwa\u0142kach","description":"technikum, suwa\u0142ki, mechatronik, informatyk, teleinformatyk, budownictwo, elektryk, mechanik, monter, fryzjer, cukiernik, grafik,","publisher":{"@id":"https:\/\/www.zst.suwalki.pl\/www\/#organization"},"potentialAction":[{"@type":"SearchAction","target":{"@type":"EntryPoint","urlTemplate":"https:\/\/www.zst.suwalki.pl\/www\/?s={search_term_string}"},"query-input":{"@type":"PropertyValueSpecification","valueRequired":true,"valueName":"search_term_string"}}],"inLanguage":"pl-PL"},{"@type":"Organization","@id":"https:\/\/www.zst.suwalki.pl\/www\/#organization","name":"Zesp\u00f3\u0142 Szk\u00f3\u0142 Technicznych w Suwa\u0142kach","url":"https:\/\/www.zst.suwalki.pl\/www\/","logo":{"@type":"ImageObject","inLanguage":"pl-PL","@id":"https:\/\/www.zst.suwalki.pl\/www\/#\/schema\/logo\/image\/","url":"https:\/\/www.zst.suwalki.pl\/www\/wp-content\/uploads\/2019\/01\/cropped-banner_logo_zst.png","contentUrl":"https:\/\/www.zst.suwalki.pl\/www\/wp-content\/uploads\/2019\/01\/cropped-banner_logo_zst.png","width":290,"height":70,"caption":"Zesp\u00f3\u0142 Szk\u00f3\u0142 Technicznych w Suwa\u0142kach"},"image":{"@id":"https:\/\/www.zst.suwalki.pl\/www\/#\/schema\/logo\/image\/"},"sameAs":["https:\/\/www.facebook.com\/zstwsuwalkach"]},{"@type":"Person","@id":"https:\/\/www.zst.suwalki.pl\/www\/#\/schema\/person\/a693916fbc90629c6c30effca66fe605","name":"Tomasz Deresz","image":{"@type":"ImageObject","inLanguage":"pl-PL","@id":"https:\/\/secure.gravatar.com\/avatar\/ca6c0c988daa8a591856abfc4246eb9a06085f661c1370f2187d4efb3ccc4604?s=96&d=mm&r=g","url":"https:\/\/secure.gravatar.com\/avatar\/ca6c0c988daa8a591856abfc4246eb9a06085f661c1370f2187d4efb3ccc4604?s=96&d=mm&r=g","contentUrl":"https:\/\/secure.gravatar.com\/avatar\/ca6c0c988daa8a591856abfc4246eb9a06085f661c1370f2187d4efb3ccc4604?s=96&d=mm&r=g","caption":"Tomasz Deresz"},"url":"https:\/\/www.zst.suwalki.pl\/www\/author\/tomy\/"}]}},"_links":{"self":[{"href":"https:\/\/www.zst.suwalki.pl\/www\/wp-json\/wp\/v2\/posts\/6438","targetHints":{"allow":["GET"]}}],"collection":[{"href":"https:\/\/www.zst.suwalki.pl\/www\/wp-json\/wp\/v2\/posts"}],"about":[{"href":"https:\/\/www.zst.suwalki.pl\/www\/wp-json\/wp\/v2\/types\/post"}],"author":[{"embeddable":true,"href":"https:\/\/www.zst.suwalki.pl\/www\/wp-json\/wp\/v2\/users\/1"}],"replies":[{"embeddable":true,"href":"https:\/\/www.zst.suwalki.pl\/www\/wp-json\/wp\/v2\/comments?post=6438"}],"version-history":[{"count":7,"href":"https:\/\/www.zst.suwalki.pl\/www\/wp-json\/wp\/v2\/posts\/6438\/revisions"}],"predecessor-version":[{"id":6468,"href":"https:\/\/www.zst.suwalki.pl\/www\/wp-json\/wp\/v2\/posts\/6438\/revisions\/6468"}],"wp:featuredmedia":[{"embeddable":true,"href":"https:\/\/www.zst.suwalki.pl\/www\/wp-json\/wp\/v2\/media\/6446"}],"wp:attachment":[{"href":"https:\/\/www.zst.suwalki.pl\/www\/wp-json\/wp\/v2\/media?parent=6438"}],"wp:term":[{"taxonomy":"category","embeddable":true,"href":"https:\/\/www.zst.suwalki.pl\/www\/wp-json\/wp\/v2\/categories?post=6438"},{"taxonomy":"post_tag","embeddable":true,"href":"https:\/\/www.zst.suwalki.pl\/www\/wp-json\/wp\/v2\/tags?post=6438"}],"curies":[{"name":"wp","href":"https:\/\/api.w.org\/{rel}","templated":true}]}}