{"id":6449,"date":"2021-09-09T10:14:34","date_gmt":"2021-09-09T08:14:34","guid":{"rendered":"https:\/\/www.zst.suwalki.pl\/www\/?p=6449"},"modified":"2021-09-11T12:44:01","modified_gmt":"2021-09-11T10:44:01","slug":"zebrania-z-rodzicami-klas-pierwszych","status":"publish","type":"post","link":"https:\/\/www.zst.suwalki.pl\/www\/zebrania-z-rodzicami-klas-pierwszych\/","title":{"rendered":"Zebrania z rodzicami klas pierwszych"},"content":{"rendered":"<p>Zapraszamy rodzic\u00f3w uczni\u00f3w z klas pierwszych na zebranie wg. poni\u017cszego harmonogramu:<\/p>\n<p><!--more--><\/p>\n<table style=\"width: 100%;\" border=\"1\" width=\"0\">\n<tbody>\n<tr>\n<td style=\"text-align: center; width: 37.8947%;\" width=\"293\"><strong>Klasa<\/strong><\/td>\n<td style=\"text-align: center; width: 31.2281%;\" width=\"132\"><strong>Wychowawca<\/strong><\/td>\n<td style=\"text-align: center; width: 8.07018%;\" width=\"66\"><strong>Nr sali<\/strong><\/td>\n<td style=\"text-align: center; width: 156.612%;\" width=\"198\"><strong>Termin spotkania<\/strong><\/td>\n<\/tr>\n<tr>\n<td style=\"text-align: center; width: 37.8947%;\" width=\"293\">1 technik grafiki i poligrafii cyfrowej\u00a0 (1 TG)<\/td>\n<td style=\"text-align: center; width: 31.2281%;\" width=\"132\">A. Bogucka<\/td>\n<td style=\"text-align: center; width: 8.07018%;\" width=\"66\">004<\/td>\n<td style=\"text-align: center; width: 156.612%;\" width=\"198\">14.09.2021 r.,\u00a0 godz. 17:00<\/td>\n<\/tr>\n<tr>\n<td style=\"text-align: center; width: 37.8947%;\" width=\"293\">1 technik teleinformatyk (1 TI)<\/td>\n<td style=\"text-align: center; width: 31.2281%;\" width=\"132\">M. Chmielewska<\/td>\n<td style=\"text-align: center; width: 8.07018%;\" width=\"66\">202<\/td>\n<td style=\"text-align: center; width: 156.612%;\" width=\"198\">14.09.2021 r., godz. 17:00<\/td>\n<\/tr>\n<tr>\n<td style=\"text-align: center; width: 37.8947%;\" width=\"293\">1 technik mechatronik (1 TMR)<\/td>\n<td style=\"text-align: center; width: 31.2281%;\" width=\"132\">K. Ku\u015b-Tomkiewicz<\/td>\n<td style=\"text-align: center; width: 8.07018%;\" width=\"66\">004<\/td>\n<td style=\"text-align: center; width: 156.612%;\" width=\"198\">13.09.2021 r., godz. 17:00<\/td>\n<\/tr>\n<tr>\n<td style=\"text-align: center; width: 37.8947%;\" width=\"293\">1 technik automatyk (1 TA)<\/td>\n<td style=\"text-align: center; width: 31.2281%;\" rowspan=\"2\" width=\"132\">P. Raczkowski<\/td>\n<td style=\"text-align: center; width: 8.07018%;\" rowspan=\"2\" width=\"66\">103<\/td>\n<td style=\"text-align: center; width: 156.612%;\" rowspan=\"2\" width=\"198\">14.09.2021 r., godz. 17:00<\/td>\n<\/tr>\n<tr>\n<td style=\"text-align: center; width: 37.8947%;\" width=\"293\">1 technik mechanik (1 TM)<\/td>\n<\/tr>\n<tr>\n<td style=\"text-align: center; width: 37.8947%;\" width=\"293\">1 technik budownictwa (1 TB)<\/td>\n<td style=\"text-align: center; width: 31.2281%;\" width=\"132\">M. Bielecka<\/td>\n<td style=\"text-align: center; width: 8.07018%;\" width=\"66\">201<\/td>\n<td style=\"text-align: center; width: 156.612%;\" width=\"198\">13.09.2021 r., godz. 16:30<\/td>\n<\/tr>\n<tr>\n<td style=\"text-align: center; width: 37.8947%;\" width=\"293\">1 monter zabudowy i rob\u00f3t wyko\u0144czeniowych (1 MZ)<\/td>\n<td style=\"text-align: center; width: 31.2281%;\" rowspan=\"2\" width=\"132\">J. Pogorzelska<\/td>\n<td style=\"text-align: center; width: 8.07018%;\" rowspan=\"2\" width=\"66\">101<\/td>\n<td style=\"text-align: center; width: 156.612%;\" rowspan=\"2\" width=\"198\">13.09.2021 r., godz. 16:30<\/td>\n<\/tr>\n<tr>\n<td style=\"text-align: center; width: 37.8947%;\" width=\"293\">1 wielozawodowa A (1 wzA)<\/td>\n<\/tr>\n<tr>\n<td style=\"text-align: center; width: 37.8947%;\" width=\"293\">1 monter mechanik (1 MM)<\/td>\n<td style=\"text-align: center; width: 31.2281%;\" rowspan=\"2\" width=\"132\">U. Chmielewska<\/td>\n<td style=\"text-align: center; width: 8.07018%;\" rowspan=\"2\" width=\"66\">08<\/td>\n<td style=\"text-align: center; width: 156.612%;\" rowspan=\"2\" width=\"198\">14.09.2021 r., godz. 17:00<\/td>\n<\/tr>\n<tr>\n<td style=\"text-align: center; width: 37.8947%;\" width=\"293\">1 wielozawodowa B (1 wzB)<\/td>\n<\/tr>\n<tr>\n<td style=\"text-align: center; width: 37.8947%;\" width=\"293\">1 elektryk (1 EL)<\/td>\n<td style=\"text-align: center; width: 31.2281%;\" rowspan=\"2\" width=\"132\">Sz. Rusanowski<\/td>\n<td style=\"text-align: center; width: 8.07018%;\" rowspan=\"2\" width=\"66\">05<\/td>\n<td style=\"text-align: center; width: 156.612%;\" rowspan=\"2\" width=\"198\">\u00a013.09.2021 r., godz. 16:30<\/td>\n<\/tr>\n<tr>\n<td style=\"text-align: center; width: 37.8947%;\" width=\"293\">1 wielozawodowa C (1 wzC)<\/td>\n<\/tr>\n<\/tbody>\n<\/table>\n","protected":false},"excerpt":{"rendered":"<p>Zapraszamy rodzic\u00f3w uczni\u00f3w z klas pierwszych na zebranie wg. poni\u017cszego harmonogramu:<\/p>\n","protected":false},"author":1,"featured_media":6455,"comment_status":"closed","ping_status":"open","sticky":false,"template":"","format":"standard","meta":{"_crdt_document":"","footnotes":""},"categories":[38,3],"tags":[39,6],"class_list":["post-6449","post","type-post","status-publish","format-standard","has-post-thumbnail","hentry","category-ogloszenia-i-komunikaty","category-szkola","tag-ogloszenia-i-komunikaty","tag-szkola"],"yoast_head":"<!-- This site is optimized with the Yoast SEO plugin v27.5 - https:\/\/yoast.com\/product\/yoast-seo-wordpress\/ -->\n<title>Zebrania z rodzicami klas pierwszych - Zesp\u00f3\u0142 Szk\u00f3\u0142 Technicznych w Suwa\u0142kach<\/title>\n<meta name=\"robots\" content=\"index, follow, max-snippet:-1, max-image-preview:large, max-video-preview:-1\" \/>\n<link rel=\"canonical\" href=\"https:\/\/www.zst.suwalki.pl\/www\/zebrania-z-rodzicami-klas-pierwszych\/\" \/>\n<meta property=\"og:locale\" content=\"pl_PL\" \/>\n<meta property=\"og:type\" content=\"article\" \/>\n<meta property=\"og:title\" content=\"Zebrania z rodzicami klas pierwszych - Zesp\u00f3\u0142 Szk\u00f3\u0142 Technicznych w Suwa\u0142kach\" \/>\n<meta property=\"og:description\" content=\"Zapraszamy rodzic\u00f3w uczni\u00f3w z klas pierwszych na zebranie wg. poni\u017cszego harmonogramu:\" \/>\n<meta property=\"og:url\" content=\"https:\/\/www.zst.suwalki.pl\/www\/zebrania-z-rodzicami-klas-pierwszych\/\" \/>\n<meta property=\"og:site_name\" content=\"Zesp\u00f3\u0142 Szk\u00f3\u0142 Technicznych w Suwa\u0142kach\" \/>\n<meta property=\"article:publisher\" content=\"https:\/\/www.facebook.com\/zstwsuwalkach\" \/>\n<meta property=\"article:published_time\" content=\"2021-09-09T08:14:34+00:00\" \/>\n<meta property=\"article:modified_time\" content=\"2021-09-11T10:44:01+00:00\" \/>\n<meta property=\"og:image\" content=\"https:\/\/www.zst.suwalki.pl\/www\/wp-content\/uploads\/2021\/09\/kalendarz_male.jpg\" \/>\n\t<meta property=\"og:image:width\" content=\"960\" \/>\n\t<meta property=\"og:image:height\" content=\"643\" \/>\n\t<meta property=\"og:image:type\" content=\"image\/jpeg\" \/>\n<meta name=\"author\" content=\"Tomasz Deresz\" \/>\n<meta name=\"twitter:card\" content=\"summary_large_image\" \/>\n<meta name=\"twitter:label1\" content=\"Napisane przez\" \/>\n\t<meta name=\"twitter:data1\" content=\"Tomasz Deresz\" \/>\n\t<meta name=\"twitter:label2\" content=\"Szacowany czas czytania\" \/>\n\t<meta name=\"twitter:data2\" content=\"1 minuta\" \/>\n<script type=\"application\/ld+json\" class=\"yoast-schema-graph\">{\"@context\":\"https:\\\/\\\/schema.org\",\"@graph\":[{\"@type\":\"Article\",\"@id\":\"https:\\\/\\\/www.zst.suwalki.pl\\\/www\\\/zebrania-z-rodzicami-klas-pierwszych\\\/#article\",\"isPartOf\":{\"@id\":\"https:\\\/\\\/www.zst.suwalki.pl\\\/www\\\/zebrania-z-rodzicami-klas-pierwszych\\\/\"},\"author\":{\"name\":\"Tomasz Deresz\",\"@id\":\"https:\\\/\\\/www.zst.suwalki.pl\\\/www\\\/#\\\/schema\\\/person\\\/a693916fbc90629c6c30effca66fe605\"},\"headline\":\"Zebrania z rodzicami klas pierwszych\",\"datePublished\":\"2021-09-09T08:14:34+00:00\",\"dateModified\":\"2021-09-11T10:44:01+00:00\",\"mainEntityOfPage\":{\"@id\":\"https:\\\/\\\/www.zst.suwalki.pl\\\/www\\\/zebrania-z-rodzicami-klas-pierwszych\\\/\"},\"wordCount\":101,\"publisher\":{\"@id\":\"https:\\\/\\\/www.zst.suwalki.pl\\\/www\\\/#organization\"},\"image\":{\"@id\":\"https:\\\/\\\/www.zst.suwalki.pl\\\/www\\\/zebrania-z-rodzicami-klas-pierwszych\\\/#primaryimage\"},\"thumbnailUrl\":\"https:\\\/\\\/www.zst.suwalki.pl\\\/www\\\/wp-content\\\/uploads\\\/2021\\\/09\\\/kalendarz_male.jpg\",\"keywords\":[\"og\u0142oszenia i komunikaty\",\"szko\u0142a\"],\"articleSection\":[\"Og\u0142oszenia i komunikaty\",\"Szko\u0142a\"],\"inLanguage\":\"pl-PL\"},{\"@type\":\"WebPage\",\"@id\":\"https:\\\/\\\/www.zst.suwalki.pl\\\/www\\\/zebrania-z-rodzicami-klas-pierwszych\\\/\",\"url\":\"https:\\\/\\\/www.zst.suwalki.pl\\\/www\\\/zebrania-z-rodzicami-klas-pierwszych\\\/\",\"name\":\"Zebrania z rodzicami klas pierwszych - Zesp\u00f3\u0142 Szk\u00f3\u0142 Technicznych w Suwa\u0142kach\",\"isPartOf\":{\"@id\":\"https:\\\/\\\/www.zst.suwalki.pl\\\/www\\\/#website\"},\"primaryImageOfPage\":{\"@id\":\"https:\\\/\\\/www.zst.suwalki.pl\\\/www\\\/zebrania-z-rodzicami-klas-pierwszych\\\/#primaryimage\"},\"image\":{\"@id\":\"https:\\\/\\\/www.zst.suwalki.pl\\\/www\\\/zebrania-z-rodzicami-klas-pierwszych\\\/#primaryimage\"},\"thumbnailUrl\":\"https:\\\/\\\/www.zst.suwalki.pl\\\/www\\\/wp-content\\\/uploads\\\/2021\\\/09\\\/kalendarz_male.jpg\",\"datePublished\":\"2021-09-09T08:14:34+00:00\",\"dateModified\":\"2021-09-11T10:44:01+00:00\",\"breadcrumb\":{\"@id\":\"https:\\\/\\\/www.zst.suwalki.pl\\\/www\\\/zebrania-z-rodzicami-klas-pierwszych\\\/#breadcrumb\"},\"inLanguage\":\"pl-PL\",\"potentialAction\":[{\"@type\":\"ReadAction\",\"target\":[\"https:\\\/\\\/www.zst.suwalki.pl\\\/www\\\/zebrania-z-rodzicami-klas-pierwszych\\\/\"]}]},{\"@type\":\"ImageObject\",\"inLanguage\":\"pl-PL\",\"@id\":\"https:\\\/\\\/www.zst.suwalki.pl\\\/www\\\/zebrania-z-rodzicami-klas-pierwszych\\\/#primaryimage\",\"url\":\"https:\\\/\\\/www.zst.suwalki.pl\\\/www\\\/wp-content\\\/uploads\\\/2021\\\/09\\\/kalendarz_male.jpg\",\"contentUrl\":\"https:\\\/\\\/www.zst.suwalki.pl\\\/www\\\/wp-content\\\/uploads\\\/2021\\\/09\\\/kalendarz_male.jpg\",\"width\":960,\"height\":643},{\"@type\":\"BreadcrumbList\",\"@id\":\"https:\\\/\\\/www.zst.suwalki.pl\\\/www\\\/zebrania-z-rodzicami-klas-pierwszych\\\/#breadcrumb\",\"itemListElement\":[{\"@type\":\"ListItem\",\"position\":1,\"name\":\"Strona g\u0142\u00f3wna\",\"item\":\"https:\\\/\\\/www.zst.suwalki.pl\\\/www\\\/\"},{\"@type\":\"ListItem\",\"position\":2,\"name\":\"Zebrania z rodzicami klas pierwszych\"}]},{\"@type\":\"WebSite\",\"@id\":\"https:\\\/\\\/www.zst.suwalki.pl\\\/www\\\/#website\",\"url\":\"https:\\\/\\\/www.zst.suwalki.pl\\\/www\\\/\",\"name\":\"Zesp\u00f3\u0142 Szk\u00f3\u0142 Technicznych w Suwa\u0142kach\",\"description\":\"technikum, suwa\u0142ki, mechatronik, informatyk, teleinformatyk, budownictwo, elektryk, mechanik, monter, fryzjer, cukiernik, grafik,\",\"publisher\":{\"@id\":\"https:\\\/\\\/www.zst.suwalki.pl\\\/www\\\/#organization\"},\"potentialAction\":[{\"@type\":\"SearchAction\",\"target\":{\"@type\":\"EntryPoint\",\"urlTemplate\":\"https:\\\/\\\/www.zst.suwalki.pl\\\/www\\\/?s={search_term_string}\"},\"query-input\":{\"@type\":\"PropertyValueSpecification\",\"valueRequired\":true,\"valueName\":\"search_term_string\"}}],\"inLanguage\":\"pl-PL\"},{\"@type\":\"Organization\",\"@id\":\"https:\\\/\\\/www.zst.suwalki.pl\\\/www\\\/#organization\",\"name\":\"Zesp\u00f3\u0142 Szk\u00f3\u0142 Technicznych w Suwa\u0142kach\",\"url\":\"https:\\\/\\\/www.zst.suwalki.pl\\\/www\\\/\",\"logo\":{\"@type\":\"ImageObject\",\"inLanguage\":\"pl-PL\",\"@id\":\"https:\\\/\\\/www.zst.suwalki.pl\\\/www\\\/#\\\/schema\\\/logo\\\/image\\\/\",\"url\":\"https:\\\/\\\/www.zst.suwalki.pl\\\/www\\\/wp-content\\\/uploads\\\/2019\\\/01\\\/cropped-banner_logo_zst.png\",\"contentUrl\":\"https:\\\/\\\/www.zst.suwalki.pl\\\/www\\\/wp-content\\\/uploads\\\/2019\\\/01\\\/cropped-banner_logo_zst.png\",\"width\":290,\"height\":70,\"caption\":\"Zesp\u00f3\u0142 Szk\u00f3\u0142 Technicznych w Suwa\u0142kach\"},\"image\":{\"@id\":\"https:\\\/\\\/www.zst.suwalki.pl\\\/www\\\/#\\\/schema\\\/logo\\\/image\\\/\"},\"sameAs\":[\"https:\\\/\\\/www.facebook.com\\\/zstwsuwalkach\"]},{\"@type\":\"Person\",\"@id\":\"https:\\\/\\\/www.zst.suwalki.pl\\\/www\\\/#\\\/schema\\\/person\\\/a693916fbc90629c6c30effca66fe605\",\"name\":\"Tomasz Deresz\",\"image\":{\"@type\":\"ImageObject\",\"inLanguage\":\"pl-PL\",\"@id\":\"https:\\\/\\\/secure.gravatar.com\\\/avatar\\\/ca6c0c988daa8a591856abfc4246eb9a06085f661c1370f2187d4efb3ccc4604?s=96&d=mm&r=g\",\"url\":\"https:\\\/\\\/secure.gravatar.com\\\/avatar\\\/ca6c0c988daa8a591856abfc4246eb9a06085f661c1370f2187d4efb3ccc4604?s=96&d=mm&r=g\",\"contentUrl\":\"https:\\\/\\\/secure.gravatar.com\\\/avatar\\\/ca6c0c988daa8a591856abfc4246eb9a06085f661c1370f2187d4efb3ccc4604?s=96&d=mm&r=g\",\"caption\":\"Tomasz Deresz\"},\"url\":\"https:\\\/\\\/www.zst.suwalki.pl\\\/www\\\/author\\\/tomy\\\/\"}]}<\/script>\n<!-- \/ Yoast SEO plugin. -->","yoast_head_json":{"title":"Zebrania z rodzicami klas pierwszych - Zesp\u00f3\u0142 Szk\u00f3\u0142 Technicznych w Suwa\u0142kach","robots":{"index":"index","follow":"follow","max-snippet":"max-snippet:-1","max-image-preview":"max-image-preview:large","max-video-preview":"max-video-preview:-1"},"canonical":"https:\/\/www.zst.suwalki.pl\/www\/zebrania-z-rodzicami-klas-pierwszych\/","og_locale":"pl_PL","og_type":"article","og_title":"Zebrania z rodzicami klas pierwszych - Zesp\u00f3\u0142 Szk\u00f3\u0142 Technicznych w Suwa\u0142kach","og_description":"Zapraszamy rodzic\u00f3w uczni\u00f3w z klas pierwszych na zebranie wg. poni\u017cszego harmonogramu:","og_url":"https:\/\/www.zst.suwalki.pl\/www\/zebrania-z-rodzicami-klas-pierwszych\/","og_site_name":"Zesp\u00f3\u0142 Szk\u00f3\u0142 Technicznych w Suwa\u0142kach","article_publisher":"https:\/\/www.facebook.com\/zstwsuwalkach","article_published_time":"2021-09-09T08:14:34+00:00","article_modified_time":"2021-09-11T10:44:01+00:00","og_image":[{"width":960,"height":643,"url":"https:\/\/www.zst.suwalki.pl\/www\/wp-content\/uploads\/2021\/09\/kalendarz_male.jpg","type":"image\/jpeg"}],"author":"Tomasz Deresz","twitter_card":"summary_large_image","twitter_misc":{"Napisane przez":"Tomasz Deresz","Szacowany czas czytania":"1 minuta"},"schema":{"@context":"https:\/\/schema.org","@graph":[{"@type":"Article","@id":"https:\/\/www.zst.suwalki.pl\/www\/zebrania-z-rodzicami-klas-pierwszych\/#article","isPartOf":{"@id":"https:\/\/www.zst.suwalki.pl\/www\/zebrania-z-rodzicami-klas-pierwszych\/"},"author":{"name":"Tomasz Deresz","@id":"https:\/\/www.zst.suwalki.pl\/www\/#\/schema\/person\/a693916fbc90629c6c30effca66fe605"},"headline":"Zebrania z rodzicami klas pierwszych","datePublished":"2021-09-09T08:14:34+00:00","dateModified":"2021-09-11T10:44:01+00:00","mainEntityOfPage":{"@id":"https:\/\/www.zst.suwalki.pl\/www\/zebrania-z-rodzicami-klas-pierwszych\/"},"wordCount":101,"publisher":{"@id":"https:\/\/www.zst.suwalki.pl\/www\/#organization"},"image":{"@id":"https:\/\/www.zst.suwalki.pl\/www\/zebrania-z-rodzicami-klas-pierwszych\/#primaryimage"},"thumbnailUrl":"https:\/\/www.zst.suwalki.pl\/www\/wp-content\/uploads\/2021\/09\/kalendarz_male.jpg","keywords":["og\u0142oszenia i komunikaty","szko\u0142a"],"articleSection":["Og\u0142oszenia i komunikaty","Szko\u0142a"],"inLanguage":"pl-PL"},{"@type":"WebPage","@id":"https:\/\/www.zst.suwalki.pl\/www\/zebrania-z-rodzicami-klas-pierwszych\/","url":"https:\/\/www.zst.suwalki.pl\/www\/zebrania-z-rodzicami-klas-pierwszych\/","name":"Zebrania z rodzicami klas pierwszych - Zesp\u00f3\u0142 Szk\u00f3\u0142 Technicznych w Suwa\u0142kach","isPartOf":{"@id":"https:\/\/www.zst.suwalki.pl\/www\/#website"},"primaryImageOfPage":{"@id":"https:\/\/www.zst.suwalki.pl\/www\/zebrania-z-rodzicami-klas-pierwszych\/#primaryimage"},"image":{"@id":"https:\/\/www.zst.suwalki.pl\/www\/zebrania-z-rodzicami-klas-pierwszych\/#primaryimage"},"thumbnailUrl":"https:\/\/www.zst.suwalki.pl\/www\/wp-content\/uploads\/2021\/09\/kalendarz_male.jpg","datePublished":"2021-09-09T08:14:34+00:00","dateModified":"2021-09-11T10:44:01+00:00","breadcrumb":{"@id":"https:\/\/www.zst.suwalki.pl\/www\/zebrania-z-rodzicami-klas-pierwszych\/#breadcrumb"},"inLanguage":"pl-PL","potentialAction":[{"@type":"ReadAction","target":["https:\/\/www.zst.suwalki.pl\/www\/zebrania-z-rodzicami-klas-pierwszych\/"]}]},{"@type":"ImageObject","inLanguage":"pl-PL","@id":"https:\/\/www.zst.suwalki.pl\/www\/zebrania-z-rodzicami-klas-pierwszych\/#primaryimage","url":"https:\/\/www.zst.suwalki.pl\/www\/wp-content\/uploads\/2021\/09\/kalendarz_male.jpg","contentUrl":"https:\/\/www.zst.suwalki.pl\/www\/wp-content\/uploads\/2021\/09\/kalendarz_male.jpg","width":960,"height":643},{"@type":"BreadcrumbList","@id":"https:\/\/www.zst.suwalki.pl\/www\/zebrania-z-rodzicami-klas-pierwszych\/#breadcrumb","itemListElement":[{"@type":"ListItem","position":1,"name":"Strona g\u0142\u00f3wna","item":"https:\/\/www.zst.suwalki.pl\/www\/"},{"@type":"ListItem","position":2,"name":"Zebrania z rodzicami klas pierwszych"}]},{"@type":"WebSite","@id":"https:\/\/www.zst.suwalki.pl\/www\/#website","url":"https:\/\/www.zst.suwalki.pl\/www\/","name":"Zesp\u00f3\u0142 Szk\u00f3\u0142 Technicznych w Suwa\u0142kach","description":"technikum, suwa\u0142ki, mechatronik, informatyk, teleinformatyk, budownictwo, elektryk, mechanik, monter, fryzjer, cukiernik, grafik,","publisher":{"@id":"https:\/\/www.zst.suwalki.pl\/www\/#organization"},"potentialAction":[{"@type":"SearchAction","target":{"@type":"EntryPoint","urlTemplate":"https:\/\/www.zst.suwalki.pl\/www\/?s={search_term_string}"},"query-input":{"@type":"PropertyValueSpecification","valueRequired":true,"valueName":"search_term_string"}}],"inLanguage":"pl-PL"},{"@type":"Organization","@id":"https:\/\/www.zst.suwalki.pl\/www\/#organization","name":"Zesp\u00f3\u0142 Szk\u00f3\u0142 Technicznych w Suwa\u0142kach","url":"https:\/\/www.zst.suwalki.pl\/www\/","logo":{"@type":"ImageObject","inLanguage":"pl-PL","@id":"https:\/\/www.zst.suwalki.pl\/www\/#\/schema\/logo\/image\/","url":"https:\/\/www.zst.suwalki.pl\/www\/wp-content\/uploads\/2019\/01\/cropped-banner_logo_zst.png","contentUrl":"https:\/\/www.zst.suwalki.pl\/www\/wp-content\/uploads\/2019\/01\/cropped-banner_logo_zst.png","width":290,"height":70,"caption":"Zesp\u00f3\u0142 Szk\u00f3\u0142 Technicznych w Suwa\u0142kach"},"image":{"@id":"https:\/\/www.zst.suwalki.pl\/www\/#\/schema\/logo\/image\/"},"sameAs":["https:\/\/www.facebook.com\/zstwsuwalkach"]},{"@type":"Person","@id":"https:\/\/www.zst.suwalki.pl\/www\/#\/schema\/person\/a693916fbc90629c6c30effca66fe605","name":"Tomasz Deresz","image":{"@type":"ImageObject","inLanguage":"pl-PL","@id":"https:\/\/secure.gravatar.com\/avatar\/ca6c0c988daa8a591856abfc4246eb9a06085f661c1370f2187d4efb3ccc4604?s=96&d=mm&r=g","url":"https:\/\/secure.gravatar.com\/avatar\/ca6c0c988daa8a591856abfc4246eb9a06085f661c1370f2187d4efb3ccc4604?s=96&d=mm&r=g","contentUrl":"https:\/\/secure.gravatar.com\/avatar\/ca6c0c988daa8a591856abfc4246eb9a06085f661c1370f2187d4efb3ccc4604?s=96&d=mm&r=g","caption":"Tomasz Deresz"},"url":"https:\/\/www.zst.suwalki.pl\/www\/author\/tomy\/"}]}},"_links":{"self":[{"href":"https:\/\/www.zst.suwalki.pl\/www\/wp-json\/wp\/v2\/posts\/6449","targetHints":{"allow":["GET"]}}],"collection":[{"href":"https:\/\/www.zst.suwalki.pl\/www\/wp-json\/wp\/v2\/posts"}],"about":[{"href":"https:\/\/www.zst.suwalki.pl\/www\/wp-json\/wp\/v2\/types\/post"}],"author":[{"embeddable":true,"href":"https:\/\/www.zst.suwalki.pl\/www\/wp-json\/wp\/v2\/users\/1"}],"replies":[{"embeddable":true,"href":"https:\/\/www.zst.suwalki.pl\/www\/wp-json\/wp\/v2\/comments?post=6449"}],"version-history":[{"count":3,"href":"https:\/\/www.zst.suwalki.pl\/www\/wp-json\/wp\/v2\/posts\/6449\/revisions"}],"predecessor-version":[{"id":6467,"href":"https:\/\/www.zst.suwalki.pl\/www\/wp-json\/wp\/v2\/posts\/6449\/revisions\/6467"}],"wp:featuredmedia":[{"embeddable":true,"href":"https:\/\/www.zst.suwalki.pl\/www\/wp-json\/wp\/v2\/media\/6455"}],"wp:attachment":[{"href":"https:\/\/www.zst.suwalki.pl\/www\/wp-json\/wp\/v2\/media?parent=6449"}],"wp:term":[{"taxonomy":"category","embeddable":true,"href":"https:\/\/www.zst.suwalki.pl\/www\/wp-json\/wp\/v2\/categories?post=6449"},{"taxonomy":"post_tag","embeddable":true,"href":"https:\/\/www.zst.suwalki.pl\/www\/wp-json\/wp\/v2\/tags?post=6449"}],"curies":[{"name":"wp","href":"https:\/\/api.w.org\/{rel}","templated":true}]}}