{"id":6986,"date":"2022-04-11T17:57:02","date_gmt":"2022-04-11T15:57:02","guid":{"rendered":"https:\/\/www.zst.suwalki.pl\/www\/?p=6986"},"modified":"2022-04-12T09:14:32","modified_gmt":"2022-04-12T07:14:32","slug":"sukces-uczniow-technikum-budowlanego","status":"publish","type":"post","link":"https:\/\/www.zst.suwalki.pl\/www\/sukces-uczniow-technikum-budowlanego\/","title":{"rendered":"Sukces uczni\u00f3w technikum budowlanego"},"content":{"rendered":"<p>W dniach 7-9 kwietnia 2022 roku w Zespole Szk\u00f3\u0142 Technicznych i Og\u00f3lnokszta\u0142c\u0105cych Kazimierza Gzowskiego w Opolu przy wsp\u00f3\u0142pracy z Politechnik\u0105 Opolsk\u0105 zosta\u0142 przeprowadzony etap centralny XXXV Olimpiady Wiedzy i Umiej\u0119tno\u015bci Budowlanych.<\/p>\n<p>Trzyosobowa reprezentacja naszej szko\u0142y przez pi\u0119\u0107 godzin odwa\u017cnie mierzy\u0142a si\u0119 z zadaniami\u00a0 o najwy\u017cszym stopniu trudno\u015bci, wykazuj\u0105c si\u0119 obszern\u0105 wiedz\u0105, tw\u00f3rczym my\u015bleniem oraz kreatywno\u015bci\u0105 i wytrwa\u0142o\u015bci\u0105.<\/p>\n<p><strong>\u00a0<\/strong><strong>Tytu\u0142 laureata<\/strong> XXXV OWiUB\u00a0 zdoby\u0142 <strong>Patryk Sok\u00f3\u0142<\/strong>, ucze\u0144 klasy III Technik budownictwa,<\/p>\n<p><strong>Tytu\u0142 finalisty<\/strong> XXXV OWiUB\u00a0 zdoby\u0142a <strong>Nikola Konikowska<\/strong>, uczennica klasy III Technik budownictwa,<\/p>\n<p><strong>Tytu\u0142 finalisty<\/strong> XXXV OWiUB\u00a0 zdoby\u0142 <strong>Klaudiusz Liszewski<\/strong>, ucze\u0144 klasy IV Technik budownictwa.<\/p>\n<p><strong>Laureat i finali\u015bci uzyskuj\u0105 indeks uczelni technicznej<\/strong> bez post\u0119powania kwalifikacyjnego <strong>oraz 100% wynik <\/strong>cz\u0119\u015bci pisemnej<strong> egzaminu zawodowego<\/strong>.<\/p>\n<p><strong>Nauczyciele <\/strong>kt\u00f3rzy przygotowywali zwyci\u0119zc\u00f3w: <strong>Anita Sawicka<\/strong>, <strong>Daniel Zielepuza<\/strong>, <strong>Bartosz \u017byli\u0144ski<\/strong>.<\/p>\n<p>W rankingu 90 szk\u00f3\u0142 technicznych z ca\u0142ej Polski bior\u0105cych udzia\u0142 w etapie centralnym, Zesp\u00f3\u0142 Szk\u00f3\u0142 Technicznych w Suwa\u0142kach uplasowa\u0142 si\u0119 w pierwszej dziesi\u0105tce, zdobywaj\u0105c pierwsze miejsce w wojew\u00f3dztwach podlaskim i warmi\u0144sko-mazurskim.<\/p>\n<p><strong>Serdeczne gratulacje!<\/strong><\/p>\n<p><img fetchpriority=\"high\" decoding=\"async\" class=\"alignnone size-large wp-image-6989\" src=\"https:\/\/www.zst.suwalki.pl\/www\/wp-content\/uploads\/2022\/04\/OLIMPIADA-3z3-1-724x1024.jpg\" alt=\"\" width=\"640\" height=\"905\" srcset=\"https:\/\/www.zst.suwalki.pl\/www\/wp-content\/uploads\/2022\/04\/OLIMPIADA-3z3-1-724x1024.jpg 724w, https:\/\/www.zst.suwalki.pl\/www\/wp-content\/uploads\/2022\/04\/OLIMPIADA-3z3-1-212x300.jpg 212w, https:\/\/www.zst.suwalki.pl\/www\/wp-content\/uploads\/2022\/04\/OLIMPIADA-3z3-1-768x1086.jpg 768w, https:\/\/www.zst.suwalki.pl\/www\/wp-content\/uploads\/2022\/04\/OLIMPIADA-3z3-1-1086x1536.jpg 1086w, https:\/\/www.zst.suwalki.pl\/www\/wp-content\/uploads\/2022\/04\/OLIMPIADA-3z3-1-1449x2048.jpg 1449w, https:\/\/www.zst.suwalki.pl\/www\/wp-content\/uploads\/2022\/04\/OLIMPIADA-3z3-1.jpg 1653w\" sizes=\"(max-width: 640px) 100vw, 640px\" \/> <img decoding=\"async\" class=\"alignnone size-large wp-image-6988\" src=\"https:\/\/www.zst.suwalki.pl\/www\/wp-content\/uploads\/2022\/04\/OLIMPIADA-2z3-1-724x1024.jpg\" alt=\"\" width=\"640\" height=\"905\" srcset=\"https:\/\/www.zst.suwalki.pl\/www\/wp-content\/uploads\/2022\/04\/OLIMPIADA-2z3-1-724x1024.jpg 724w, https:\/\/www.zst.suwalki.pl\/www\/wp-content\/uploads\/2022\/04\/OLIMPIADA-2z3-1-212x300.jpg 212w, https:\/\/www.zst.suwalki.pl\/www\/wp-content\/uploads\/2022\/04\/OLIMPIADA-2z3-1-768x1086.jpg 768w, https:\/\/www.zst.suwalki.pl\/www\/wp-content\/uploads\/2022\/04\/OLIMPIADA-2z3-1-1086x1536.jpg 1086w, https:\/\/www.zst.suwalki.pl\/www\/wp-content\/uploads\/2022\/04\/OLIMPIADA-2z3-1-1449x2048.jpg 1449w, https:\/\/www.zst.suwalki.pl\/www\/wp-content\/uploads\/2022\/04\/OLIMPIADA-2z3-1.jpg 1653w\" sizes=\"(max-width: 640px) 100vw, 640px\" \/> <img decoding=\"async\" class=\"alignnone size-large wp-image-6987\" src=\"https:\/\/www.zst.suwalki.pl\/www\/wp-content\/uploads\/2022\/04\/OLIMPIADA-1z3-1-724x1024.jpg\" alt=\"\" width=\"640\" height=\"905\" srcset=\"https:\/\/www.zst.suwalki.pl\/www\/wp-content\/uploads\/2022\/04\/OLIMPIADA-1z3-1-724x1024.jpg 724w, https:\/\/www.zst.suwalki.pl\/www\/wp-content\/uploads\/2022\/04\/OLIMPIADA-1z3-1-212x300.jpg 212w, https:\/\/www.zst.suwalki.pl\/www\/wp-content\/uploads\/2022\/04\/OLIMPIADA-1z3-1-768x1086.jpg 768w, https:\/\/www.zst.suwalki.pl\/www\/wp-content\/uploads\/2022\/04\/OLIMPIADA-1z3-1-1086x1536.jpg 1086w, https:\/\/www.zst.suwalki.pl\/www\/wp-content\/uploads\/2022\/04\/OLIMPIADA-1z3-1-1449x2048.jpg 1449w, https:\/\/www.zst.suwalki.pl\/www\/wp-content\/uploads\/2022\/04\/OLIMPIADA-1z3-1.jpg 1653w\" sizes=\"(max-width: 640px) 100vw, 640px\" \/><\/p>\n","protected":false},"excerpt":{"rendered":"<p>W dniach 7-9 kwietnia 2022 roku w Zespole Szk\u00f3\u0142 Technicznych i Og\u00f3lnokszta\u0142c\u0105cych Kazimierza Gzowskiego w Opolu przy wsp\u00f3\u0142pracy z Politechnik\u0105 Opolsk\u0105 zosta\u0142 przeprowadzony etap centralny XXXV Olimpiady Wiedzy i Umiej\u0119tno\u015bci&hellip;<\/p>\n","protected":false},"author":1,"featured_media":6991,"comment_status":"closed","ping_status":"open","sticky":false,"template":"","format":"standard","meta":{"_crdt_document":"","footnotes":""},"categories":[33,19,3,16],"tags":[34,21,6,17],"class_list":["post-6986","post","type-post","status-publish","format-standard","has-post-thumbnail","hentry","category-budownictwo","category-konkursy-i-zawody","category-szkola","category-wydarzenia","tag-budownictwo","tag-konkursy-i-zawody","tag-szkola","tag-wydarzenia"],"yoast_head":"<!-- This site is optimized with the Yoast SEO plugin v27.5 - https:\/\/yoast.com\/product\/yoast-seo-wordpress\/ -->\n<title>Sukces uczni\u00f3w technikum budowlanego - Zesp\u00f3\u0142 Szk\u00f3\u0142 Technicznych w Suwa\u0142kach<\/title>\n<meta name=\"robots\" content=\"index, follow, max-snippet:-1, max-image-preview:large, max-video-preview:-1\" \/>\n<link rel=\"canonical\" href=\"https:\/\/www.zst.suwalki.pl\/www\/sukces-uczniow-technikum-budowlanego\/\" \/>\n<meta property=\"og:locale\" content=\"pl_PL\" \/>\n<meta property=\"og:type\" content=\"article\" \/>\n<meta property=\"og:title\" content=\"Sukces uczni\u00f3w technikum budowlanego - Zesp\u00f3\u0142 Szk\u00f3\u0142 Technicznych w Suwa\u0142kach\" \/>\n<meta property=\"og:description\" content=\"W dniach 7-9 kwietnia 2022 roku w Zespole Szk\u00f3\u0142 Technicznych i Og\u00f3lnokszta\u0142c\u0105cych Kazimierza Gzowskiego w Opolu przy wsp\u00f3\u0142pracy z Politechnik\u0105 Opolsk\u0105 zosta\u0142 przeprowadzony etap centralny XXXV Olimpiady Wiedzy i Umiej\u0119tno\u015bci&hellip;\" \/>\n<meta property=\"og:url\" content=\"https:\/\/www.zst.suwalki.pl\/www\/sukces-uczniow-technikum-budowlanego\/\" \/>\n<meta property=\"og:site_name\" content=\"Zesp\u00f3\u0142 Szk\u00f3\u0142 Technicznych w Suwa\u0142kach\" \/>\n<meta property=\"article:publisher\" content=\"https:\/\/www.facebook.com\/zstwsuwalkach\" \/>\n<meta property=\"article:published_time\" content=\"2022-04-11T15:57:02+00:00\" \/>\n<meta property=\"article:modified_time\" content=\"2022-04-12T07:14:32+00:00\" \/>\n<meta property=\"og:image\" content=\"https:\/\/www.zst.suwalki.pl\/www\/wp-content\/uploads\/2022\/04\/IMG_20220409_111750.jpg\" \/>\n\t<meta property=\"og:image:width\" content=\"1560\" \/>\n\t<meta property=\"og:image:height\" content=\"2080\" \/>\n\t<meta property=\"og:image:type\" content=\"image\/jpeg\" \/>\n<meta name=\"author\" content=\"Tomasz Deresz\" \/>\n<meta name=\"twitter:card\" content=\"summary_large_image\" \/>\n<meta name=\"twitter:label1\" content=\"Napisane przez\" \/>\n\t<meta name=\"twitter:data1\" content=\"Tomasz Deresz\" \/>\n\t<meta name=\"twitter:label2\" content=\"Szacowany czas czytania\" \/>\n\t<meta name=\"twitter:data2\" content=\"1 minuta\" \/>\n<script type=\"application\/ld+json\" class=\"yoast-schema-graph\">{\"@context\":\"https:\\\/\\\/schema.org\",\"@graph\":[{\"@type\":\"Article\",\"@id\":\"https:\\\/\\\/www.zst.suwalki.pl\\\/www\\\/sukces-uczniow-technikum-budowlanego\\\/#article\",\"isPartOf\":{\"@id\":\"https:\\\/\\\/www.zst.suwalki.pl\\\/www\\\/sukces-uczniow-technikum-budowlanego\\\/\"},\"author\":{\"name\":\"Tomasz Deresz\",\"@id\":\"https:\\\/\\\/www.zst.suwalki.pl\\\/www\\\/#\\\/schema\\\/person\\\/a693916fbc90629c6c30effca66fe605\"},\"headline\":\"Sukces uczni\u00f3w technikum budowlanego\",\"datePublished\":\"2022-04-11T15:57:02+00:00\",\"dateModified\":\"2022-04-12T07:14:32+00:00\",\"mainEntityOfPage\":{\"@id\":\"https:\\\/\\\/www.zst.suwalki.pl\\\/www\\\/sukces-uczniow-technikum-budowlanego\\\/\"},\"wordCount\":187,\"publisher\":{\"@id\":\"https:\\\/\\\/www.zst.suwalki.pl\\\/www\\\/#organization\"},\"image\":{\"@id\":\"https:\\\/\\\/www.zst.suwalki.pl\\\/www\\\/sukces-uczniow-technikum-budowlanego\\\/#primaryimage\"},\"thumbnailUrl\":\"https:\\\/\\\/www.zst.suwalki.pl\\\/www\\\/wp-content\\\/uploads\\\/2022\\\/04\\\/IMG_20220409_111750.jpg\",\"keywords\":[\"budownictwo\",\"konkursy i zawody\",\"szko\u0142a\",\"wydarzenia\"],\"articleSection\":[\"Budownictwo\",\"Konkursy i zawody\",\"Szko\u0142a\",\"Wydarzenia\"],\"inLanguage\":\"pl-PL\"},{\"@type\":\"WebPage\",\"@id\":\"https:\\\/\\\/www.zst.suwalki.pl\\\/www\\\/sukces-uczniow-technikum-budowlanego\\\/\",\"url\":\"https:\\\/\\\/www.zst.suwalki.pl\\\/www\\\/sukces-uczniow-technikum-budowlanego\\\/\",\"name\":\"Sukces uczni\u00f3w technikum budowlanego - Zesp\u00f3\u0142 Szk\u00f3\u0142 Technicznych w Suwa\u0142kach\",\"isPartOf\":{\"@id\":\"https:\\\/\\\/www.zst.suwalki.pl\\\/www\\\/#website\"},\"primaryImageOfPage\":{\"@id\":\"https:\\\/\\\/www.zst.suwalki.pl\\\/www\\\/sukces-uczniow-technikum-budowlanego\\\/#primaryimage\"},\"image\":{\"@id\":\"https:\\\/\\\/www.zst.suwalki.pl\\\/www\\\/sukces-uczniow-technikum-budowlanego\\\/#primaryimage\"},\"thumbnailUrl\":\"https:\\\/\\\/www.zst.suwalki.pl\\\/www\\\/wp-content\\\/uploads\\\/2022\\\/04\\\/IMG_20220409_111750.jpg\",\"datePublished\":\"2022-04-11T15:57:02+00:00\",\"dateModified\":\"2022-04-12T07:14:32+00:00\",\"breadcrumb\":{\"@id\":\"https:\\\/\\\/www.zst.suwalki.pl\\\/www\\\/sukces-uczniow-technikum-budowlanego\\\/#breadcrumb\"},\"inLanguage\":\"pl-PL\",\"potentialAction\":[{\"@type\":\"ReadAction\",\"target\":[\"https:\\\/\\\/www.zst.suwalki.pl\\\/www\\\/sukces-uczniow-technikum-budowlanego\\\/\"]}]},{\"@type\":\"ImageObject\",\"inLanguage\":\"pl-PL\",\"@id\":\"https:\\\/\\\/www.zst.suwalki.pl\\\/www\\\/sukces-uczniow-technikum-budowlanego\\\/#primaryimage\",\"url\":\"https:\\\/\\\/www.zst.suwalki.pl\\\/www\\\/wp-content\\\/uploads\\\/2022\\\/04\\\/IMG_20220409_111750.jpg\",\"contentUrl\":\"https:\\\/\\\/www.zst.suwalki.pl\\\/www\\\/wp-content\\\/uploads\\\/2022\\\/04\\\/IMG_20220409_111750.jpg\",\"width\":1560,\"height\":2080,\"caption\":\"smart\"},{\"@type\":\"BreadcrumbList\",\"@id\":\"https:\\\/\\\/www.zst.suwalki.pl\\\/www\\\/sukces-uczniow-technikum-budowlanego\\\/#breadcrumb\",\"itemListElement\":[{\"@type\":\"ListItem\",\"position\":1,\"name\":\"Strona g\u0142\u00f3wna\",\"item\":\"https:\\\/\\\/www.zst.suwalki.pl\\\/www\\\/\"},{\"@type\":\"ListItem\",\"position\":2,\"name\":\"Sukces uczni\u00f3w technikum budowlanego\"}]},{\"@type\":\"WebSite\",\"@id\":\"https:\\\/\\\/www.zst.suwalki.pl\\\/www\\\/#website\",\"url\":\"https:\\\/\\\/www.zst.suwalki.pl\\\/www\\\/\",\"name\":\"Zesp\u00f3\u0142 Szk\u00f3\u0142 Technicznych w Suwa\u0142kach\",\"description\":\"technikum, suwa\u0142ki, mechatronik, informatyk, teleinformatyk, budownictwo, elektryk, mechanik, monter, fryzjer, cukiernik, grafik,\",\"publisher\":{\"@id\":\"https:\\\/\\\/www.zst.suwalki.pl\\\/www\\\/#organization\"},\"potentialAction\":[{\"@type\":\"SearchAction\",\"target\":{\"@type\":\"EntryPoint\",\"urlTemplate\":\"https:\\\/\\\/www.zst.suwalki.pl\\\/www\\\/?s={search_term_string}\"},\"query-input\":{\"@type\":\"PropertyValueSpecification\",\"valueRequired\":true,\"valueName\":\"search_term_string\"}}],\"inLanguage\":\"pl-PL\"},{\"@type\":\"Organization\",\"@id\":\"https:\\\/\\\/www.zst.suwalki.pl\\\/www\\\/#organization\",\"name\":\"Zesp\u00f3\u0142 Szk\u00f3\u0142 Technicznych w Suwa\u0142kach\",\"url\":\"https:\\\/\\\/www.zst.suwalki.pl\\\/www\\\/\",\"logo\":{\"@type\":\"ImageObject\",\"inLanguage\":\"pl-PL\",\"@id\":\"https:\\\/\\\/www.zst.suwalki.pl\\\/www\\\/#\\\/schema\\\/logo\\\/image\\\/\",\"url\":\"https:\\\/\\\/www.zst.suwalki.pl\\\/www\\\/wp-content\\\/uploads\\\/2019\\\/01\\\/cropped-banner_logo_zst.png\",\"contentUrl\":\"https:\\\/\\\/www.zst.suwalki.pl\\\/www\\\/wp-content\\\/uploads\\\/2019\\\/01\\\/cropped-banner_logo_zst.png\",\"width\":290,\"height\":70,\"caption\":\"Zesp\u00f3\u0142 Szk\u00f3\u0142 Technicznych w Suwa\u0142kach\"},\"image\":{\"@id\":\"https:\\\/\\\/www.zst.suwalki.pl\\\/www\\\/#\\\/schema\\\/logo\\\/image\\\/\"},\"sameAs\":[\"https:\\\/\\\/www.facebook.com\\\/zstwsuwalkach\"]},{\"@type\":\"Person\",\"@id\":\"https:\\\/\\\/www.zst.suwalki.pl\\\/www\\\/#\\\/schema\\\/person\\\/a693916fbc90629c6c30effca66fe605\",\"name\":\"Tomasz Deresz\",\"image\":{\"@type\":\"ImageObject\",\"inLanguage\":\"pl-PL\",\"@id\":\"https:\\\/\\\/secure.gravatar.com\\\/avatar\\\/ca6c0c988daa8a591856abfc4246eb9a06085f661c1370f2187d4efb3ccc4604?s=96&d=mm&r=g\",\"url\":\"https:\\\/\\\/secure.gravatar.com\\\/avatar\\\/ca6c0c988daa8a591856abfc4246eb9a06085f661c1370f2187d4efb3ccc4604?s=96&d=mm&r=g\",\"contentUrl\":\"https:\\\/\\\/secure.gravatar.com\\\/avatar\\\/ca6c0c988daa8a591856abfc4246eb9a06085f661c1370f2187d4efb3ccc4604?s=96&d=mm&r=g\",\"caption\":\"Tomasz Deresz\"},\"url\":\"https:\\\/\\\/www.zst.suwalki.pl\\\/www\\\/author\\\/tomy\\\/\"}]}<\/script>\n<!-- \/ Yoast SEO plugin. -->","yoast_head_json":{"title":"Sukces uczni\u00f3w technikum budowlanego - Zesp\u00f3\u0142 Szk\u00f3\u0142 Technicznych w Suwa\u0142kach","robots":{"index":"index","follow":"follow","max-snippet":"max-snippet:-1","max-image-preview":"max-image-preview:large","max-video-preview":"max-video-preview:-1"},"canonical":"https:\/\/www.zst.suwalki.pl\/www\/sukces-uczniow-technikum-budowlanego\/","og_locale":"pl_PL","og_type":"article","og_title":"Sukces uczni\u00f3w technikum budowlanego - Zesp\u00f3\u0142 Szk\u00f3\u0142 Technicznych w Suwa\u0142kach","og_description":"W dniach 7-9 kwietnia 2022 roku w Zespole Szk\u00f3\u0142 Technicznych i Og\u00f3lnokszta\u0142c\u0105cych Kazimierza Gzowskiego w Opolu przy wsp\u00f3\u0142pracy z Politechnik\u0105 Opolsk\u0105 zosta\u0142 przeprowadzony etap centralny XXXV Olimpiady Wiedzy i Umiej\u0119tno\u015bci&hellip;","og_url":"https:\/\/www.zst.suwalki.pl\/www\/sukces-uczniow-technikum-budowlanego\/","og_site_name":"Zesp\u00f3\u0142 Szk\u00f3\u0142 Technicznych w Suwa\u0142kach","article_publisher":"https:\/\/www.facebook.com\/zstwsuwalkach","article_published_time":"2022-04-11T15:57:02+00:00","article_modified_time":"2022-04-12T07:14:32+00:00","og_image":[{"width":1560,"height":2080,"url":"https:\/\/www.zst.suwalki.pl\/www\/wp-content\/uploads\/2022\/04\/IMG_20220409_111750.jpg","type":"image\/jpeg"}],"author":"Tomasz Deresz","twitter_card":"summary_large_image","twitter_misc":{"Napisane przez":"Tomasz Deresz","Szacowany czas czytania":"1 minuta"},"schema":{"@context":"https:\/\/schema.org","@graph":[{"@type":"Article","@id":"https:\/\/www.zst.suwalki.pl\/www\/sukces-uczniow-technikum-budowlanego\/#article","isPartOf":{"@id":"https:\/\/www.zst.suwalki.pl\/www\/sukces-uczniow-technikum-budowlanego\/"},"author":{"name":"Tomasz Deresz","@id":"https:\/\/www.zst.suwalki.pl\/www\/#\/schema\/person\/a693916fbc90629c6c30effca66fe605"},"headline":"Sukces uczni\u00f3w technikum budowlanego","datePublished":"2022-04-11T15:57:02+00:00","dateModified":"2022-04-12T07:14:32+00:00","mainEntityOfPage":{"@id":"https:\/\/www.zst.suwalki.pl\/www\/sukces-uczniow-technikum-budowlanego\/"},"wordCount":187,"publisher":{"@id":"https:\/\/www.zst.suwalki.pl\/www\/#organization"},"image":{"@id":"https:\/\/www.zst.suwalki.pl\/www\/sukces-uczniow-technikum-budowlanego\/#primaryimage"},"thumbnailUrl":"https:\/\/www.zst.suwalki.pl\/www\/wp-content\/uploads\/2022\/04\/IMG_20220409_111750.jpg","keywords":["budownictwo","konkursy i zawody","szko\u0142a","wydarzenia"],"articleSection":["Budownictwo","Konkursy i zawody","Szko\u0142a","Wydarzenia"],"inLanguage":"pl-PL"},{"@type":"WebPage","@id":"https:\/\/www.zst.suwalki.pl\/www\/sukces-uczniow-technikum-budowlanego\/","url":"https:\/\/www.zst.suwalki.pl\/www\/sukces-uczniow-technikum-budowlanego\/","name":"Sukces uczni\u00f3w technikum budowlanego - Zesp\u00f3\u0142 Szk\u00f3\u0142 Technicznych w Suwa\u0142kach","isPartOf":{"@id":"https:\/\/www.zst.suwalki.pl\/www\/#website"},"primaryImageOfPage":{"@id":"https:\/\/www.zst.suwalki.pl\/www\/sukces-uczniow-technikum-budowlanego\/#primaryimage"},"image":{"@id":"https:\/\/www.zst.suwalki.pl\/www\/sukces-uczniow-technikum-budowlanego\/#primaryimage"},"thumbnailUrl":"https:\/\/www.zst.suwalki.pl\/www\/wp-content\/uploads\/2022\/04\/IMG_20220409_111750.jpg","datePublished":"2022-04-11T15:57:02+00:00","dateModified":"2022-04-12T07:14:32+00:00","breadcrumb":{"@id":"https:\/\/www.zst.suwalki.pl\/www\/sukces-uczniow-technikum-budowlanego\/#breadcrumb"},"inLanguage":"pl-PL","potentialAction":[{"@type":"ReadAction","target":["https:\/\/www.zst.suwalki.pl\/www\/sukces-uczniow-technikum-budowlanego\/"]}]},{"@type":"ImageObject","inLanguage":"pl-PL","@id":"https:\/\/www.zst.suwalki.pl\/www\/sukces-uczniow-technikum-budowlanego\/#primaryimage","url":"https:\/\/www.zst.suwalki.pl\/www\/wp-content\/uploads\/2022\/04\/IMG_20220409_111750.jpg","contentUrl":"https:\/\/www.zst.suwalki.pl\/www\/wp-content\/uploads\/2022\/04\/IMG_20220409_111750.jpg","width":1560,"height":2080,"caption":"smart"},{"@type":"BreadcrumbList","@id":"https:\/\/www.zst.suwalki.pl\/www\/sukces-uczniow-technikum-budowlanego\/#breadcrumb","itemListElement":[{"@type":"ListItem","position":1,"name":"Strona g\u0142\u00f3wna","item":"https:\/\/www.zst.suwalki.pl\/www\/"},{"@type":"ListItem","position":2,"name":"Sukces uczni\u00f3w technikum budowlanego"}]},{"@type":"WebSite","@id":"https:\/\/www.zst.suwalki.pl\/www\/#website","url":"https:\/\/www.zst.suwalki.pl\/www\/","name":"Zesp\u00f3\u0142 Szk\u00f3\u0142 Technicznych w Suwa\u0142kach","description":"technikum, suwa\u0142ki, mechatronik, informatyk, teleinformatyk, budownictwo, elektryk, mechanik, monter, fryzjer, cukiernik, grafik,","publisher":{"@id":"https:\/\/www.zst.suwalki.pl\/www\/#organization"},"potentialAction":[{"@type":"SearchAction","target":{"@type":"EntryPoint","urlTemplate":"https:\/\/www.zst.suwalki.pl\/www\/?s={search_term_string}"},"query-input":{"@type":"PropertyValueSpecification","valueRequired":true,"valueName":"search_term_string"}}],"inLanguage":"pl-PL"},{"@type":"Organization","@id":"https:\/\/www.zst.suwalki.pl\/www\/#organization","name":"Zesp\u00f3\u0142 Szk\u00f3\u0142 Technicznych w Suwa\u0142kach","url":"https:\/\/www.zst.suwalki.pl\/www\/","logo":{"@type":"ImageObject","inLanguage":"pl-PL","@id":"https:\/\/www.zst.suwalki.pl\/www\/#\/schema\/logo\/image\/","url":"https:\/\/www.zst.suwalki.pl\/www\/wp-content\/uploads\/2019\/01\/cropped-banner_logo_zst.png","contentUrl":"https:\/\/www.zst.suwalki.pl\/www\/wp-content\/uploads\/2019\/01\/cropped-banner_logo_zst.png","width":290,"height":70,"caption":"Zesp\u00f3\u0142 Szk\u00f3\u0142 Technicznych w Suwa\u0142kach"},"image":{"@id":"https:\/\/www.zst.suwalki.pl\/www\/#\/schema\/logo\/image\/"},"sameAs":["https:\/\/www.facebook.com\/zstwsuwalkach"]},{"@type":"Person","@id":"https:\/\/www.zst.suwalki.pl\/www\/#\/schema\/person\/a693916fbc90629c6c30effca66fe605","name":"Tomasz Deresz","image":{"@type":"ImageObject","inLanguage":"pl-PL","@id":"https:\/\/secure.gravatar.com\/avatar\/ca6c0c988daa8a591856abfc4246eb9a06085f661c1370f2187d4efb3ccc4604?s=96&d=mm&r=g","url":"https:\/\/secure.gravatar.com\/avatar\/ca6c0c988daa8a591856abfc4246eb9a06085f661c1370f2187d4efb3ccc4604?s=96&d=mm&r=g","contentUrl":"https:\/\/secure.gravatar.com\/avatar\/ca6c0c988daa8a591856abfc4246eb9a06085f661c1370f2187d4efb3ccc4604?s=96&d=mm&r=g","caption":"Tomasz Deresz"},"url":"https:\/\/www.zst.suwalki.pl\/www\/author\/tomy\/"}]}},"_links":{"self":[{"href":"https:\/\/www.zst.suwalki.pl\/www\/wp-json\/wp\/v2\/posts\/6986","targetHints":{"allow":["GET"]}}],"collection":[{"href":"https:\/\/www.zst.suwalki.pl\/www\/wp-json\/wp\/v2\/posts"}],"about":[{"href":"https:\/\/www.zst.suwalki.pl\/www\/wp-json\/wp\/v2\/types\/post"}],"author":[{"embeddable":true,"href":"https:\/\/www.zst.suwalki.pl\/www\/wp-json\/wp\/v2\/users\/1"}],"replies":[{"embeddable":true,"href":"https:\/\/www.zst.suwalki.pl\/www\/wp-json\/wp\/v2\/comments?post=6986"}],"version-history":[{"count":1,"href":"https:\/\/www.zst.suwalki.pl\/www\/wp-json\/wp\/v2\/posts\/6986\/revisions"}],"predecessor-version":[{"id":6990,"href":"https:\/\/www.zst.suwalki.pl\/www\/wp-json\/wp\/v2\/posts\/6986\/revisions\/6990"}],"wp:featuredmedia":[{"embeddable":true,"href":"https:\/\/www.zst.suwalki.pl\/www\/wp-json\/wp\/v2\/media\/6991"}],"wp:attachment":[{"href":"https:\/\/www.zst.suwalki.pl\/www\/wp-json\/wp\/v2\/media?parent=6986"}],"wp:term":[{"taxonomy":"category","embeddable":true,"href":"https:\/\/www.zst.suwalki.pl\/www\/wp-json\/wp\/v2\/categories?post=6986"},{"taxonomy":"post_tag","embeddable":true,"href":"https:\/\/www.zst.suwalki.pl\/www\/wp-json\/wp\/v2\/tags?post=6986"}],"curies":[{"name":"wp","href":"https:\/\/api.w.org\/{rel}","templated":true}]}}