{"id":7234,"date":"2022-08-30T08:42:46","date_gmt":"2022-08-30T06:42:46","guid":{"rendered":"https:\/\/www.zst.suwalki.pl\/www\/?p=7234"},"modified":"2022-08-31T14:33:36","modified_gmt":"2022-08-31T12:33:36","slug":"rozpoczecie-roku-szkolnego-2022-2023","status":"publish","type":"post","link":"https:\/\/www.zst.suwalki.pl\/www\/rozpoczecie-roku-szkolnego-2022-2023\/","title":{"rendered":"Rozpocz\u0119cie roku szkolnego 2022\/2023"},"content":{"rendered":"<p>Rozpocz\u0119cie roku szkolnego 2022\/2023:<\/p>\n<p><!--more--><\/p>\n<table border=\"1\" width=\"1209\">\n<tbody>\n<tr>\n<td style=\"text-align: center;\" width=\"97\"><b>Lp.<\/b><\/td>\n<td style=\"text-align: center;\" width=\"387\"><b>Klasy<\/b><\/td>\n<td style=\"text-align: center;\" width=\"244\"><b>Godzina<\/b><\/td>\n<td style=\"text-align: center;\" width=\"481\"><b>Miejsce<\/b><\/td>\n<\/tr>\n<tr>\n<td style=\"text-align: center;\" width=\"97\">1.<\/td>\n<td style=\"text-align: center;\" width=\"387\">Klasy pierwsze<\/td>\n<td style=\"text-align: center;\" width=\"244\">10:30<\/td>\n<td style=\"text-align: center;\" width=\"481\">Boisko szkolne<\/p>\n<p>(w przypadku deszczu<br \/>\nsala gimnastyczna)<\/td>\n<\/tr>\n<tr>\n<td style=\"text-align: center;\" width=\"97\">2.<\/td>\n<td style=\"text-align: center;\" width=\"387\">Klasy drugie, trzecie i czwarte<\/td>\n<td style=\"text-align: center;\" width=\"244\">9:00<\/td>\n<td style=\"text-align: center;\" width=\"481\">Brak apelu \u2013 spotkania<br \/>\nz wychowawcami klas<\/td>\n<\/tr>\n<\/tbody>\n<\/table>\n<p><strong><span class=\"tojvnm2t a6sixzi8 abs2jz4q a8s20v7p t1p8iaqh k5wvi7nf q3lfd5jv pk4s997a bipmatt0 cebpdrjk qowsmv63 owwhemhu dp1hu0rb dhp61c6y iyyx5f41\">\u00a0<\/span><\/strong><\/p>\n<p>Spotkanie w salach z wychowawcami:<\/p>\n<table style=\"width: 100%; height: 975px;\" border=\"1\" width=\"876\">\n<tbody>\n<tr style=\"height: 25px;\">\n<td style=\"text-align: center; height: 25px;\" width=\"71\"><b>Lp.<\/b><\/td>\n<td style=\"text-align: center; height: 25px;\" width=\"343\"><b>Nazwisko<\/b><\/td>\n<td style=\"text-align: center; height: 25px;\" width=\"231\"><b>Klasa<\/b><\/td>\n<td style=\"text-align: center; height: 25px;\" width=\"231\"><b>Nr sali<\/b><\/td>\n<\/tr>\n<tr style=\"height: 25px;\">\n<td style=\"text-align: center; height: 25px;\" width=\"71\"><b>1<\/b><\/td>\n<td style=\"text-align: center; height: 25px;\" width=\"343\">K\u0142oczko Paulina<\/td>\n<td style=\"text-align: center; height: 25px;\" width=\"231\">1 TBA<\/td>\n<td style=\"text-align: center; height: 25px;\" width=\"231\">203<\/td>\n<\/tr>\n<tr style=\"height: 25px;\">\n<td style=\"text-align: center; height: 25px;\" width=\"71\"><b>2<\/b><\/td>\n<td style=\"text-align: center; height: 25px;\" width=\"343\">Ja\u015bkiewicz Magdalena<\/td>\n<td style=\"text-align: center; height: 25px;\" width=\"231\">1 TMR<\/td>\n<td style=\"text-align: center; height: 25px;\" width=\"231\">105<\/td>\n<\/tr>\n<tr style=\"height: 25px;\">\n<td style=\"text-align: center; height: 25px;\" width=\"71\"><b>3<\/b><\/td>\n<td style=\"text-align: center; height: 25px;\" width=\"343\">Kosmowska Jolanta<\/td>\n<td style=\"text-align: center; height: 25px;\" width=\"231\">1 TA + 1 TM<\/td>\n<td style=\"text-align: center; height: 25px;\" width=\"231\">108<\/td>\n<\/tr>\n<tr style=\"height: 25px;\">\n<td style=\"text-align: center; height: 25px;\" width=\"71\"><b>4<\/b><\/td>\n<td style=\"text-align: center; height: 25px;\" width=\"343\">Spudzis Marta<\/td>\n<td style=\"text-align: center; height: 25px;\" width=\"231\">1\u00a0 TGA<\/td>\n<td style=\"text-align: center; height: 25px;\" width=\"231\">B312<\/td>\n<\/tr>\n<tr style=\"height: 25px;\">\n<td style=\"text-align: center; height: 25px;\" width=\"71\"><b>5<\/b><\/td>\n<td style=\"text-align: center; height: 25px;\" width=\"343\">Stojanowska &#8211; Ho\u015bci\u0142owicz Aneta<\/td>\n<td style=\"text-align: center; height: 25px;\" width=\"231\">1 TI<\/td>\n<td style=\"text-align: center; height: 25px;\" width=\"231\">106<\/td>\n<\/tr>\n<tr>\n<td style=\"text-align: center;\"><b>6<br \/>\n<\/b><\/td>\n<td style=\"text-align: center;\">Lisowska Anna<\/td>\n<td style=\"text-align: center;\">1 TBB + 1 TGB<\/td>\n<td style=\"text-align: center;\">B101<\/td>\n<\/tr>\n<tr style=\"height: 25px;\">\n<td style=\"text-align: center; height: 25px;\" width=\"71\"><b>7<\/b><\/td>\n<td style=\"text-align: center; height: 25px;\" width=\"343\">\u017byli\u0144ski Bartosz<\/td>\n<td style=\"text-align: center; height: 25px;\" width=\"231\">2 TB<\/td>\n<td style=\"text-align: center; height: 25px;\" width=\"231\">15<\/td>\n<\/tr>\n<tr style=\"height: 25px;\">\n<td style=\"text-align: center; height: 25px;\" width=\"71\"><b>8<\/b><\/td>\n<td style=\"text-align: center; height: 25px;\" width=\"343\">Ku\u015b-Tomkiewicz Kamila<\/td>\n<td style=\"text-align: center; height: 25px;\" width=\"231\">2 TMR<\/td>\n<td style=\"text-align: center; height: 25px;\" width=\"231\">B104<\/td>\n<\/tr>\n<tr style=\"height: 25px;\">\n<td style=\"text-align: center; height: 25px;\" width=\"71\"><b>9<\/b><\/td>\n<td style=\"text-align: center; height: 25px;\" width=\"343\">Raczkowski Pawe\u0142<\/td>\n<td style=\"text-align: center; height: 25px;\" width=\"231\">2 TA + 2 TM<\/td>\n<td style=\"text-align: center; height: 25px;\" width=\"231\">201<\/td>\n<\/tr>\n<tr style=\"height: 25px;\">\n<td style=\"text-align: center; height: 25px;\" width=\"71\"><b>10<\/b><\/td>\n<td style=\"text-align: center; height: 25px;\" width=\"343\">Chmielewska Marzena<\/td>\n<td style=\"text-align: center; height: 25px;\" width=\"231\">2 TI<\/td>\n<td style=\"text-align: center; height: 25px;\" width=\"231\">202<\/td>\n<\/tr>\n<tr>\n<td style=\"text-align: center;\"><b>11<br \/>\n<\/b><\/td>\n<td style=\"text-align: center;\">Bogucka Anna<\/td>\n<td style=\"text-align: center;\">2 TG<\/td>\n<td style=\"text-align: center;\">B107<\/td>\n<\/tr>\n<tr style=\"height: 25px;\">\n<td style=\"text-align: center; height: 25px;\" width=\"71\"><b>12<\/b><\/td>\n<td style=\"text-align: center; height: 25px;\" width=\"343\">Dudanowicz Andrzej<\/td>\n<td style=\"text-align: center; height: 25px;\" width=\"231\">3 TB<\/td>\n<td style=\"text-align: center; height: 25px;\" width=\"231\">B103<\/td>\n<\/tr>\n<tr style=\"height: 25px;\">\n<td style=\"text-align: center; height: 25px;\" width=\"71\"><b>13<\/b><\/td>\n<td style=\"text-align: center; height: 25px;\" width=\"343\">Dani\u0142owicz-Wasilewska Dorota<\/td>\n<td style=\"text-align: center; height: 25px;\" width=\"231\">3 TMR<\/td>\n<td style=\"text-align: center; height: 25px;\" width=\"231\">102<\/td>\n<\/tr>\n<tr style=\"height: 25px;\">\n<td style=\"text-align: center; height: 25px;\" width=\"71\"><b>14<\/b><\/td>\n<td style=\"text-align: center; height: 25px;\" width=\"343\">Lubbe Lidia<\/td>\n<td style=\"text-align: center; height: 25px;\" width=\"231\">3 TA + 3 TM<\/td>\n<td style=\"text-align: center; height: 25px;\" width=\"231\">B102<\/td>\n<\/tr>\n<tr style=\"height: 25px;\">\n<td style=\"text-align: center; height: 25px;\" width=\"71\"><b>15<\/b><\/td>\n<td style=\"text-align: center; height: 25px;\" width=\"343\">Z\u0142otorzy\u0144ski Micha\u0142<\/td>\n<td style=\"text-align: center; height: 25px;\" width=\"231\">3 TG + 3 TI<\/td>\n<td style=\"text-align: center; height: 25px;\" width=\"231\">103<\/td>\n<\/tr>\n<tr style=\"height: 25px;\">\n<td style=\"text-align: center; height: 25px;\" width=\"71\"><b>16<\/b><\/td>\n<td style=\"text-align: center; height: 25px;\" width=\"343\">Zielepuza Daniel<\/td>\n<td style=\"text-align: center; height: 25px;\" width=\"231\">4 TBp<\/td>\n<td style=\"text-align: center; height: 25px;\" width=\"231\">13<\/td>\n<\/tr>\n<tr style=\"height: 25px;\">\n<td style=\"text-align: center; height: 25px;\" width=\"71\"><b>17<\/b><\/td>\n<td style=\"text-align: center; height: 25px;\" width=\"343\">\u015ali\u017cewski Wojciech<\/td>\n<td style=\"text-align: center; height: 25px;\" width=\"231\">4 TMRp<\/td>\n<td style=\"text-align: center; height: 25px;\" width=\"231\">Aula BDM<\/td>\n<\/tr>\n<tr style=\"height: 25px;\">\n<td style=\"text-align: center; height: 25px;\" width=\"71\"><b>18<\/b><\/td>\n<td style=\"text-align: center; height: 25px;\" width=\"343\">Kuczy\u0144ska Aneta<\/td>\n<td style=\"text-align: center; height: 25px;\" width=\"231\">4 TAUp<\/td>\n<td style=\"text-align: center; height: 25px;\" width=\"231\">B312<\/td>\n<\/tr>\n<tr style=\"height: 25px;\">\n<td style=\"text-align: center; height: 25px;\" width=\"71\"><b>19<\/b><\/td>\n<td style=\"text-align: center; height: 25px;\" width=\"343\">Piktel Bohdan<\/td>\n<td style=\"text-align: center; height: 25px;\" width=\"231\">4 TGp + 4 Tip<\/td>\n<td style=\"text-align: center; height: 25px;\" width=\"231\">B109<\/td>\n<\/tr>\n<tr style=\"height: 25px;\">\n<td style=\"text-align: center; height: 25px;\" width=\"71\"><b>20<\/b><\/td>\n<td style=\"text-align: center; height: 25px;\" width=\"343\">Kowalewska Ma\u0142gorzata<\/td>\n<td style=\"text-align: center; height: 25px;\" width=\"231\">4 TELp + 4 TMp<\/td>\n<td style=\"text-align: center; height: 25px;\" width=\"231\">012<\/td>\n<\/tr>\n<tr style=\"height: 25px;\">\n<td style=\"text-align: center; height: 25px;\" width=\"71\"><b>21<\/b><\/td>\n<td style=\"text-align: center; height: 25px;\" width=\"343\">Siwko Magdalena<\/td>\n<td style=\"text-align: center; height: 25px;\" width=\"231\">4 TB<\/td>\n<td style=\"text-align: center; height: 25px;\" width=\"231\">104<\/td>\n<\/tr>\n<tr style=\"height: 25px;\">\n<td style=\"text-align: center; height: 25px;\" width=\"71\"><b>22<\/b><\/td>\n<td style=\"text-align: center; height: 25px;\" width=\"343\">Baranowski Marcin<\/td>\n<td style=\"text-align: center; height: 25px;\" width=\"231\">4 TMR<\/td>\n<td style=\"text-align: center; height: 25px;\" width=\"231\">105<\/td>\n<\/tr>\n<tr style=\"height: 25px;\">\n<td style=\"text-align: center; height: 25px;\" width=\"71\"><b>23<\/b><\/td>\n<td style=\"text-align: center; height: 25px;\" width=\"343\">W\u0119cek Bogumi\u0142<\/td>\n<td style=\"text-align: center; height: 25px;\" width=\"231\">4 TAU<\/td>\n<td style=\"text-align: center; height: 25px;\" width=\"231\">B212<\/td>\n<\/tr>\n<tr style=\"height: 25px;\">\n<td style=\"text-align: center; height: 25px;\" width=\"71\"><b>24<\/b><\/td>\n<td style=\"text-align: center; height: 25px;\" width=\"343\">Kowalewska Sylwia<\/td>\n<td style=\"text-align: center; height: 25px;\" width=\"231\">4 TG + 4 TI<\/td>\n<td style=\"text-align: center; height: 25px;\" width=\"231\">013<\/td>\n<\/tr>\n<tr style=\"height: 25px;\">\n<td style=\"text-align: center; height: 25px;\" width=\"71\"><b>25<\/b><\/td>\n<td style=\"text-align: center; height: 25px;\" width=\"343\">M\u00f3rawska Magda<\/td>\n<td style=\"text-align: center; height: 25px;\" width=\"231\">4 TEL + 4 TM<\/td>\n<td style=\"text-align: center; height: 25px;\" width=\"231\">B103<\/td>\n<\/tr>\n<tr>\n<td style=\"text-align: center;\"><b>26<br \/>\n<\/b><\/td>\n<td style=\"text-align: center;\">Walendzewicz Tomasz<\/td>\n<td style=\"text-align: center;\">1 EL<\/td>\n<td style=\"text-align: center;\">B204<\/td>\n<\/tr>\n<tr>\n<td style=\"text-align: center;\"><b>27<br \/>\n<\/b><\/td>\n<td style=\"text-align: center;\">Stefanowska-Jachimowicz Gra\u017cyna<\/td>\n<td style=\"text-align: center;\">1 MZ<\/td>\n<td style=\"text-align: center;\">B212<\/td>\n<\/tr>\n<tr>\n<td style=\"text-align: center;\"><b>28<br \/>\n<\/b><\/td>\n<td style=\"text-align: center;\">Or\u0142owski Wies\u0142aw<\/td>\n<td style=\"text-align: center;\">1 MM<\/td>\n<td style=\"text-align: center;\">05<\/td>\n<\/tr>\n<tr>\n<td style=\"text-align: center;\"><b>29<br \/>\n<\/b><\/td>\n<td style=\"text-align: center;\">Filipczuk Maciej<\/td>\n<td style=\"text-align: center;\">1 WzA<\/td>\n<td style=\"text-align: center;\">11<\/td>\n<\/tr>\n<tr>\n<td style=\"text-align: center;\"><b>30<br \/>\n<\/b><\/td>\n<td style=\"text-align: center;\">G\u0142o\u015bny Gerard<\/td>\n<td style=\"text-align: center;\">1 WzB<\/td>\n<td style=\"text-align: center;\">B210<\/td>\n<\/tr>\n<tr style=\"height: 25px;\">\n<td style=\"text-align: center; height: 25px;\" width=\"71\"><b>31<\/b><\/td>\n<td style=\"text-align: center; height: 25px;\" width=\"343\">Pogorzelska Justyna<\/td>\n<td style=\"text-align: center; height: 25px;\" width=\"231\">2 MZ + 2 wzA<\/td>\n<td style=\"text-align: center; height: 25px;\" width=\"231\">101<\/td>\n<\/tr>\n<tr style=\"height: 25px;\">\n<td style=\"text-align: center; height: 25px;\" width=\"71\"><b>32<\/b><\/td>\n<td style=\"text-align: center; height: 25px;\" width=\"343\">Chmielewska Urszula<\/td>\n<td style=\"text-align: center; height: 25px;\" width=\"231\">2 MM + 2 wzB<\/td>\n<td style=\"text-align: center; height: 25px;\" width=\"231\">08<\/td>\n<\/tr>\n<tr style=\"height: 25px;\">\n<td style=\"text-align: center; height: 25px;\" width=\"71\"><b>33<\/b><\/td>\n<td style=\"text-align: center; height: 25px;\" width=\"343\">Rusanowski Szymon<\/td>\n<td style=\"text-align: center; height: 25px;\" width=\"231\">2 EL+ 2 wzC<\/td>\n<td style=\"text-align: center; height: 25px;\" width=\"231\">05<\/td>\n<\/tr>\n<tr style=\"height: 25px;\">\n<td style=\"text-align: center; height: 25px;\" width=\"71\"><b>34<\/b><\/td>\n<td style=\"text-align: center; height: 25px;\" width=\"343\">Mr\u00f3wczy\u0144ska Jolanta<\/td>\n<td style=\"text-align: center; height: 25px;\" width=\"231\">3 MZ + 3 wzA<\/td>\n<td style=\"text-align: center; height: 25px;\" width=\"231\">11<\/td>\n<\/tr>\n<tr style=\"height: 25px;\">\n<td style=\"text-align: center; height: 25px;\" width=\"71\"><b>35<\/b><\/td>\n<td style=\"text-align: center; height: 25px;\" width=\"343\">Radaszkiewicz Edyta<\/td>\n<td style=\"text-align: center; height: 25px;\" width=\"231\">3 MM + 3 wzB<\/td>\n<td style=\"text-align: center; height: 25px;\" width=\"231\">B112<\/td>\n<\/tr>\n<tr style=\"height: 25px;\">\n<td style=\"text-align: center; height: 25px;\" width=\"71\"><b>36<\/b><\/td>\n<td style=\"text-align: center; height: 25px;\" width=\"343\">Rogalska-Balita Beata<\/td>\n<td style=\"text-align: center; height: 25px;\" width=\"231\">3 EL+ 3 wzC<\/td>\n<td style=\"text-align: center; height: 25px;\" width=\"231\">B211<\/td>\n<\/tr>\n<\/tbody>\n<\/table>\n<p>&nbsp;<\/p>\n<p>&nbsp;<\/p>\n","protected":false},"excerpt":{"rendered":"<p>Rozpocz\u0119cie roku szkolnego 2022\/2023:<\/p>\n","protected":false},"author":1,"featured_media":6446,"comment_status":"closed","ping_status":"open","sticky":false,"template":"","format":"standard","meta":{"_crdt_document":"","footnotes":""},"categories":[38,3],"tags":[39,6],"class_list":["post-7234","post","type-post","status-publish","format-standard","has-post-thumbnail","hentry","category-ogloszenia-i-komunikaty","category-szkola","tag-ogloszenia-i-komunikaty","tag-szkola"],"yoast_head":"<!-- This site is optimized with the Yoast SEO plugin v27.5 - https:\/\/yoast.com\/product\/yoast-seo-wordpress\/ -->\n<title>Rozpocz\u0119cie roku szkolnego 2022\/2023 - Zesp\u00f3\u0142 Szk\u00f3\u0142 Technicznych w Suwa\u0142kach<\/title>\n<meta name=\"robots\" content=\"index, follow, max-snippet:-1, max-image-preview:large, max-video-preview:-1\" \/>\n<link rel=\"canonical\" href=\"https:\/\/www.zst.suwalki.pl\/www\/rozpoczecie-roku-szkolnego-2022-2023\/\" \/>\n<meta property=\"og:locale\" content=\"pl_PL\" \/>\n<meta property=\"og:type\" content=\"article\" \/>\n<meta property=\"og:title\" content=\"Rozpocz\u0119cie roku szkolnego 2022\/2023 - Zesp\u00f3\u0142 Szk\u00f3\u0142 Technicznych w Suwa\u0142kach\" \/>\n<meta property=\"og:description\" content=\"Rozpocz\u0119cie roku szkolnego 2022\/2023:\" \/>\n<meta property=\"og:url\" content=\"https:\/\/www.zst.suwalki.pl\/www\/rozpoczecie-roku-szkolnego-2022-2023\/\" \/>\n<meta property=\"og:site_name\" content=\"Zesp\u00f3\u0142 Szk\u00f3\u0142 Technicznych w Suwa\u0142kach\" \/>\n<meta property=\"article:publisher\" content=\"https:\/\/www.facebook.com\/zstwsuwalkach\" \/>\n<meta property=\"article:published_time\" content=\"2022-08-30T06:42:46+00:00\" \/>\n<meta property=\"article:modified_time\" content=\"2022-08-31T12:33:36+00:00\" \/>\n<meta property=\"og:image\" content=\"https:\/\/www.zst.suwalki.pl\/www\/wp-content\/uploads\/2021\/09\/Witaj-szkolo.jpg\" \/>\n\t<meta property=\"og:image:width\" content=\"1230\" \/>\n\t<meta property=\"og:image:height\" content=\"300\" \/>\n\t<meta property=\"og:image:type\" content=\"image\/jpeg\" \/>\n<meta name=\"author\" content=\"Tomasz Deresz\" \/>\n<meta name=\"twitter:card\" content=\"summary_large_image\" \/>\n<meta name=\"twitter:label1\" content=\"Napisane przez\" \/>\n\t<meta name=\"twitter:data1\" content=\"Tomasz Deresz\" \/>\n\t<meta name=\"twitter:label2\" content=\"Szacowany czas czytania\" \/>\n\t<meta name=\"twitter:data2\" content=\"1 minuta\" \/>\n<script type=\"application\/ld+json\" class=\"yoast-schema-graph\">{\"@context\":\"https:\\\/\\\/schema.org\",\"@graph\":[{\"@type\":\"Article\",\"@id\":\"https:\\\/\\\/www.zst.suwalki.pl\\\/www\\\/rozpoczecie-roku-szkolnego-2022-2023\\\/#article\",\"isPartOf\":{\"@id\":\"https:\\\/\\\/www.zst.suwalki.pl\\\/www\\\/rozpoczecie-roku-szkolnego-2022-2023\\\/\"},\"author\":{\"name\":\"Tomasz Deresz\",\"@id\":\"https:\\\/\\\/www.zst.suwalki.pl\\\/www\\\/#\\\/schema\\\/person\\\/a693916fbc90629c6c30effca66fe605\"},\"headline\":\"Rozpocz\u0119cie roku szkolnego 2022\\\/2023\",\"datePublished\":\"2022-08-30T06:42:46+00:00\",\"dateModified\":\"2022-08-31T12:33:36+00:00\",\"mainEntityOfPage\":{\"@id\":\"https:\\\/\\\/www.zst.suwalki.pl\\\/www\\\/rozpoczecie-roku-szkolnego-2022-2023\\\/\"},\"wordCount\":207,\"publisher\":{\"@id\":\"https:\\\/\\\/www.zst.suwalki.pl\\\/www\\\/#organization\"},\"image\":{\"@id\":\"https:\\\/\\\/www.zst.suwalki.pl\\\/www\\\/rozpoczecie-roku-szkolnego-2022-2023\\\/#primaryimage\"},\"thumbnailUrl\":\"https:\\\/\\\/www.zst.suwalki.pl\\\/www\\\/wp-content\\\/uploads\\\/2021\\\/09\\\/Witaj-szkolo.jpg\",\"keywords\":[\"og\u0142oszenia i komunikaty\",\"szko\u0142a\"],\"articleSection\":[\"Og\u0142oszenia i komunikaty\",\"Szko\u0142a\"],\"inLanguage\":\"pl-PL\"},{\"@type\":\"WebPage\",\"@id\":\"https:\\\/\\\/www.zst.suwalki.pl\\\/www\\\/rozpoczecie-roku-szkolnego-2022-2023\\\/\",\"url\":\"https:\\\/\\\/www.zst.suwalki.pl\\\/www\\\/rozpoczecie-roku-szkolnego-2022-2023\\\/\",\"name\":\"Rozpocz\u0119cie roku szkolnego 2022\\\/2023 - Zesp\u00f3\u0142 Szk\u00f3\u0142 Technicznych w Suwa\u0142kach\",\"isPartOf\":{\"@id\":\"https:\\\/\\\/www.zst.suwalki.pl\\\/www\\\/#website\"},\"primaryImageOfPage\":{\"@id\":\"https:\\\/\\\/www.zst.suwalki.pl\\\/www\\\/rozpoczecie-roku-szkolnego-2022-2023\\\/#primaryimage\"},\"image\":{\"@id\":\"https:\\\/\\\/www.zst.suwalki.pl\\\/www\\\/rozpoczecie-roku-szkolnego-2022-2023\\\/#primaryimage\"},\"thumbnailUrl\":\"https:\\\/\\\/www.zst.suwalki.pl\\\/www\\\/wp-content\\\/uploads\\\/2021\\\/09\\\/Witaj-szkolo.jpg\",\"datePublished\":\"2022-08-30T06:42:46+00:00\",\"dateModified\":\"2022-08-31T12:33:36+00:00\",\"breadcrumb\":{\"@id\":\"https:\\\/\\\/www.zst.suwalki.pl\\\/www\\\/rozpoczecie-roku-szkolnego-2022-2023\\\/#breadcrumb\"},\"inLanguage\":\"pl-PL\",\"potentialAction\":[{\"@type\":\"ReadAction\",\"target\":[\"https:\\\/\\\/www.zst.suwalki.pl\\\/www\\\/rozpoczecie-roku-szkolnego-2022-2023\\\/\"]}]},{\"@type\":\"ImageObject\",\"inLanguage\":\"pl-PL\",\"@id\":\"https:\\\/\\\/www.zst.suwalki.pl\\\/www\\\/rozpoczecie-roku-szkolnego-2022-2023\\\/#primaryimage\",\"url\":\"https:\\\/\\\/www.zst.suwalki.pl\\\/www\\\/wp-content\\\/uploads\\\/2021\\\/09\\\/Witaj-szkolo.jpg\",\"contentUrl\":\"https:\\\/\\\/www.zst.suwalki.pl\\\/www\\\/wp-content\\\/uploads\\\/2021\\\/09\\\/Witaj-szkolo.jpg\",\"width\":1230,\"height\":300},{\"@type\":\"BreadcrumbList\",\"@id\":\"https:\\\/\\\/www.zst.suwalki.pl\\\/www\\\/rozpoczecie-roku-szkolnego-2022-2023\\\/#breadcrumb\",\"itemListElement\":[{\"@type\":\"ListItem\",\"position\":1,\"name\":\"Strona g\u0142\u00f3wna\",\"item\":\"https:\\\/\\\/www.zst.suwalki.pl\\\/www\\\/\"},{\"@type\":\"ListItem\",\"position\":2,\"name\":\"Rozpocz\u0119cie roku szkolnego 2022\\\/2023\"}]},{\"@type\":\"WebSite\",\"@id\":\"https:\\\/\\\/www.zst.suwalki.pl\\\/www\\\/#website\",\"url\":\"https:\\\/\\\/www.zst.suwalki.pl\\\/www\\\/\",\"name\":\"Zesp\u00f3\u0142 Szk\u00f3\u0142 Technicznych w Suwa\u0142kach\",\"description\":\"technikum, suwa\u0142ki, mechatronik, informatyk, teleinformatyk, budownictwo, elektryk, mechanik, monter, fryzjer, cukiernik, grafik,\",\"publisher\":{\"@id\":\"https:\\\/\\\/www.zst.suwalki.pl\\\/www\\\/#organization\"},\"potentialAction\":[{\"@type\":\"SearchAction\",\"target\":{\"@type\":\"EntryPoint\",\"urlTemplate\":\"https:\\\/\\\/www.zst.suwalki.pl\\\/www\\\/?s={search_term_string}\"},\"query-input\":{\"@type\":\"PropertyValueSpecification\",\"valueRequired\":true,\"valueName\":\"search_term_string\"}}],\"inLanguage\":\"pl-PL\"},{\"@type\":\"Organization\",\"@id\":\"https:\\\/\\\/www.zst.suwalki.pl\\\/www\\\/#organization\",\"name\":\"Zesp\u00f3\u0142 Szk\u00f3\u0142 Technicznych w Suwa\u0142kach\",\"url\":\"https:\\\/\\\/www.zst.suwalki.pl\\\/www\\\/\",\"logo\":{\"@type\":\"ImageObject\",\"inLanguage\":\"pl-PL\",\"@id\":\"https:\\\/\\\/www.zst.suwalki.pl\\\/www\\\/#\\\/schema\\\/logo\\\/image\\\/\",\"url\":\"https:\\\/\\\/www.zst.suwalki.pl\\\/www\\\/wp-content\\\/uploads\\\/2019\\\/01\\\/cropped-banner_logo_zst.png\",\"contentUrl\":\"https:\\\/\\\/www.zst.suwalki.pl\\\/www\\\/wp-content\\\/uploads\\\/2019\\\/01\\\/cropped-banner_logo_zst.png\",\"width\":290,\"height\":70,\"caption\":\"Zesp\u00f3\u0142 Szk\u00f3\u0142 Technicznych w Suwa\u0142kach\"},\"image\":{\"@id\":\"https:\\\/\\\/www.zst.suwalki.pl\\\/www\\\/#\\\/schema\\\/logo\\\/image\\\/\"},\"sameAs\":[\"https:\\\/\\\/www.facebook.com\\\/zstwsuwalkach\"]},{\"@type\":\"Person\",\"@id\":\"https:\\\/\\\/www.zst.suwalki.pl\\\/www\\\/#\\\/schema\\\/person\\\/a693916fbc90629c6c30effca66fe605\",\"name\":\"Tomasz Deresz\",\"image\":{\"@type\":\"ImageObject\",\"inLanguage\":\"pl-PL\",\"@id\":\"https:\\\/\\\/secure.gravatar.com\\\/avatar\\\/ca6c0c988daa8a591856abfc4246eb9a06085f661c1370f2187d4efb3ccc4604?s=96&d=mm&r=g\",\"url\":\"https:\\\/\\\/secure.gravatar.com\\\/avatar\\\/ca6c0c988daa8a591856abfc4246eb9a06085f661c1370f2187d4efb3ccc4604?s=96&d=mm&r=g\",\"contentUrl\":\"https:\\\/\\\/secure.gravatar.com\\\/avatar\\\/ca6c0c988daa8a591856abfc4246eb9a06085f661c1370f2187d4efb3ccc4604?s=96&d=mm&r=g\",\"caption\":\"Tomasz Deresz\"},\"url\":\"https:\\\/\\\/www.zst.suwalki.pl\\\/www\\\/author\\\/tomy\\\/\"}]}<\/script>\n<!-- \/ Yoast SEO plugin. -->","yoast_head_json":{"title":"Rozpocz\u0119cie roku szkolnego 2022\/2023 - Zesp\u00f3\u0142 Szk\u00f3\u0142 Technicznych w Suwa\u0142kach","robots":{"index":"index","follow":"follow","max-snippet":"max-snippet:-1","max-image-preview":"max-image-preview:large","max-video-preview":"max-video-preview:-1"},"canonical":"https:\/\/www.zst.suwalki.pl\/www\/rozpoczecie-roku-szkolnego-2022-2023\/","og_locale":"pl_PL","og_type":"article","og_title":"Rozpocz\u0119cie roku szkolnego 2022\/2023 - Zesp\u00f3\u0142 Szk\u00f3\u0142 Technicznych w Suwa\u0142kach","og_description":"Rozpocz\u0119cie roku szkolnego 2022\/2023:","og_url":"https:\/\/www.zst.suwalki.pl\/www\/rozpoczecie-roku-szkolnego-2022-2023\/","og_site_name":"Zesp\u00f3\u0142 Szk\u00f3\u0142 Technicznych w Suwa\u0142kach","article_publisher":"https:\/\/www.facebook.com\/zstwsuwalkach","article_published_time":"2022-08-30T06:42:46+00:00","article_modified_time":"2022-08-31T12:33:36+00:00","og_image":[{"width":1230,"height":300,"url":"https:\/\/www.zst.suwalki.pl\/www\/wp-content\/uploads\/2021\/09\/Witaj-szkolo.jpg","type":"image\/jpeg"}],"author":"Tomasz Deresz","twitter_card":"summary_large_image","twitter_misc":{"Napisane przez":"Tomasz Deresz","Szacowany czas czytania":"1 minuta"},"schema":{"@context":"https:\/\/schema.org","@graph":[{"@type":"Article","@id":"https:\/\/www.zst.suwalki.pl\/www\/rozpoczecie-roku-szkolnego-2022-2023\/#article","isPartOf":{"@id":"https:\/\/www.zst.suwalki.pl\/www\/rozpoczecie-roku-szkolnego-2022-2023\/"},"author":{"name":"Tomasz Deresz","@id":"https:\/\/www.zst.suwalki.pl\/www\/#\/schema\/person\/a693916fbc90629c6c30effca66fe605"},"headline":"Rozpocz\u0119cie roku szkolnego 2022\/2023","datePublished":"2022-08-30T06:42:46+00:00","dateModified":"2022-08-31T12:33:36+00:00","mainEntityOfPage":{"@id":"https:\/\/www.zst.suwalki.pl\/www\/rozpoczecie-roku-szkolnego-2022-2023\/"},"wordCount":207,"publisher":{"@id":"https:\/\/www.zst.suwalki.pl\/www\/#organization"},"image":{"@id":"https:\/\/www.zst.suwalki.pl\/www\/rozpoczecie-roku-szkolnego-2022-2023\/#primaryimage"},"thumbnailUrl":"https:\/\/www.zst.suwalki.pl\/www\/wp-content\/uploads\/2021\/09\/Witaj-szkolo.jpg","keywords":["og\u0142oszenia i komunikaty","szko\u0142a"],"articleSection":["Og\u0142oszenia i komunikaty","Szko\u0142a"],"inLanguage":"pl-PL"},{"@type":"WebPage","@id":"https:\/\/www.zst.suwalki.pl\/www\/rozpoczecie-roku-szkolnego-2022-2023\/","url":"https:\/\/www.zst.suwalki.pl\/www\/rozpoczecie-roku-szkolnego-2022-2023\/","name":"Rozpocz\u0119cie roku szkolnego 2022\/2023 - Zesp\u00f3\u0142 Szk\u00f3\u0142 Technicznych w Suwa\u0142kach","isPartOf":{"@id":"https:\/\/www.zst.suwalki.pl\/www\/#website"},"primaryImageOfPage":{"@id":"https:\/\/www.zst.suwalki.pl\/www\/rozpoczecie-roku-szkolnego-2022-2023\/#primaryimage"},"image":{"@id":"https:\/\/www.zst.suwalki.pl\/www\/rozpoczecie-roku-szkolnego-2022-2023\/#primaryimage"},"thumbnailUrl":"https:\/\/www.zst.suwalki.pl\/www\/wp-content\/uploads\/2021\/09\/Witaj-szkolo.jpg","datePublished":"2022-08-30T06:42:46+00:00","dateModified":"2022-08-31T12:33:36+00:00","breadcrumb":{"@id":"https:\/\/www.zst.suwalki.pl\/www\/rozpoczecie-roku-szkolnego-2022-2023\/#breadcrumb"},"inLanguage":"pl-PL","potentialAction":[{"@type":"ReadAction","target":["https:\/\/www.zst.suwalki.pl\/www\/rozpoczecie-roku-szkolnego-2022-2023\/"]}]},{"@type":"ImageObject","inLanguage":"pl-PL","@id":"https:\/\/www.zst.suwalki.pl\/www\/rozpoczecie-roku-szkolnego-2022-2023\/#primaryimage","url":"https:\/\/www.zst.suwalki.pl\/www\/wp-content\/uploads\/2021\/09\/Witaj-szkolo.jpg","contentUrl":"https:\/\/www.zst.suwalki.pl\/www\/wp-content\/uploads\/2021\/09\/Witaj-szkolo.jpg","width":1230,"height":300},{"@type":"BreadcrumbList","@id":"https:\/\/www.zst.suwalki.pl\/www\/rozpoczecie-roku-szkolnego-2022-2023\/#breadcrumb","itemListElement":[{"@type":"ListItem","position":1,"name":"Strona g\u0142\u00f3wna","item":"https:\/\/www.zst.suwalki.pl\/www\/"},{"@type":"ListItem","position":2,"name":"Rozpocz\u0119cie roku szkolnego 2022\/2023"}]},{"@type":"WebSite","@id":"https:\/\/www.zst.suwalki.pl\/www\/#website","url":"https:\/\/www.zst.suwalki.pl\/www\/","name":"Zesp\u00f3\u0142 Szk\u00f3\u0142 Technicznych w Suwa\u0142kach","description":"technikum, suwa\u0142ki, mechatronik, informatyk, teleinformatyk, budownictwo, elektryk, mechanik, monter, fryzjer, cukiernik, grafik,","publisher":{"@id":"https:\/\/www.zst.suwalki.pl\/www\/#organization"},"potentialAction":[{"@type":"SearchAction","target":{"@type":"EntryPoint","urlTemplate":"https:\/\/www.zst.suwalki.pl\/www\/?s={search_term_string}"},"query-input":{"@type":"PropertyValueSpecification","valueRequired":true,"valueName":"search_term_string"}}],"inLanguage":"pl-PL"},{"@type":"Organization","@id":"https:\/\/www.zst.suwalki.pl\/www\/#organization","name":"Zesp\u00f3\u0142 Szk\u00f3\u0142 Technicznych w Suwa\u0142kach","url":"https:\/\/www.zst.suwalki.pl\/www\/","logo":{"@type":"ImageObject","inLanguage":"pl-PL","@id":"https:\/\/www.zst.suwalki.pl\/www\/#\/schema\/logo\/image\/","url":"https:\/\/www.zst.suwalki.pl\/www\/wp-content\/uploads\/2019\/01\/cropped-banner_logo_zst.png","contentUrl":"https:\/\/www.zst.suwalki.pl\/www\/wp-content\/uploads\/2019\/01\/cropped-banner_logo_zst.png","width":290,"height":70,"caption":"Zesp\u00f3\u0142 Szk\u00f3\u0142 Technicznych w Suwa\u0142kach"},"image":{"@id":"https:\/\/www.zst.suwalki.pl\/www\/#\/schema\/logo\/image\/"},"sameAs":["https:\/\/www.facebook.com\/zstwsuwalkach"]},{"@type":"Person","@id":"https:\/\/www.zst.suwalki.pl\/www\/#\/schema\/person\/a693916fbc90629c6c30effca66fe605","name":"Tomasz Deresz","image":{"@type":"ImageObject","inLanguage":"pl-PL","@id":"https:\/\/secure.gravatar.com\/avatar\/ca6c0c988daa8a591856abfc4246eb9a06085f661c1370f2187d4efb3ccc4604?s=96&d=mm&r=g","url":"https:\/\/secure.gravatar.com\/avatar\/ca6c0c988daa8a591856abfc4246eb9a06085f661c1370f2187d4efb3ccc4604?s=96&d=mm&r=g","contentUrl":"https:\/\/secure.gravatar.com\/avatar\/ca6c0c988daa8a591856abfc4246eb9a06085f661c1370f2187d4efb3ccc4604?s=96&d=mm&r=g","caption":"Tomasz Deresz"},"url":"https:\/\/www.zst.suwalki.pl\/www\/author\/tomy\/"}]}},"_links":{"self":[{"href":"https:\/\/www.zst.suwalki.pl\/www\/wp-json\/wp\/v2\/posts\/7234","targetHints":{"allow":["GET"]}}],"collection":[{"href":"https:\/\/www.zst.suwalki.pl\/www\/wp-json\/wp\/v2\/posts"}],"about":[{"href":"https:\/\/www.zst.suwalki.pl\/www\/wp-json\/wp\/v2\/types\/post"}],"author":[{"embeddable":true,"href":"https:\/\/www.zst.suwalki.pl\/www\/wp-json\/wp\/v2\/users\/1"}],"replies":[{"embeddable":true,"href":"https:\/\/www.zst.suwalki.pl\/www\/wp-json\/wp\/v2\/comments?post=7234"}],"version-history":[{"count":4,"href":"https:\/\/www.zst.suwalki.pl\/www\/wp-json\/wp\/v2\/posts\/7234\/revisions"}],"predecessor-version":[{"id":7238,"href":"https:\/\/www.zst.suwalki.pl\/www\/wp-json\/wp\/v2\/posts\/7234\/revisions\/7238"}],"wp:featuredmedia":[{"embeddable":true,"href":"https:\/\/www.zst.suwalki.pl\/www\/wp-json\/wp\/v2\/media\/6446"}],"wp:attachment":[{"href":"https:\/\/www.zst.suwalki.pl\/www\/wp-json\/wp\/v2\/media?parent=7234"}],"wp:term":[{"taxonomy":"category","embeddable":true,"href":"https:\/\/www.zst.suwalki.pl\/www\/wp-json\/wp\/v2\/categories?post=7234"},{"taxonomy":"post_tag","embeddable":true,"href":"https:\/\/www.zst.suwalki.pl\/www\/wp-json\/wp\/v2\/tags?post=7234"}],"curies":[{"name":"wp","href":"https:\/\/api.w.org\/{rel}","templated":true}]}}